{
  "@context": "http://hub.culturegraph.org/entityfacts/context/v1/entityfacts.jsonld",
  "@id": "https://d-nb.info/gnd/11975228X",
  "describedBy": {
    "valid": "2026-04-27T13:07:30Z",
    "license": "https://creativecommons.org/publicdomain/zero/1.0/",
    "@id": "https://hub.culturegraph.org/entityfacts/11975228X"
  },
  "preferredName": "Abraham Manne",
  "surname": "Manne",
  "forename": "Abraham",
  "periodOfActivity": "1577\u20131596",
  "@type": "person",
  "variantName": [
    "Abraham Manna"
  ],
  "dateOfDeath": "September 22, 1602",
  "placeOfBirth": [
    {
      "@id": "https://d-nb.info/gnd/4514479-5",
      "preferredName": "Evangelische Pfarrkirche (Schnait, Weinstadt)"
    }
  ],
  "placeOfDeath": [
    {
      "@id": "https://d-nb.info/gnd/4034738-2",
      "preferredName": "Lauingen (Donau)"
    }
  ],
  "placeOfActivity": [
    {
      "@id": "https://d-nb.info/gnd/4061147-4",
      "preferredName": "Tu\u0308bingen"
    },
    {
      "@id": "https://d-nb.info/gnd/4088300-0",
      "preferredName": "Bietigheim (Ludwigsburg)"
    },
    {
      "@id": "https://d-nb.info/gnd/4383051-1",
      "preferredName": "Sachsenheim-Gro\u00dfsachsenheim"
    }
  ],
  "associatedCountry": [
    {
      "@id": "https://d-nb.info/standards/vocab/gnd/geographic-area-code#XA-DE",
      "preferredName": "Deutschland"
    }
  ],
  "professionOrOccupation": [
    {
      "@id": "https://d-nb.info/gnd/4132592-8",
      "preferredName": "Pfarrer"
    }
  ],
  "biographicalOrHistoricalInformation": "Verf. im VD-16; evang. Pfarrer",
  "relatedPerson": [
    {
      "relationship": "VD-16 Mitverf.",
      "preferredName": "Matthias von Mo\u0308r\u00dflingen Beurer"
    },
    {
      "relationship": "Schwandorf; VD-16 Mitverf.",
      "preferredName": "Johannes O\u0308rtel"
    },
    {
      "@id": "https://d-nb.info/gnd/11899669X",
      "relationship": "Fu\u0308rsprecher",
      "preferredName": "Jacob Andrea\u0308"
    }
  ],
  "sameAs": [
    {
      "@id": "https://d-nb.info/gnd/11975228X/about",
      "collection": {
        "abbr": "DNB",
        "name": "Gemeinsame Normdatei (GND) im Katalog der Deutschen Nationalbibliothek",
        "publisher": "Deutsche Nationalbibliothek",
        "icon": "https://www.dnb.de/SiteGlobals/Frontend/DNBWeb/Images/favicon.png?__blob=normal&v=4"
      }
    },
    {
      "@id": "https://kalliope-verbund.info/gnd/11975228X",
      "collection": {
        "abbr": "DE-611",
        "name": "Kalliope Verbundkatalog",
        "publisher": "Staatsbibliothek zu Berlin - Preu\u00dfischer Kulturbesitz",
        "icon": "https://kalliope-verbund.info/img/favicon.ico"
      }
    },
    {
      "@id": "https://raa.gf-franken.de/de/suche-nach-stammbucheintraegen.html?permaLink=1581_stang;9",
      "collection": {
        "abbr": "RAAE",
        "name": "Repertorium Alborum Amicorum (RAA) - Stammbucheintr\u00e4ge",
        "publisher": "Department Germanistik und Komparatistik der Friedrich-Alexander-Universit\u00e4t Erlangen-N\u00fcrnberg in Zusammenarbeit mit der Gesellschaft f\u00fcr Familienforschung in Franken",
        "icon": "https://www.gf-franken.de/favicon.ico"
      }
    },
    {
      "@id": "http://viaf.org/viaf/35272967",
      "collection": {
        "abbr": "VIAF",
        "name": "Virtual International Authority File (VIAF)",
        "publisher": "OCLC",
        "icon": "https://viaf.org/viaf/images/viaf.ico"
      }
    }
  ]
}