{
  "@context": "http://hub.culturegraph.org/entityfacts/context/v1/entityfacts.jsonld",
  "@id": "https://d-nb.info/gnd/119748932",
  "describedBy": {
    "valid": "2026-04-28T13:03:10Z",
    "license": "https://creativecommons.org/publicdomain/zero/1.0/",
    "@id": "https://hub.culturegraph.org/entityfacts/119748932"
  },
  "preferredName": "Kaspar Lutz",
  "surname": "Lutz",
  "forename": "Kaspar",
  "@type": "person",
  "variantName": [
    "Kaspar Lucius",
    "Casparus Lutzius",
    "Caspar Lucius",
    "Caspar Lutz",
    "Kaspar Lucius"
  ],
  "dateOfBirth": "XX.XX.1555",
  "dateOfDeath": "April 16, 1609",
  "placeOfBirth": [
    {
      "@id": "https://d-nb.info/gnd/4058282-6",
      "preferredName": "Stuttgart"
    }
  ],
  "placeOfDeath": [
    {
      "preferredName": "Alpirsbach"
    }
  ],
  "associatedCountry": [
    {
      "@id": "https://d-nb.info/standards/vocab/gnd/geographic-area-code#XA-DE",
      "preferredName": "Deutschland"
    },
    {
      "@id": "https://d-nb.info/standards/vocab/gnd/geographic-area-code#XA-FR",
      "preferredName": "Frankreich"
    }
  ],
  "professionOrOccupation": [
    {
      "@id": "https://d-nb.info/gnd/4184110-4",
      "preferredName": "Superintendent"
    },
    {
      "preferredName": "Hofprediger in Mo\u0308mpelgard"
    },
    {
      "preferredName": "Superintendent in Mo\u0308mpelgard"
    },
    {
      "preferredName": "Pfarrer in Waiblingen"
    },
    {
      "preferredName": "Abt von Alpirsbach"
    }
  ],
  "biographicalOrHistoricalInformation": "Dt. ev. Theologe; Student in Tu\u0308bingen; 1576 Pastor in Lustnau, 1580-82 in Mercklingen, 1583 Hofprediger und Superintendent in Mo\u0308mpelgard, 1594 Superintendent in Sulz und ab 1596 in Waiblingen; ab 1608 Abt und Rat in Alpirsbach",
  "relatedPerson": [
    {
      "relationship": "VD-16 Mitverf.",
      "preferredName": "Jakob Andreae, der A\u0308ltere"
    },
    {
      "@id": "https://d-nb.info/gnd/119606631",
      "relationship": "VD-16 Mitverf.",
      "preferredName": "Jakob Andreas, der A\u0308ltere"
    },
    {
      "relationship": "VD-16 Mitverf.",
      "preferredName": "Johannes Brenz, der A\u0308ltere"
    },
    {
      "relationship": "VD-16 Mitverf.",
      "preferredName": "Eusebius Cleber"
    },
    {
      "relationship": "VD-16 Mitverf.",
      "preferredName": "Jakob Heerbrand"
    },
    {
      "relationship": "VD-16 Mitverf.",
      "preferredName": "Kaspar Huberinus"
    },
    {
      "@id": "https://d-nb.info/gnd/118575449",
      "relationship": "VD-16 Mitverf.",
      "preferredName": "Martin Luther"
    },
    {
      "@id": "https://d-nb.info/gnd/100268536",
      "relationship": "VD-16 Mitverf.",
      "preferredName": "Dietrich Schnepff"
    },
    {
      "relationship": "VD-16 Mitverf.",
      "preferredName": "August, Kurfu\u0308rst von Sachsen"
    },
    {
      "@id": "https://d-nb.info/gnd/119748940",
      "relationship": "VD-16 Mitverf.",
      "preferredName": "Ludwig Lutz"
    }
  ],
  "sameAs": [
    {
      "@id": "https://d-nb.info/gnd/119748932/about",
      "collection": {
        "abbr": "DNB",
        "name": "Gemeinsame Normdatei (GND) im Katalog der Deutschen Nationalbibliothek",
        "publisher": "Deutsche Nationalbibliothek",
        "icon": "https://www.dnb.de/SiteGlobals/Frontend/DNBWeb/Images/favicon.png?__blob=normal&v=4"
      }
    },
    {
      "@id": "https://kalliope-verbund.info/gnd/119748932",
      "collection": {
        "abbr": "DE-611",
        "name": "Kalliope Verbundkatalog",
        "publisher": "Staatsbibliothek zu Berlin - Preu\u00dfischer Kulturbesitz",
        "icon": "https://kalliope-verbund.info/img/favicon.ico"
      }
    },
    {
      "@id": "https://raa.gf-franken.de/de/suche-nach-stammbuechern.html?permaLink=1593_lutz",
      "collection": {
        "abbr": "RAAS",
        "name": "Repertorium Alborum Amicorum (RAA) - Stammb\u00fccher",
        "publisher": "Department Germanistik und Komparatistik der Friedrich-Alexander-Universit\u00e4t Erlangen-N\u00fcrnberg in Zusammenarbeit mit der Gesellschaft f\u00fcr Familienforschung in Franken",
        "icon": "https://www.gf-franken.de/favicon.ico"
      }
    },
    {
      "@id": "https://www.deutsche-digitale-bibliothek.de/person/gnd/119748932",
      "collection": {
        "abbr": "DDB",
        "name": "Deutsche Digitale Bibliothek",
        "publisher": "Deutsche Digitale Bibliothek",
        "icon": "https://www.deutsche-digitale-bibliothek.de/favicon.ico"
      }
    },
    {
      "@id": "http://viaf.org/viaf/62364950",
      "collection": {
        "abbr": "VIAF",
        "name": "Virtual International Authority File (VIAF)",
        "publisher": "OCLC",
        "icon": "https://viaf.org/viaf/images/viaf.ico"
      }
    },
    {
      "@id": "http://www.wikidata.org/entity/Q113774789",
      "collection": {
        "abbr": "WIKIDATA",
        "name": "Wikidata",
        "publisher": "Wikimedia Foundation Inc.",
        "icon": "https://www.wikidata.org/static/favicon/wikidata.ico"
      }
    }
  ]
}