{
  "@context": "http://hub.culturegraph.org/entityfacts/context/v1/entityfacts.jsonld",
  "@id": "https://d-nb.info/gnd/119742640",
  "describedBy": {
    "valid": "2026-04-28T07:22:55Z",
    "license": "https://creativecommons.org/publicdomain/zero/1.0/",
    "@id": "https://hub.culturegraph.org/entityfacts/119742640"
  },
  "preferredName": "Johannes Lescher",
  "surname": "Lescher",
  "forename": "Johannes",
  "periodOfActivity": "1577\u20131594",
  "@type": "person",
  "variantName": [
    "Johannes Lescherus"
  ],
  "biographicalOrHistoricalInformation": "Verf.; Beitr. im VD-16",
  "relatedPerson": [
    {
      "@id": "https://d-nb.info/gnd/124579523",
      "relationship": "VD-16 Mitverf.",
      "preferredName": "Andrea Fachinei"
    },
    {
      "@id": "https://d-nb.info/gnd/119676362",
      "relationship": "VD-16 Mitverf.",
      "preferredName": "Augustin Frey"
    },
    {
      "@id": "https://d-nb.info/gnd/119837706",
      "relationship": "VD-16 Mitverf.",
      "preferredName": "Johannes Sto\u0308cker"
    },
    {
      "@id": "https://d-nb.info/gnd/119696053",
      "relationship": "VD-16 Mitverf.",
      "preferredName": "Christian Hablizel"
    },
    {
      "@id": "https://d-nb.info/gnd/10407616X",
      "relationship": "VD-16 Mitverf.",
      "preferredName": "Petrus Bacherius"
    },
    {
      "@id": "https://d-nb.info/gnd/119727218",
      "relationship": "VD-16 Mitverf.",
      "preferredName": "Markus Keller"
    },
    {
      "@id": "https://d-nb.info/gnd/119864169",
      "relationship": "VD-16 Mitverf.",
      "preferredName": "Bernhard Wandel"
    },
    {
      "@id": "https://d-nb.info/gnd/119704129",
      "relationship": "VD-16 Mitverf.",
      "preferredName": "Caspar Hell"
    },
    {
      "@id": "https://d-nb.info/gnd/119695332",
      "relationship": "VD-16 Mitverf.",
      "preferredName": "Andreas Gutleben"
    },
    {
      "@id": "https://d-nb.info/gnd/119777207",
      "relationship": "VD-16 Mitverf.",
      "preferredName": "Leonhard Ohnsorg"
    }
  ],
  "sameAs": [
    {
      "@id": "https://d-nb.info/gnd/119742640/about",
      "collection": {
        "abbr": "DNB",
        "name": "Gemeinsame Normdatei (GND) im Katalog der Deutschen Nationalbibliothek",
        "publisher": "Deutsche Nationalbibliothek",
        "icon": "https://www.dnb.de/SiteGlobals/Frontend/DNBWeb/Images/favicon.png?__blob=normal&v=4"
      }
    },
    {
      "@id": "https://raa.gf-franken.de/de/suche-nach-stammbuechern.html?permaLink=1593_lescher",
      "collection": {
        "abbr": "RAAS",
        "name": "Repertorium Alborum Amicorum (RAA) - Stammb\u00fccher",
        "publisher": "Department Germanistik und Komparatistik der Friedrich-Alexander-Universit\u00e4t Erlangen-N\u00fcrnberg in Zusammenarbeit mit der Gesellschaft f\u00fcr Familienforschung in Franken",
        "icon": "https://www.gf-franken.de/favicon.ico"
      }
    },
    {
      "@id": "http://viaf.org/viaf/27887532",
      "collection": {
        "abbr": "VIAF",
        "name": "Virtual International Authority File (VIAF)",
        "publisher": "OCLC",
        "icon": "https://viaf.org/viaf/images/viaf.ico"
      }
    }
  ]
}