{
  "@context": "http://hub.culturegraph.org/entityfacts/context/v1/entityfacts.jsonld",
  "@id": "https://d-nb.info/gnd/119721252",
  "describedBy": {
    "valid": "2026-04-27T13:12:20Z",
    "license": "https://creativecommons.org/publicdomain/zero/1.0/",
    "@id": "https://hub.culturegraph.org/entityfacts/119721252"
  },
  "preferredName": "Jakob Jenisch",
  "surname": "Jenisch",
  "forename": "Jakob",
  "@type": "person",
  "academicDegree": [
    "Dr."
  ],
  "variantName": [
    "Jacob Jenisch",
    "Jacobus Jenisch",
    "Iacobus Ienisch"
  ],
  "dateOfBirth": "November 21, 1574",
  "dateOfDeath": "January 17, 1648",
  "placeOfBirth": [
    {
      "@id": "https://d-nb.info/gnd/4003614-5",
      "preferredName": "Augsburg"
    }
  ],
  "placeOfDeath": [
    {
      "@id": "https://d-nb.info/gnd/4038586-3",
      "preferredName": "Memmingen"
    }
  ],
  "placeOfActivity": [
    {
      "@id": "https://d-nb.info/gnd/4061147-4",
      "preferredName": "Tu\u0308bingen"
    },
    {
      "@id": "https://d-nb.info/gnd/4037446-4",
      "preferredName": "Marburg"
    },
    {
      "@id": "https://d-nb.info/gnd/4004617-5",
      "preferredName": "Basel"
    },
    {
      "@id": "https://d-nb.info/gnd/4038586-3",
      "preferredName": "Memmingen"
    }
  ],
  "associatedCountry": [
    {
      "@id": "https://d-nb.info/standards/vocab/gnd/geographic-area-code#XA-DE",
      "preferredName": "Deutschland"
    }
  ],
  "professionOrOccupation": [
    {
      "@id": "https://d-nb.info/gnd/4029050-5",
      "preferredName": "Jurist"
    },
    {
      "@id": "https://d-nb.info/gnd/4048755-6",
      "preferredName": "Rechtsanwalt"
    }
  ],
  "gender": {
    "@id": "https://d-nb.info/standards/vocab/gnd/gender#male",
    "label": "Mann"
  },
  "biographicalOrHistoricalInformation": "Dt. Jurist; Studium in Tu\u0308bingen, Marburg und Basel; Advokat und Konsulent in Memmingen",
  "relatedPerson": [
    {
      "@id": "https://d-nb.info/gnd/119800675",
      "relationship": "VD-16 Mitverf.",
      "preferredName": "Johannes Baptist Reimann"
    },
    {
      "@id": "https://d-nb.info/gnd/119775360",
      "relationship": "VD-16 Mitverf.",
      "preferredName": "Johannes Nordermann"
    },
    {
      "relationship": "VD-16 Mitverf.",
      "preferredName": "Johannes Goedaeus"
    },
    {
      "@id": "https://d-nb.info/gnd/119811669",
      "relationship": "VD-16 Mitverf.",
      "preferredName": "Heinrich Ruger"
    },
    {
      "@id": "https://d-nb.info/gnd/119618583",
      "relationship": "VD-16 Mitverf.",
      "preferredName": "Heinrich Berlach"
    },
    {
      "@id": "https://d-nb.info/gnd/119630796",
      "relationship": "VD-16 Mitverf.",
      "preferredName": "Christian Bro\u0308sken"
    },
    {
      "@id": "https://d-nb.info/gnd/119657694",
      "relationship": "VD-16 Mitverf.",
      "preferredName": "Theodor von Du\u0308ring"
    },
    {
      "@id": "https://d-nb.info/gnd/119779056",
      "relationship": "VD-16 Mitverf.",
      "preferredName": "Johannes Martin Oswald"
    },
    {
      "@id": "https://d-nb.info/gnd/119660970",
      "relationship": "VD-16 Mitverf.",
      "preferredName": "Heinrich Egling"
    },
    {
      "@id": "https://d-nb.info/gnd/120068052",
      "relationship": "VD-16 Mitverf.",
      "preferredName": "Ernst Fomann"
    }
  ],
  "sameAs": [
    {
      "@id": "https://d-nb.info/gnd/119721252/about",
      "collection": {
        "abbr": "DNB",
        "name": "Gemeinsame Normdatei (GND) im Katalog der Deutschen Nationalbibliothek",
        "publisher": "Deutsche Nationalbibliothek",
        "icon": "https://www.dnb.de/SiteGlobals/Frontend/DNBWeb/Images/favicon.png?__blob=normal&v=4"
      }
    },
    {
      "@id": "https://raa.gf-franken.de/de/suche-nach-stammbucheintraegen.html?permaLink=1587_lucanus;137",
      "collection": {
        "abbr": "RAAE",
        "name": "Repertorium Alborum Amicorum (RAA) - Stammbucheintr\u00e4ge",
        "publisher": "Department Germanistik und Komparatistik der Friedrich-Alexander-Universit\u00e4t Erlangen-N\u00fcrnberg in Zusammenarbeit mit der Gesellschaft f\u00fcr Familienforschung in Franken",
        "icon": "https://www.gf-franken.de/favicon.ico"
      }
    },
    {
      "@id": "https://www.archivportal-d.de/person/gnd/119721252",
      "collection": {
        "abbr": "ARCHIV-D",
        "name": "Archivportal-D",
        "publisher": "Deutsche Digitale Bibliothek",
        "icon": "https://www.archivportal-d.de/favicon.ico"
      }
    },
    {
      "@id": "https://www.deutsche-digitale-bibliothek.de/person/gnd/119721252",
      "collection": {
        "abbr": "DDB",
        "name": "Deutsche Digitale Bibliothek",
        "publisher": "Deutsche Digitale Bibliothek",
        "icon": "https://www.deutsche-digitale-bibliothek.de/favicon.ico"
      }
    },
    {
      "@id": "https://www.portraitindex.de/dokumente/pnd/119721252",
      "collection": {
        "abbr": "Portraitindex",
        "name": "Digitaler Portraitindex der druckgraphischen Bildnisse der Fru\u0308hen Neuzeit",
        "publisher": "Deutsches Dokumentationszentrum fu\u0308r Kunstgeschichte - Bildarchiv Foto Marburg",
        "icon": "https://www.portraitindex.de/favicon.ico"
      }
    },
    {
      "@id": "http://viaf.org/viaf/62364187",
      "collection": {
        "abbr": "VIAF",
        "name": "Virtual International Authority File (VIAF)",
        "publisher": "OCLC",
        "icon": "https://viaf.org/viaf/images/viaf.ico"
      }
    },
    {
      "@id": "http://www.wikidata.org/entity/Q137317116",
      "collection": {
        "abbr": "WIKIDATA",
        "name": "Wikidata",
        "publisher": "Wikimedia Foundation Inc.",
        "icon": "https://www.wikidata.org/static/favicon/wikidata.ico"
      }
    }
  ]
}