{
  "@context": "http://hub.culturegraph.org/entityfacts/context/v1/entityfacts.jsonld",
  "@id": "https://d-nb.info/gnd/119708639",
  "describedBy": {
    "valid": "2026-04-27T16:48:24Z",
    "license": "https://creativecommons.org/publicdomain/zero/1.0/",
    "@id": "https://hub.culturegraph.org/entityfacts/119708639"
  },
  "preferredName": "Paul Heugel",
  "surname": "Heugel",
  "forename": "Paul",
  "periodOfActivity": "1596",
  "@type": "person",
  "variantName": [
    "Paulus Heugelius"
  ],
  "placeOfActivity": [
    {
      "@id": "https://d-nb.info/gnd/4076310-9",
      "preferredName": "Prag"
    }
  ],
  "associatedCountry": [
    {
      "@id": "https://d-nb.info/standards/vocab/gnd/geographic-area-code#XA-CZ",
      "preferredName": "Tschechische Republik"
    }
  ],
  "gender": {
    "@id": "https://d-nb.info/standards/vocab/gnd/gender#male",
    "label": "Mann"
  },
  "biographicalOrHistoricalInformation": "Beitr. im VD-16",
  "relatedPerson": [
    {
      "@id": "https://d-nb.info/gnd/117238333",
      "relationship": "VD-16 Mitverf.",
      "preferredName": "Ludwig Jungermann"
    },
    {
      "@id": "https://d-nb.info/gnd/121728684",
      "relationship": "VD-16 Mitverf.",
      "preferredName": "Veit Klett"
    },
    {
      "@id": "https://d-nb.info/gnd/120078708",
      "relationship": "VD-16 Mitverf.",
      "preferredName": "Jeremias Cornarius"
    },
    {
      "@id": "https://d-nb.info/gnd/119838796",
      "relationship": "VD-16 Mitverf.",
      "preferredName": "Valentin Steinmetz"
    },
    {
      "@id": "https://d-nb.info/gnd/104347821",
      "relationship": "VD-16 Mitverf.",
      "preferredName": "Jakob Schmuck"
    },
    {
      "@id": "https://d-nb.info/gnd/124578365",
      "relationship": "VD-16 Mitverf.",
      "preferredName": "Wolfgang Seber"
    },
    {
      "@id": "https://d-nb.info/gnd/11986116X",
      "relationship": "VD-16 Mitverf.",
      "preferredName": "Adam Volckmar"
    },
    {
      "relationship": "Schleusingen; VD-16 Mitverf.",
      "preferredName": "Johannes Griebleben"
    },
    {
      "@id": "https://d-nb.info/gnd/119627566",
      "relationship": "VD-16 Mitverf.",
      "preferredName": "Ludwig Boxberger"
    },
    {
      "@id": "https://d-nb.info/gnd/119836246",
      "relationship": "VD-16 Mitverf.",
      "preferredName": "Erhard Spudaeus"
    }
  ],
  "sameAs": [
    {
      "@id": "https://d-nb.info/gnd/119708639/about",
      "collection": {
        "abbr": "DNB",
        "name": "Gemeinsame Normdatei (GND) im Katalog der Deutschen Nationalbibliothek",
        "publisher": "Deutsche Nationalbibliothek",
        "icon": "https://www.dnb.de/SiteGlobals/Frontend/DNBWeb/Images/favicon.png?__blob=normal&v=4"
      }
    },
    {
      "@id": "https://kalliope-verbund.info/gnd/119708639",
      "collection": {
        "abbr": "DE-611",
        "name": "Kalliope Verbundkatalog",
        "publisher": "Staatsbibliothek zu Berlin - Preu\u00dfischer Kulturbesitz",
        "icon": "https://kalliope-verbund.info/img/favicon.ico"
      }
    },
    {
      "@id": "https://raa.gf-franken.de/de/suche-nach-stammbuechern.html?permaLink=1595_heugel",
      "collection": {
        "abbr": "RAAS",
        "name": "Repertorium Alborum Amicorum (RAA) - Stammb\u00fccher",
        "publisher": "Department Germanistik und Komparatistik der Friedrich-Alexander-Universit\u00e4t Erlangen-N\u00fcrnberg in Zusammenarbeit mit der Gesellschaft f\u00fcr Familienforschung in Franken",
        "icon": "https://www.gf-franken.de/favicon.ico"
      }
    },
    {
      "@id": "http://viaf.org/viaf/72209339",
      "collection": {
        "abbr": "VIAF",
        "name": "Virtual International Authority File (VIAF)",
        "publisher": "OCLC",
        "icon": "https://viaf.org/viaf/images/viaf.ico"
      }
    }
  ]
}