{
  "@context": "http://hub.culturegraph.org/entityfacts/context/v1/entityfacts.jsonld",
  "@id": "https://d-nb.info/gnd/119708477",
  "describedBy": {
    "valid": "2026-04-27T10:58:20Z",
    "license": "https://creativecommons.org/publicdomain/zero/1.0/",
    "@id": "https://hub.culturegraph.org/entityfacts/119708477"
  },
  "preferredName": "Bartholomaeus Hettler",
  "surname": "Hettler",
  "forename": "Bartholomaeus",
  "periodOfActivity": "1592\u20131623",
  "@type": "person",
  "variantName": [
    "Bartholomaeus Hettlerus"
  ],
  "placeOfActivity": [
    {
      "@id": "https://d-nb.info/gnd/4061147-4",
      "preferredName": "Tu\u0308bingen"
    }
  ],
  "associatedCountry": [
    {
      "@id": "https://d-nb.info/standards/vocab/gnd/geographic-area-code#XA-DE",
      "preferredName": "Deutschland"
    }
  ],
  "gender": {
    "@id": "https://d-nb.info/standards/vocab/gnd/gender#male",
    "label": "Mann"
  },
  "biographicalOrHistoricalInformation": "Beitr. im VD-16",
  "relatedPerson": [
    {
      "@id": "https://d-nb.info/gnd/119368390",
      "relationship": "VD-16 Mitverf.",
      "preferredName": "Georg Am Wald"
    },
    {
      "@id": "https://d-nb.info/gnd/119811472",
      "relationship": "VD-16 Mitverf.",
      "preferredName": "Johannes Ruef"
    },
    {
      "@id": "https://d-nb.info/gnd/119663368",
      "relationship": "VD-16 Mitverf.",
      "preferredName": "Mattha\u0308us Engelhart"
    },
    {
      "@id": "https://d-nb.info/gnd/119806053",
      "relationship": "VD-16 Mitverf.",
      "preferredName": "Christoph Ringler"
    },
    {
      "@id": "https://d-nb.info/gnd/119647214",
      "relationship": "VD-16 Mitverf.",
      "preferredName": "Philipp Anton Crafft"
    },
    {
      "@id": "https://d-nb.info/gnd/119857405",
      "relationship": "VD-16 Mitverf.",
      "preferredName": "Wilhelm Venatorius"
    },
    {
      "relationship": "VD-16 Mitverf.",
      "preferredName": "Georg Kauffunger"
    },
    {
      "@id": "https://d-nb.info/gnd/119616378",
      "relationship": "VD-16 Mitverf.",
      "preferredName": "Jakob Behem"
    },
    {
      "@id": "https://d-nb.info/gnd/119878178",
      "relationship": "VD-16 Mitverf.",
      "preferredName": "Hieronymus Zimmermann"
    },
    {
      "@id": "https://d-nb.info/gnd/119854368",
      "relationship": "VD-16 Mitverf.",
      "preferredName": "Philipp Ulner"
    }
  ],
  "sameAs": [
    {
      "@id": "https://d-nb.info/gnd/119708477/about",
      "collection": {
        "abbr": "DNB",
        "name": "Gemeinsame Normdatei (GND) im Katalog der Deutschen Nationalbibliothek",
        "publisher": "Deutsche Nationalbibliothek",
        "icon": "https://www.dnb.de/SiteGlobals/Frontend/DNBWeb/Images/favicon.png?__blob=normal&v=4"
      }
    },
    {
      "@id": "https://raa.gf-franken.de/de/suche-nach-stammbuechern.html?permaLink=1594_hettler",
      "collection": {
        "abbr": "RAAS",
        "name": "Repertorium Alborum Amicorum (RAA) - Stammb\u00fccher",
        "publisher": "Department Germanistik und Komparatistik der Friedrich-Alexander-Universit\u00e4t Erlangen-N\u00fcrnberg in Zusammenarbeit mit der Gesellschaft f\u00fcr Familienforschung in Franken",
        "icon": "https://www.gf-franken.de/favicon.ico"
      }
    },
    {
      "@id": "https://www.archivportal-d.de/person/gnd/119708477",
      "collection": {
        "abbr": "ARCHIV-D",
        "name": "Archivportal-D",
        "publisher": "Deutsche Digitale Bibliothek",
        "icon": "https://www.archivportal-d.de/favicon.ico"
      }
    },
    {
      "@id": "https://www.deutsche-digitale-bibliothek.de/person/gnd/119708477",
      "collection": {
        "abbr": "DDB",
        "name": "Deutsche Digitale Bibliothek",
        "publisher": "Deutsche Digitale Bibliothek",
        "icon": "https://www.deutsche-digitale-bibliothek.de/favicon.ico"
      }
    },
    {
      "@id": "http://viaf.org/viaf/62363790",
      "collection": {
        "abbr": "VIAF",
        "name": "Virtual International Authority File (VIAF)",
        "publisher": "OCLC",
        "icon": "https://viaf.org/viaf/images/viaf.ico"
      }
    },
    {
      "@id": "https://isni.org/isni/0000000012477990",
      "collection": {
        "abbr": "ISNI",
        "name": "International Standard Name Identifier (ISNI)",
        "publisher": "International Standard Name Identifier (ISNI)",
        "icon": "https://www.isni.org/sites/default/files/isni_new_favicon.ico"
      }
    }
  ]
}