{
  "@context": "http://hub.culturegraph.org/entityfacts/context/v1/entityfacts.jsonld",
  "@id": "https://d-nb.info/gnd/119688832",
  "describedBy": {
    "valid": "2026-04-26T20:01:44Z",
    "license": "https://creativecommons.org/publicdomain/zero/1.0/",
    "@id": "https://hub.culturegraph.org/entityfacts/119688832"
  },
  "preferredName": "Paul Goldstein",
  "surname": "Goldstein",
  "forename": "Paul",
  "periodOfActivity": "1585\u20131589",
  "@type": "person",
  "variantName": [
    "Paulus Goldstein",
    "Paul Goltstein"
  ],
  "professionOrOccupation": [
    {
      "@id": "https://d-nb.info/gnd/4029050-5",
      "preferredName": "Jurist"
    }
  ],
  "biographicalOrHistoricalInformation": "Student in Helmstedt; aus Mecklenburg (Megapolensis)",
  "relatedPerson": [
    {
      "@id": "https://d-nb.info/gnd/117751227",
      "relationship": "VD-16 Mitverf.",
      "preferredName": "Joachim von Beust"
    },
    {
      "@id": "https://d-nb.info/gnd/119865335",
      "relationship": "VD-16 Mitverf.",
      "preferredName": "Johannes Weding"
    },
    {
      "@id": "https://d-nb.info/gnd/11981837X",
      "relationship": "VD-16 Mitverf.",
      "preferredName": "Georg Schenke"
    },
    {
      "relationship": "VD-16 Mitverf.",
      "preferredName": "Kilian Goldstein, der Ju\u0308ngere"
    },
    {
      "relationship": "VD-16 Mitverf.",
      "preferredName": "Martin Henrici"
    },
    {
      "@id": "https://d-nb.info/gnd/119712954",
      "relationship": "VD-16 Mitverf.",
      "preferredName": "Erich Hoier"
    },
    {
      "@id": "https://d-nb.info/gnd/119733463",
      "relationship": "VD-16 Mitverf.",
      "preferredName": "Johann Krafft, der A\u0308ltere"
    },
    {
      "@id": "https://d-nb.info/gnd/119739917",
      "relationship": "VD-16 Mitverf.",
      "preferredName": "Johannes Lauterbach"
    },
    {
      "@id": "https://d-nb.info/gnd/124682065",
      "relationship": "VD-16 Mitverf.",
      "preferredName": "Daniel Moller"
    },
    {
      "relationship": "VD-16 Mitverf.",
      "preferredName": "Veit O\u0308rtel, der A\u0308ltere"
    }
  ],
  "sameAs": [
    {
      "@id": "https://d-nb.info/gnd/119688832/about",
      "collection": {
        "abbr": "DNB",
        "name": "Gemeinsame Normdatei (GND) im Katalog der Deutschen Nationalbibliothek",
        "publisher": "Deutsche Nationalbibliothek",
        "icon": "https://www.dnb.de/SiteGlobals/Frontend/DNBWeb/Images/favicon.png?__blob=normal&v=4"
      }
    },
    {
      "@id": "https://raa.gf-franken.de/de/suche-nach-stammbucheintraegen.html?permaLink=1573_ochsenbach;177",
      "collection": {
        "abbr": "RAAE",
        "name": "Repertorium Alborum Amicorum (RAA) - Stammbucheintr\u00e4ge",
        "publisher": "Department Germanistik und Komparatistik der Friedrich-Alexander-Universit\u00e4t Erlangen-N\u00fcrnberg in Zusammenarbeit mit der Gesellschaft f\u00fcr Familienforschung in Franken",
        "icon": "https://www.gf-franken.de/favicon.ico"
      }
    },
    {
      "@id": "https://www.deutsche-digitale-bibliothek.de/person/gnd/119688832",
      "collection": {
        "abbr": "DDB",
        "name": "Deutsche Digitale Bibliothek",
        "publisher": "Deutsche Digitale Bibliothek",
        "icon": "https://www.deutsche-digitale-bibliothek.de/favicon.ico"
      }
    },
    {
      "@id": "http://viaf.org/viaf/311067575",
      "collection": {
        "abbr": "VIAF",
        "name": "Virtual International Authority File (VIAF)",
        "publisher": "OCLC",
        "icon": "https://viaf.org/viaf/images/viaf.ico"
      }
    }
  ]
}