{
  "@context": "http://hub.culturegraph.org/entityfacts/context/v1/entityfacts.jsonld",
  "@id": "https://d-nb.info/gnd/119667614",
  "describedBy": {
    "valid": "2026-04-27T18:59:13Z",
    "license": "https://creativecommons.org/publicdomain/zero/1.0/",
    "@id": "https://hub.culturegraph.org/entityfacts/119667614"
  },
  "preferredName": "Blasius Fabricius",
  "surname": "Fabricius",
  "forename": "Blasius",
  "periodOfActivity": "1549\u20131558",
  "@type": "person",
  "variantName": [
    "Blasius Fabritius"
  ],
  "dateOfDeath": "1577",
  "placeOfActivity": [
    {
      "@id": "https://d-nb.info/gnd/4057878-1",
      "preferredName": "Stra\u00dfburg"
    }
  ],
  "associatedCountry": [
    {
      "@id": "https://d-nb.info/standards/vocab/gnd/geographic-area-code#XA-DE",
      "preferredName": "Deutschland"
    },
    {
      "@id": "https://d-nb.info/standards/vocab/gnd/geographic-area-code#XA-FR",
      "preferredName": "Frankreich"
    }
  ],
  "professionOrOccupation": [
    {
      "@id": "https://d-nb.info/gnd/4013091-5",
      "preferredName": "Drucker"
    },
    {
      "@id": "https://d-nb.info/gnd/4035088-5",
      "preferredName": "Lehrer"
    },
    {
      "@id": "https://d-nb.info/gnd/4199252-0",
      "preferredName": "Rektor"
    }
  ],
  "gender": {
    "@id": "https://d-nb.info/standards/vocab/gnd/gender#male",
    "label": "Mann"
  },
  "biographicalOrHistoricalInformation": "ausgebildet in Schulpforta, Stra\u00dfburg, Mei\u00dfen; Schulrektor in Buchsweiler, dann Drucker in Stra\u00dfburg; u\u0308bernahm die Offizin von Kraft Mu\u0308ller (gest. 1547)",
  "relatedPerson": [
    {
      "relationship": "VD-16 Mitverf.",
      "preferredName": "Lazaro Buonamici"
    },
    {
      "relationship": "VD-16 Mitverf.",
      "preferredName": "Joachim Camerarius, der A\u0308ltere"
    },
    {
      "relationship": "VD-16 Mitverf.",
      "preferredName": "Georg Fabricius"
    },
    {
      "relationship": "Chemnitz; VD-16 Mitverf.",
      "preferredName": "Jakob Fabricius"
    },
    {
      "relationship": "VD-16 Mitverf.",
      "preferredName": "Johannes Rivius, der A\u0308ltere"
    },
    {
      "@id": "https://d-nb.info/gnd/124623425",
      "relationship": "VD-16 Mitverf.",
      "preferredName": "Simon Sten"
    },
    {
      "@id": "https://d-nb.info/gnd/119194031",
      "relationship": "VD-16 Mitverf.",
      "preferredName": "Achille Bocchi"
    },
    {
      "relationship": "VD-16 Mitverf.",
      "preferredName": "Sebastian Leonhart"
    },
    {
      "relationship": "VD-16 Mitverf.",
      "preferredName": "Johannes Pappus, der A\u0308ltere"
    },
    {
      "relationship": "VD-16 Mitverf.",
      "preferredName": "Andreas Agricola"
    }
  ],
  "familialRelationship": [
    {
      "@id": "https://d-nb.info/gnd/118531735",
      "relationship": "Bruder",
      "preferredName": "Georg Fabricius"
    },
    {
      "@id": "https://d-nb.info/gnd/11636968X",
      "relationship": "Bruder",
      "preferredName": "Andreas Fabricius"
    },
    {
      "@id": "https://d-nb.info/gnd/119667843",
      "relationship": "Bruder",
      "preferredName": "Jakob Fabricius"
    }
  ],
  "sameAs": [
    {
      "@id": "https://d-nb.info/gnd/119667614/about",
      "collection": {
        "abbr": "DNB",
        "name": "Gemeinsame Normdatei (GND) im Katalog der Deutschen Nationalbibliothek",
        "publisher": "Deutsche Nationalbibliothek",
        "icon": "https://www.dnb.de/SiteGlobals/Frontend/DNBWeb/Images/favicon.png?__blob=normal&v=4"
      }
    },
    {
      "@id": "https://kalliope-verbund.info/gnd/119667614",
      "collection": {
        "abbr": "DE-611",
        "name": "Kalliope Verbundkatalog",
        "publisher": "Staatsbibliothek zu Berlin - Preu\u00dfischer Kulturbesitz",
        "icon": "https://kalliope-verbund.info/img/favicon.ico"
      }
    },
    {
      "@id": "https://www.deutsche-digitale-bibliothek.de/person/gnd/119667614",
      "collection": {
        "abbr": "DDB",
        "name": "Deutsche Digitale Bibliothek",
        "publisher": "Deutsche Digitale Bibliothek",
        "icon": "https://www.deutsche-digitale-bibliothek.de/favicon.ico"
      }
    },
    {
      "@id": "http://viaf.org/viaf/196097443",
      "collection": {
        "abbr": "VIAF",
        "name": "Virtual International Authority File (VIAF)",
        "publisher": "OCLC",
        "icon": "https://viaf.org/viaf/images/viaf.ico"
      }
    },
    {
      "@id": "http://www.wikidata.org/entity/Q58799339",
      "collection": {
        "abbr": "WIKIDATA",
        "name": "Wikidata",
        "publisher": "Wikimedia Foundation Inc.",
        "icon": "https://www.wikidata.org/static/favicon/wikidata.ico"
      }
    },
    {
      "@id": "https://isni.org/isni/0000000357181335",
      "collection": {
        "abbr": "ISNI",
        "name": "International Standard Name Identifier (ISNI)",
        "publisher": "International Standard Name Identifier (ISNI)",
        "icon": "https://www.isni.org/sites/default/files/isni_new_favicon.ico"
      }
    }
  ]
}