{
  "@context": "http://hub.culturegraph.org/entityfacts/context/v1/entityfacts.jsonld",
  "@id": "https://d-nb.info/gnd/11965301X",
  "describedBy": {
    "valid": "2026-04-27T23:24:25Z",
    "license": "https://creativecommons.org/publicdomain/zero/1.0/",
    "@id": "https://hub.culturegraph.org/entityfacts/11965301X"
  },
  "preferredName": "Anastasius Demler",
  "surname": "Demler",
  "forename": "Anastasius",
  "periodOfActivity": "1577\u20131581",
  "@type": "person",
  "academicDegree": [
    "Dr. jur."
  ],
  "variantName": [
    "Anastasius Demlerus"
  ],
  "dateOfBirth": "November 7, 1520",
  "dateOfDeath": "July 22, 1591",
  "placeOfBirth": [
    {
      "@id": "https://d-nb.info/gnd/4037443-9",
      "preferredName": "Marbach am Neckar"
    }
  ],
  "placeOfDeath": [
    {
      "@id": "https://d-nb.info/gnd/4061147-4",
      "preferredName": "Tu\u0308bingen"
    }
  ],
  "associatedCountry": [
    {
      "@id": "https://d-nb.info/standards/vocab/gnd/geographic-area-code#XA-DE",
      "preferredName": "Deutschland"
    }
  ],
  "professionOrOccupation": [
    {
      "@id": "https://d-nb.info/gnd/4029050-5",
      "preferredName": "Jurist"
    }
  ],
  "gender": {
    "@id": "https://d-nb.info/standards/vocab/gnd/gender#male",
    "label": "Mann"
  },
  "biographicalOrHistoricalInformation": "Verf. im VD-16; Prof. der Rechte in Tu\u0308bingen",
  "relatedPerson": [
    {
      "@id": "https://d-nb.info/gnd/119610981",
      "relationship": "VD-16 Mitverf.",
      "preferredName": "Georg Auwer"
    },
    {
      "@id": "https://d-nb.info/gnd/119801000",
      "relationship": "VD-16 Mitverf.",
      "preferredName": "Johann Jacob Reinhardt"
    }
  ],
  "familialRelationship": [
    {
      "@id": "https://d-nb.info/gnd/1013031172",
      "relationship": "Ehefrau",
      "preferredName": "Barbara Fu\u0308rderer"
    },
    {
      "@id": "https://d-nb.info/gnd/1099322308",
      "relationship": "Sohn",
      "preferredName": "Alexander Demler"
    }
  ],
  "depiction": {
    "@id": "https://commons.wikimedia.org/wiki/Special:FilePath/Anastasius%20Demler%2C%20Gem%C3%A4lde%201590.png",
    "publisher": "Wikimedia Commons",
    "copyrighted": "false",
    "creator": [
      "Hans Ulrich Alt"
    ],
    "creditText": [
      "Landesmedienzentrum Baden-W\u00fcrttemberg"
    ],
    "license": [
      {
        "@id": "https://creativecommons.org/publicdomain/mark/1.0/",
        "abbr": "PD",
        "name": "Public Domain",
        "attributionRequired": "false",
        "restrictions": ""
      }
    ],
    "url": "https://commons.wikimedia.org/wiki/File:Anastasius%20Demler%2C%20Gem%C3%A4lde%201590.png?uselang=en",
    "thumbnail": {
      "@id": "https://commons.wikimedia.org/wiki/Special:FilePath/Anastasius%20Demler%2C%20Gem%C3%A4lde%201590.png?width=270"
    }
  },
  "sameAs": [
    {
      "@id": "https://d-nb.info/gnd/11965301X/about",
      "collection": {
        "abbr": "DNB",
        "name": "Gemeinsame Normdatei (GND) im Katalog der Deutschen Nationalbibliothek",
        "publisher": "Deutsche Nationalbibliothek",
        "icon": "https://www.dnb.de/SiteGlobals/Frontend/DNBWeb/Images/favicon.png?__blob=normal&v=4"
      }
    },
    {
      "@id": "https://de.wikipedia.org/wiki/Anastasius_Demler",
      "collection": {
        "abbr": "dewiki",
        "name": "Wikipedia (Deutsch)",
        "publisher": "Wikimedia Foundation Inc.",
        "icon": "https://de.wikipedia.org/static/favicon/wikipedia.ico"
      }
    },
    {
      "@id": "https://raa.gf-franken.de/de/suche-nach-stammbucheintraegen.html?permaLink=1573_ochsenbach;96",
      "collection": {
        "abbr": "RAAE",
        "name": "Repertorium Alborum Amicorum (RAA) - Stammbucheintr\u00e4ge",
        "publisher": "Department Germanistik und Komparatistik der Friedrich-Alexander-Universit\u00e4t Erlangen-N\u00fcrnberg in Zusammenarbeit mit der Gesellschaft f\u00fcr Familienforschung in Franken",
        "icon": "https://www.gf-franken.de/favicon.ico"
      }
    },
    {
      "@id": "https://www.archivportal-d.de/person/gnd/11965301X",
      "collection": {
        "abbr": "ARCHIV-D",
        "name": "Archivportal-D",
        "publisher": "Deutsche Digitale Bibliothek",
        "icon": "https://www.archivportal-d.de/favicon.ico"
      }
    },
    {
      "@id": "https://www.deutsche-digitale-bibliothek.de/person/gnd/11965301X",
      "collection": {
        "abbr": "DDB",
        "name": "Deutsche Digitale Bibliothek",
        "publisher": "Deutsche Digitale Bibliothek",
        "icon": "https://www.deutsche-digitale-bibliothek.de/favicon.ico"
      }
    },
    {
      "@id": "https://www.portraitindex.de/dokumente/pnd/11965301X",
      "collection": {
        "abbr": "Portraitindex",
        "name": "Digitaler Portraitindex der druckgraphischen Bildnisse der Fru\u0308hen Neuzeit",
        "publisher": "Deutsches Dokumentationszentrum fu\u0308r Kunstgeschichte - Bildarchiv Foto Marburg",
        "icon": "https://www.portraitindex.de/favicon.ico"
      }
    },
    {
      "@id": "http://viaf.org/viaf/57428861",
      "collection": {
        "abbr": "VIAF",
        "name": "Virtual International Authority File (VIAF)",
        "publisher": "OCLC",
        "icon": "https://viaf.org/viaf/images/viaf.ico"
      }
    },
    {
      "@id": "http://www.wikidata.org/entity/Q15786632",
      "collection": {
        "abbr": "WIKIDATA",
        "name": "Wikidata",
        "publisher": "Wikimedia Foundation Inc.",
        "icon": "https://www.wikidata.org/static/favicon/wikidata.ico"
      }
    },
    {
      "@id": "https://isni.org/isni/0000000012339205",
      "collection": {
        "abbr": "ISNI",
        "name": "International Standard Name Identifier (ISNI)",
        "publisher": "International Standard Name Identifier (ISNI)",
        "icon": "https://www.isni.org/sites/default/files/isni_new_favicon.ico"
      }
    }
  ]
}