{
  "@context": "http://hub.culturegraph.org/entityfacts/context/v1/entityfacts.jsonld",
  "@id": "https://d-nb.info/gnd/119642964",
  "describedBy": {
    "valid": "2026-04-27T12:47:42Z",
    "license": "https://creativecommons.org/publicdomain/zero/1.0/",
    "@id": "https://hub.culturegraph.org/entityfacts/119642964"
  },
  "preferredName": "Thomas Cleusel",
  "surname": "Cleusel",
  "forename": "Thomas",
  "periodOfActivity": "1595\u20131598",
  "@type": "person",
  "biographicalOrHistoricalInformation": "Verf.; Beitr. im VD-16",
  "relatedPerson": [
    {
      "@id": "https://d-nb.info/gnd/104288639",
      "relationship": "VD-16 Mitverf.",
      "preferredName": "Konrad Rittershausen"
    },
    {
      "@id": "https://d-nb.info/gnd/119632438",
      "relationship": "VD-16 Mitverf.",
      "preferredName": "Sebastian Buchschuster"
    },
    {
      "@id": "https://d-nb.info/gnd/119653540",
      "relationship": "VD-16 Mitverf.",
      "preferredName": "Johannes Deubel"
    },
    {
      "relationship": "VD-16 Mitverf.",
      "preferredName": "Johannes Hezel"
    },
    {
      "@id": "https://d-nb.info/gnd/119830116",
      "relationship": "VD-16 Mitverf.",
      "preferredName": "Paul Sengeisen"
    },
    {
      "relationship": "Baunach; VD-16 Mitverf.",
      "preferredName": "Johannes Vischer"
    },
    {
      "relationship": "VD-16 Mitverf.",
      "preferredName": "Michael Pickart"
    },
    {
      "relationship": "VD-16 Mitverf.",
      "preferredName": "Johannes Zunner"
    },
    {
      "@id": "https://d-nb.info/gnd/121760766",
      "relationship": "VD-16 Mitverf.",
      "preferredName": "Georg Mauricius"
    },
    {
      "@id": "https://d-nb.info/gnd/119820307",
      "relationship": "VD-16 Mitverf.",
      "preferredName": "Johannes Schlaweg"
    }
  ],
  "sameAs": [
    {
      "@id": "https://d-nb.info/gnd/119642964/about",
      "collection": {
        "abbr": "DNB",
        "name": "Gemeinsame Normdatei (GND) im Katalog der Deutschen Nationalbibliothek",
        "publisher": "Deutsche Nationalbibliothek",
        "icon": "https://www.dnb.de/SiteGlobals/Frontend/DNBWeb/Images/favicon.png?__blob=normal&v=4"
      }
    },
    {
      "@id": "https://raa.gf-franken.de/de/suche-nach-stammbucheintraegen.html?permaLink=1579_scheurl;103",
      "collection": {
        "abbr": "RAAE",
        "name": "Repertorium Alborum Amicorum (RAA) - Stammbucheintr\u00e4ge",
        "publisher": "Department Germanistik und Komparatistik der Friedrich-Alexander-Universit\u00e4t Erlangen-N\u00fcrnberg in Zusammenarbeit mit der Gesellschaft f\u00fcr Familienforschung in Franken",
        "icon": "https://www.gf-franken.de/favicon.ico"
      }
    },
    {
      "@id": "https://raa.gf-franken.de/de/suche-nach-stammbucheintraegen.html?permaLink=1593_soner;4",
      "collection": {
        "abbr": "RAAE",
        "name": "Repertorium Alborum Amicorum (RAA) - Stammbucheintr\u00e4ge",
        "publisher": "Department Germanistik und Komparatistik der Friedrich-Alexander-Universit\u00e4t Erlangen-N\u00fcrnberg in Zusammenarbeit mit der Gesellschaft f\u00fcr Familienforschung in Franken",
        "icon": "https://www.gf-franken.de/favicon.ico"
      }
    },
    {
      "@id": "https://raa.gf-franken.de/de/suche-nach-stammbucheintraegen.html?permaLink=1641_bert;280",
      "collection": {
        "abbr": "RAAE",
        "name": "Repertorium Alborum Amicorum (RAA) - Stammbucheintr\u00e4ge",
        "publisher": "Department Germanistik und Komparatistik der Friedrich-Alexander-Universit\u00e4t Erlangen-N\u00fcrnberg in Zusammenarbeit mit der Gesellschaft f\u00fcr Familienforschung in Franken",
        "icon": "https://www.gf-franken.de/favicon.ico"
      }
    },
    {
      "@id": "https://www.deutsche-digitale-bibliothek.de/person/gnd/119642964",
      "collection": {
        "abbr": "DDB",
        "name": "Deutsche Digitale Bibliothek",
        "publisher": "Deutsche Digitale Bibliothek",
        "icon": "https://www.deutsche-digitale-bibliothek.de/favicon.ico"
      }
    },
    {
      "@id": "http://viaf.org/viaf/32810457",
      "collection": {
        "abbr": "VIAF",
        "name": "Virtual International Authority File (VIAF)",
        "publisher": "OCLC",
        "icon": "https://viaf.org/viaf/images/viaf.ico"
      }
    },
    {
      "@id": "https://isni.org/isni/0000000013729205",
      "collection": {
        "abbr": "ISNI",
        "name": "International Standard Name Identifier (ISNI)",
        "publisher": "International Standard Name Identifier (ISNI)",
        "icon": "https://www.isni.org/sites/default/files/isni_new_favicon.ico"
      }
    }
  ]
}