{
  "@context": "http://hub.culturegraph.org/entityfacts/context/v1/entityfacts.jsonld",
  "@id": "https://d-nb.info/gnd/119521296",
  "describedBy": {
    "valid": "2026-05-03T12:40:38Z",
    "license": "https://creativecommons.org/publicdomain/zero/1.0/",
    "@id": "https://hub.culturegraph.org/entityfacts/119521296"
  },
  "preferredName": "Johann VI., Nassau-Dillenburg, Graf",
  "surname": "Johann VI., Nassau-Dillenburg, Graf",
  "@type": "person",
  "titleOfNobility": [
    "Graf"
  ],
  "variantName": [
    "Johann VI., Nassau, Graf",
    "Jan, van Nassau",
    "Johann, der A\u0308ltere, Nassau, Graf",
    "Johann, Geldern, Provinz, Statthalter",
    "Johann I., Nassau-Dillenburg, Graf",
    "Johann, Nassau-Katzenelnbogen, Graf, VI",
    "Johann, Nassau-Siegen, Graf",
    "Johann, Senior, Nassau, Graf",
    "Johann von Nassau",
    "Johann von Nassau-Dillenburg",
    "Johann von Oranien-Nassau",
    "Joannes, Nassau, Comes"
  ],
  "dateOfBirth": "November 22, 1536",
  "dateOfDeath": "October 18, 1606",
  "placeOfBirth": [
    {
      "@id": "https://d-nb.info/gnd/4012326-1",
      "preferredName": "Dillenburg"
    }
  ],
  "placeOfDeath": [
    {
      "@id": "https://d-nb.info/gnd/4012326-1",
      "preferredName": "Dillenburg"
    }
  ],
  "associatedCountry": [
    {
      "@id": "https://d-nb.info/standards/vocab/gnd/geographic-area-code#XA-DE",
      "preferredName": "Deutschland"
    },
    {
      "@id": "https://d-nb.info/standards/vocab/gnd/geographic-area-code#XA-NL",
      "preferredName": "Niederlande"
    }
  ],
  "biographicalOrHistoricalInformation": "regierte ab 1559 als Graf von Nassau-Katzenelnbogen; 1578-1580 Statthalter in Gelderland; lutherisch, seit 1571/74 reformiert",
  "familialRelationship": [
    {
      "@id": "https://d-nb.info/gnd/124021727",
      "relationship": "Vater",
      "preferredName": "Wilhelm, Nassau-Dillenburg, Graf"
    },
    {
      "@id": "https://d-nb.info/gnd/122866150",
      "relationship": "Ehefrau",
      "preferredName": "Elisabeth, Nassau-Dillenburg, Gra\u0308fin"
    },
    {
      "@id": "https://d-nb.info/gnd/118738070",
      "relationship": "Sohn",
      "preferredName": "Johann VII., Nassau-Siegen, Graf"
    },
    {
      "@id": "https://d-nb.info/gnd/137981244",
      "relationship": "Sohn",
      "preferredName": "Ludwig Gu\u0308nther, Nassau-Katzenellenbogen, Graf"
    },
    {
      "@id": "https://d-nb.info/gnd/119206110",
      "relationship": "Sohn",
      "preferredName": "Wilhelm Ludwig, Nassau-Dillenburg, Graf"
    },
    {
      "@id": "https://d-nb.info/gnd/132507714",
      "relationship": "Sohn",
      "preferredName": "Ernst Casimir, Nassau-Diez, Graf"
    },
    {
      "@id": "https://d-nb.info/gnd/138777411",
      "relationship": "Sohn",
      "preferredName": "Philipp, Nassau-Dillenburg, Graf"
    },
    {
      "@id": "https://d-nb.info/gnd/132468743",
      "relationship": "Schwiegertochter",
      "preferredName": "Sophie Hedwig, Nassau-Diez, Gra\u0308fin"
    },
    {
      "@id": "https://d-nb.info/gnd/104189525",
      "relationship": "Enkel",
      "preferredName": "Wilhelm Friedrich, Nassau-Diez, Fu\u0308rst"
    },
    {
      "@id": "https://d-nb.info/gnd/189435771",
      "relationship": "Tochter",
      "preferredName": "Johannetta Elisabeth, Bentheim-Limburg, Gra\u0308fin"
    }
  ],
  "depiction": {
    "@id": "https://commons.wikimedia.org/wiki/Special:FilePath/Portret%20van%20Jan%20de%20Oude%20%281535-1606%29.%20Graaf%20van%20Nassau%20Rijksmuseum%20SK-A-538.jpeg",
    "publisher": "Wikimedia Commons",
    "copyrighted": "false",
    "creator": [
      "AnonymousUnknown author"
    ],
    "creditText": [
      "https://www.rijksmuseum.nl/collectie/SK-A-538"
    ],
    "license": [
      {
        "@id": "https://creativecommons.org/publicdomain/mark/1.0/",
        "abbr": "PD",
        "name": "Public Domain",
        "attributionRequired": "false",
        "restrictions": ""
      }
    ],
    "url": "https://commons.wikimedia.org/wiki/File:Portret%20van%20Jan%20de%20Oude%20%281535-1606%29.%20Graaf%20van%20Nassau%20Rijksmuseum%20SK-A-538.jpeg?uselang=en",
    "thumbnail": {
      "@id": "https://commons.wikimedia.org/wiki/Special:FilePath/Portret%20van%20Jan%20de%20Oude%20%281535-1606%29.%20Graaf%20van%20Nassau%20Rijksmuseum%20SK-A-538.jpeg?width=270"
    }
  },
  "sameAs": [
    {
      "@id": "https://d-nb.info/gnd/119521296/about",
      "collection": {
        "abbr": "DNB",
        "name": "Gemeinsame Normdatei (GND) im Katalog der Deutschen Nationalbibliothek",
        "publisher": "Deutsche Nationalbibliothek",
        "icon": "https://www.dnb.de/SiteGlobals/Frontend/DNBWeb/Images/favicon.png?__blob=normal&v=4"
      }
    },
    {
      "@id": "https://de.wikipedia.org/wiki/Johann_VI._%28Nassau-Dillenburg%29",
      "collection": {
        "abbr": "dewiki",
        "name": "Wikipedia (Deutsch)",
        "publisher": "Wikimedia Foundation Inc.",
        "icon": "https://de.wikipedia.org/static/favicon/wikipedia.ico"
      }
    },
    {
      "@id": "https://en.wikipedia.org/wiki/Johann_VI%2C_Count_of_Nassau-Dillenburg",
      "collection": {
        "abbr": "enwiki",
        "name": "Wikipedia (English)",
        "publisher": "Wikimedia Foundation Inc.",
        "icon": "https://en.wikipedia.org/static/favicon/wikipedia.ico"
      }
    },
    {
      "@id": "https://kaiserhof.geschichte.lmu.de/Q/GND=119521296",
      "collection": {
        "abbr": "KH",
        "name": "Kaiser und H\u00f6fe",
        "publisher": "Ludwig-Maximilians-Universit\u00e4t M\u00fcnchen - Historisches Seminar - Fr\u00fche Neuzeit",
        "icon": "https://kaiserhof.geschichte.lmu.de/favicon.ico"
      }
    },
    {
      "@id": "https://kalliope-verbund.info/gnd/119521296",
      "collection": {
        "abbr": "DE-611",
        "name": "Kalliope Verbundkatalog",
        "publisher": "Staatsbibliothek zu Berlin - Preu\u00dfischer Kulturbesitz",
        "icon": "https://kalliope-verbund.info/img/favicon.ico"
      }
    },
    {
      "@id": "https://www.archivportal-d.de/person/gnd/119521296",
      "collection": {
        "abbr": "ARCHIV-D",
        "name": "Archivportal-D",
        "publisher": "Deutsche Digitale Bibliothek",
        "icon": "https://www.archivportal-d.de/favicon.ico"
      }
    },
    {
      "@id": "https://www.deutsche-biographie.de/pnd119521296.html#adbcontent",
      "collection": {
        "abbr": "ADB",
        "name": "Allgemeine Deutsche Biographie (ADB)",
        "publisher": "Historische Kommission bei der Bayerischen Akademie der Wissenschaften und Bayerische Staatsbibliothek",
        "icon": "https://www.deutsche-biographie.de/favicon.ico"
      }
    },
    {
      "@id": "https://www.deutsche-biographie.de/pnd119521296.html#ndbcontent",
      "collection": {
        "abbr": "NDB",
        "name": "Neue Deutsche Biographie (NDB)",
        "publisher": "Historische Kommission bei der Bayerischen Akademie der Wissenschaften und Bayerische Staatsbibliothek",
        "icon": "https://www.deutsche-biographie.de/favicon.ico"
      }
    },
    {
      "@id": "https://www.deutsche-digitale-bibliothek.de/person/gnd/119521296",
      "collection": {
        "abbr": "DDB",
        "name": "Deutsche Digitale Bibliothek",
        "publisher": "Deutsche Digitale Bibliothek",
        "icon": "https://www.deutsche-digitale-bibliothek.de/favicon.ico"
      }
    },
    {
      "@id": "https://www.lagis-hessen.de/pnd/119521296",
      "collection": {
        "abbr": "LAGIS",
        "name": "Hessische Biografie",
        "publisher": "Hessisches Landesamt fu\u0308r geschichtliche Landeskunde",
        "icon": "https://www.lagis-hessen.de/favicon.ico"
      }
    },
    {
      "@id": "https://www.portraitindex.de/dokumente/pnd/119521296",
      "collection": {
        "abbr": "Portraitindex",
        "name": "Digitaler Portraitindex der druckgraphischen Bildnisse der Fru\u0308hen Neuzeit",
        "publisher": "Deutsches Dokumentationszentrum fu\u0308r Kunstgeschichte - Bildarchiv Foto Marburg",
        "icon": "https://www.portraitindex.de/favicon.ico"
      }
    },
    {
      "@id": "http://id.loc.gov/rwo/agents/n86037549",
      "collection": {
        "abbr": "LC",
        "name": "NACO Authority File",
        "publisher": "Library of Congress",
        "icon": "https://www.loc.gov/favicon.ico"
      }
    },
    {
      "@id": "http://viaf.org/viaf/28548571",
      "collection": {
        "abbr": "VIAF",
        "name": "Virtual International Authority File (VIAF)",
        "publisher": "OCLC",
        "icon": "https://viaf.org/viaf/images/viaf.ico"
      }
    },
    {
      "@id": "http://www.wikidata.org/entity/Q71434",
      "collection": {
        "abbr": "WIKIDATA",
        "name": "Wikidata",
        "publisher": "Wikimedia Foundation Inc.",
        "icon": "https://www.wikidata.org/static/favicon/wikidata.ico"
      }
    },
    {
      "@id": "https://isni.org/isni/000000011612556X",
      "collection": {
        "abbr": "ISNI",
        "name": "International Standard Name Identifier (ISNI)",
        "publisher": "International Standard Name Identifier (ISNI)",
        "icon": "https://www.isni.org/sites/default/files/isni_new_favicon.ico"
      }
    }
  ]
}