{
  "@context": "http://hub.culturegraph.org/entityfacts/context/v1/entityfacts.jsonld",
  "@id": "https://d-nb.info/gnd/119440067",
  "describedBy": {
    "valid": "2026-04-28T01:15:35Z",
    "license": "https://creativecommons.org/publicdomain/zero/1.0/",
    "@id": "https://hub.culturegraph.org/entityfacts/119440067"
  },
  "preferredName": "Johannes Crato",
  "surname": "Crato",
  "forename": "Johannes",
  "@type": "person",
  "variantName": [
    "Johannes Kraft von Crafftheim",
    "Johann Crato von Craftheim",
    "Johann Crato von Craftheim",
    "Johannes Crato de Crafftheim",
    "Joannes Crato a Kraftheim",
    "Joannes Crato a Kraftheim",
    "Johann Crato a Craftheim",
    "Johann Crato a Craftheim",
    "Joannes Crato a Craftheim",
    "Johannes Crato a Kraftheim",
    "Johannes Cratonis",
    "Johannis Cratonis",
    "Johannes Crato de Crafftheim",
    "Johann Kraft",
    "Ioannes Crato a Krafftheim",
    "I.C.",
    "Jo. Crato a\u0300 Craffheim",
    "Joannes a Kraftheim",
    "Johann a Craftheim",
    "Johannes von Krafftheim Crato",
    "Johann Crato von Crafftheim",
    "Johannes Crato von Kraffthaimb",
    "Johannes Crato a Crafftheim",
    "Johannes Crato a Craftheim",
    "Johannes Crato von Craffthaim",
    "Johannes Kraft von Crafftheim",
    "Joannes Crato a Craftheim",
    "Joannes Crato",
    "Johannes Krafft",
    "Johannes Crato von Crafftheim",
    "Johann Crato von Krafftheim",
    "Joannes Crato Vratislaviensis",
    "Johannes Crato von Craftheim",
    "Johannes Crato von Kraftheim",
    "Johannes Kraft",
    "Johannes Crato von Crafftheim",
    "Johann Crato von Krafftheim",
    "Johannes Crato von Krafftheim",
    "Johannes Crato von Krafftheim"
  ],
  "dateOfBirth": "November 22, 1519",
  "dateOfDeath": "October 19, 1585",
  "placeOfBirth": [
    {
      "@id": "https://d-nb.info/gnd/4008216-7",
      "preferredName": "Breslau"
    }
  ],
  "placeOfDeath": [
    {
      "@id": "https://d-nb.info/gnd/4008216-7",
      "preferredName": "Breslau"
    }
  ],
  "placeOfActivity": [
    {
      "@id": "https://d-nb.info/gnd/4008216-7",
      "preferredName": "Breslau"
    },
    {
      "@id": "https://d-nb.info/gnd/4066009-6",
      "preferredName": "Wien"
    },
    {
      "@id": "https://d-nb.info/gnd/4076310-9",
      "preferredName": "Prag"
    }
  ],
  "associatedCountry": [
    {
      "@id": "https://d-nb.info/standards/vocab/gnd/geographic-area-code#XA-DE",
      "preferredName": "Deutschland"
    }
  ],
  "professionOrOccupation": [
    {
      "@id": "https://d-nb.info/gnd/4003157-3",
      "preferredName": "Arzt"
    },
    {
      "@id": "https://d-nb.info/gnd/4160777-6",
      "preferredName": "Humanist"
    }
  ],
  "gender": {
    "@id": "https://d-nb.info/standards/vocab/gnd/gender#male",
    "label": "Mann"
  },
  "biographicalOrHistoricalInformation": "Dt. Mediziner, Humanist, schlesischer Protestant; 1535 in Wittenberg immatrikuliert, ab 1546 Studium der Medizin in Padua, 1550 Stadtarzt in Breslau, 1560-1564 Leibarzt von Kaiser Ferdinand in Wien, 1565-1576 Leibarzt von Kaiser Maximilian II., 1577-1581 Leibarzt von Kaiser Rudolf II. in Prag, danach wieder in Breslau",
  "relatedPerson": [
    {
      "@id": "https://d-nb.info/gnd/118520814",
      "relationship": "VD-16 Mitverf.",
      "preferredName": "Marcus Tullius Cicero"
    },
    {
      "@id": "https://d-nb.info/gnd/118959484",
      "relationship": "VD-16 Mitverf.",
      "preferredName": "Francisco Valles"
    },
    {
      "@id": "https://d-nb.info/gnd/119810751",
      "relationship": "VD-16 Mitverf.",
      "preferredName": "Bonaventura Ro\u0308sler"
    },
    {
      "@id": "https://d-nb.info/gnd/118794809",
      "relationship": "VD-16 Mitverf.",
      "preferredName": "Julius Caesar Scaliger"
    },
    {
      "@id": "https://d-nb.info/gnd/119485702",
      "relationship": "VD-16 Mitverf.",
      "preferredName": "Paolo Manuzio"
    },
    {
      "@id": "https://d-nb.info/gnd/100332285",
      "relationship": "VD-16 Mitverf.",
      "preferredName": "Johannes Schenck von Grafenberg"
    },
    {
      "@id": "https://d-nb.info/gnd/104268417",
      "relationship": "VD-16 Mitverf.",
      "preferredName": "Giovanni Pietro Maffei"
    },
    {
      "@id": "https://d-nb.info/gnd/1012178242",
      "relationship": "VD-16 Mitverf.",
      "preferredName": "Martin Bo\u0308ckler"
    },
    {
      "@id": "https://d-nb.info/gnd/119620219",
      "relationship": "VD-16 Mitverf.",
      "preferredName": "Johannes Jakob Beurer, der A\u0308ltere"
    },
    {
      "@id": "https://d-nb.info/gnd/119552442",
      "relationship": "VD-16 Mitverf.",
      "preferredName": "Philipp Menzel"
    },
    {
      "@id": "https://d-nb.info/gnd/119006464",
      "relationship": "VD-16 Mitverf.",
      "preferredName": "Johannes Posthius"
    },
    {
      "relationship": "VD-16 Mitverf.",
      "preferredName": "Georg Amwald"
    },
    {
      "relationship": "Landsberg; VD-16 Mitverf.",
      "preferredName": "Sebastian Mayr"
    },
    {
      "relationship": "VD-16 Mitverf.",
      "preferredName": "Jakob Oetheus"
    },
    {
      "relationship": "VD-16 Mitverf.",
      "preferredName": "Jakob Sauter"
    },
    {
      "relationship": "VD-16 Mitverf.",
      "preferredName": "Lorenz Scholtz"
    },
    {
      "relationship": "VD-16 Mitverf.",
      "preferredName": "Theodor Zwinger"
    }
  ],
  "depiction": {
    "@id": "https://commons.wikimedia.org/wiki/Special:FilePath/Portrait%20of%20Johannes%20Crato%20von%20Krafftheim%20at%20the%20age%20of%2060%20%28cropped%29.jpg",
    "publisher": "Wikimedia Commons",
    "copyrighted": "false",
    "creator": [
      ""
    ],
    "creditText": [
      "https://cudl.lib.cam.ac.uk/view/MS-LC-00002-00113/28"
    ],
    "license": [
      {
        "@id": "https://creativecommons.org/publicdomain/mark/1.0/",
        "abbr": "PD",
        "name": "Public Domain",
        "attributionRequired": "false",
        "restrictions": ""
      }
    ],
    "url": "https://commons.wikimedia.org/wiki/File:Portrait%20of%20Johannes%20Crato%20von%20Krafftheim%20at%20the%20age%20of%2060%20%28cropped%29.jpg?uselang=en",
    "thumbnail": {
      "@id": "https://commons.wikimedia.org/wiki/Special:FilePath/Portrait%20of%20Johannes%20Crato%20von%20Krafftheim%20at%20the%20age%20of%2060%20%28cropped%29.jpg?width=270"
    }
  },
  "sameAs": [
    {
      "@id": "https://d-nb.info/gnd/119440067/about",
      "collection": {
        "abbr": "DNB",
        "name": "Gemeinsame Normdatei (GND) im Katalog der Deutschen Nationalbibliothek",
        "publisher": "Deutsche Nationalbibliothek",
        "icon": "https://www.dnb.de/SiteGlobals/Frontend/DNBWeb/Images/favicon.png?__blob=normal&v=4"
      }
    },
    {
      "@id": "http://catalogue.bnf.fr/ark:/12148/cb17071561d",
      "collection": {
        "abbr": "BNF",
        "name": "Bibliothe\u0300que nationale de France",
        "publisher": "Bibliothe\u0300que nationale de France",
        "icon": "https://www.bnf.fr/themes/custom/bnfsi/favicon.ico"
      }
    },
    {
      "@id": "http://kulturportal-west-ost.eu/persons/kraft-johann-spater-kraftheim-crato-von/",
      "collection": {
        "abbr": "OSTDEBIB",
        "name": "Ostdeutsche Biographie",
        "publisher": "Kulturportal West-Ost"
      }
    },
    {
      "@id": "https://de.wikipedia.org/wiki/Johann_Crato_von_Krafftheim",
      "collection": {
        "abbr": "dewiki",
        "name": "Wikipedia (Deutsch)",
        "publisher": "Wikimedia Foundation Inc.",
        "icon": "https://de.wikipedia.org/static/favicon/wikipedia.ico"
      }
    },
    {
      "@id": "https://en.wikipedia.org/wiki/Johannes_Crato_von_Krafftheim",
      "collection": {
        "abbr": "enwiki",
        "name": "Wikipedia (English)",
        "publisher": "Wikimedia Foundation Inc.",
        "icon": "https://en.wikipedia.org/static/favicon/wikipedia.ico"
      }
    },
    {
      "@id": "https://kaiserhof.geschichte.lmu.de/Q/GND=119440067",
      "collection": {
        "abbr": "KH",
        "name": "Kaiser und H\u00f6fe",
        "publisher": "Ludwig-Maximilians-Universit\u00e4t M\u00fcnchen - Historisches Seminar - Fr\u00fche Neuzeit",
        "icon": "https://kaiserhof.geschichte.lmu.de/favicon.ico"
      }
    },
    {
      "@id": "https://kalliope-verbund.info/gnd/119440067",
      "collection": {
        "abbr": "DE-611",
        "name": "Kalliope Verbundkatalog",
        "publisher": "Staatsbibliothek zu Berlin - Preu\u00dfischer Kulturbesitz",
        "icon": "https://kalliope-verbund.info/img/favicon.ico"
      }
    },
    {
      "@id": "https://www.archivportal-d.de/person/gnd/119440067",
      "collection": {
        "abbr": "ARCHIV-D",
        "name": "Archivportal-D",
        "publisher": "Deutsche Digitale Bibliothek",
        "icon": "https://www.archivportal-d.de/favicon.ico"
      }
    },
    {
      "@id": "https://www.deutsche-biographie.de/pnd119440067.html#adbcontent",
      "collection": {
        "abbr": "ADB",
        "name": "Allgemeine Deutsche Biographie (ADB)",
        "publisher": "Historische Kommission bei der Bayerischen Akademie der Wissenschaften und Bayerische Staatsbibliothek",
        "icon": "https://www.deutsche-biographie.de/favicon.ico"
      }
    },
    {
      "@id": "https://www.deutsche-biographie.de/pnd119440067.html#ndbcontent",
      "collection": {
        "abbr": "NDB",
        "name": "Neue Deutsche Biographie (NDB)",
        "publisher": "Historische Kommission bei der Bayerischen Akademie der Wissenschaften und Bayerische Staatsbibliothek",
        "icon": "https://www.deutsche-biographie.de/favicon.ico"
      }
    },
    {
      "@id": "https://www.deutsche-digitale-bibliothek.de/person/gnd/119440067",
      "collection": {
        "abbr": "DDB",
        "name": "Deutsche Digitale Bibliothek",
        "publisher": "Deutsche Digitale Bibliothek",
        "icon": "https://www.deutsche-digitale-bibliothek.de/favicon.ico"
      }
    },
    {
      "@id": "https://www.herder-institut.de/bildkatalog/gnd/119440067",
      "collection": {
        "abbr": "ba-herder",
        "name": "Bildarchiv / Herder-Institut",
        "publisher": "Herder-Institut f\u00fcr historische Ostmitteleuropaforschung \u2013 Institut der Leibniz-Gemeinschaft",
        "icon": "https://www.herder-institut.de/themes/custom/herder-institut/images/favicons/favicon.ico"
      }
    },
    {
      "@id": "https://www.portraitindex.de/dokumente/pnd/119440067",
      "collection": {
        "abbr": "Portraitindex",
        "name": "Digitaler Portraitindex der druckgraphischen Bildnisse der Fru\u0308hen Neuzeit",
        "publisher": "Deutsches Dokumentationszentrum fu\u0308r Kunstgeschichte - Bildarchiv Foto Marburg",
        "icon": "https://www.portraitindex.de/favicon.ico"
      }
    },
    {
      "@id": "http://id.loc.gov/rwo/agents/n87884712",
      "collection": {
        "abbr": "LC",
        "name": "NACO Authority File",
        "publisher": "Library of Congress",
        "icon": "https://www.loc.gov/favicon.ico"
      }
    },
    {
      "@id": "http://viaf.org/viaf/47571630",
      "collection": {
        "abbr": "VIAF",
        "name": "Virtual International Authority File (VIAF)",
        "publisher": "OCLC",
        "icon": "https://viaf.org/viaf/images/viaf.ico"
      }
    },
    {
      "@id": "http://www.wikidata.org/entity/Q87688",
      "collection": {
        "abbr": "WIKIDATA",
        "name": "Wikidata",
        "publisher": "Wikimedia Foundation Inc.",
        "icon": "https://www.wikidata.org/static/favicon/wikidata.ico"
      }
    },
    {
      "@id": "https://isni.org/isni/0000000108970827",
      "collection": {
        "abbr": "ISNI",
        "name": "International Standard Name Identifier (ISNI)",
        "publisher": "International Standard Name Identifier (ISNI)",
        "icon": "https://www.isni.org/sites/default/files/isni_new_favicon.ico"
      }
    }
  ]
}