{
  "@context": "http://hub.culturegraph.org/entityfacts/context/v1/entityfacts.jsonld",
  "@id": "https://d-nb.info/gnd/119431386",
  "describedBy": {
    "valid": "2026-05-03T14:56:04Z",
    "license": "https://creativecommons.org/publicdomain/zero/1.0/",
    "@id": "https://hub.culturegraph.org/entityfacts/119431386"
  },
  "preferredName": "Ludwig II., Bayern, Herzog, Kurfu\u0308rst",
  "surname": "Ludwig II., Bayern, Herzog, Kurfu\u0308rst",
  "@type": "person",
  "titleOfNobility": [
    "Herzog"
  ],
  "variantName": [
    "Ludwig II., der Strenge, Bayern, Herzog, Kurfu\u0308rst",
    "Ludwig II., Bayern, Herzog",
    "Ludwig, der Strenge",
    "Ludwig II., Oberbayern, Herzog",
    "Louis II., Bavie\u0300re, Duc",
    "Louis, le Se\u0301ve\u0300re",
    "Ludovicus II., Bavaria, Dux",
    "Ludovicus, Severus",
    "Ludwig II., der Strenge, Pfalz, Pfalzgraf, Kurfu\u0308rst",
    "Ludwig II., Pfalzgrafschaft zu Rhein, Pfalzgraf",
    "Ludwig II., Pfalz, Pfalzgraf",
    "Ludwig II. von der Pfalz"
  ],
  "dateOfBirth": "April 13, 1229",
  "dateOfDeath": "February 2, 1294",
  "placeOfBirth": [
    {
      "@id": "https://d-nb.info/gnd/4023996-2",
      "preferredName": "Heidelberg"
    }
  ],
  "placeOfDeath": [
    {
      "@id": "https://d-nb.info/gnd/4023996-2",
      "preferredName": "Heidelberg"
    }
  ],
  "associatedCountry": [
    {
      "@id": "https://d-nb.info/standards/vocab/gnd/geographic-area-code#XA-DE",
      "preferredName": "Deutschland"
    }
  ],
  "professionOrOccupation": [
    {
      "@id": "https://d-nb.info/gnd/4173982-6",
      "preferredName": "Pfalzgraf"
    }
  ],
  "gender": {
    "@id": "https://d-nb.info/standards/vocab/gnd/gender#male",
    "label": "Mann"
  },
  "biographicalOrHistoricalInformation": "1253-1294 Herzog von Bayern und Pfalzgraf bei Rhein; seit der Landesteilung von 1255 regierte er das Herzogtum Oberbayern",
  "familialRelationship": [
    {
      "@id": "https://d-nb.info/gnd/119486849",
      "relationship": "Vater",
      "preferredName": "Otto II., Pfalz, Pfalzgraf bei Rhein, Kurfu\u0308rst"
    },
    {
      "@id": "https://d-nb.info/gnd/118814230",
      "relationship": "Sohn",
      "preferredName": "Rudolf I., Pfalz, Pfalzgraf bei Rhein, Kurfu\u0308rst"
    },
    {
      "@id": "https://d-nb.info/gnd/118634232",
      "preferredName": "Wittelsbacher, Dynastie : -1918"
    }
  ],
  "depiction": {
    "@id": "https://commons.wikimedia.org/wiki/Special:FilePath/F%C3%BCrstenfeldbruck-Klosterkirche%208.jpg",
    "publisher": "Wikimedia Commons",
    "copyrighted": "true",
    "creator": [
      "No machine-readable author provided. Dark Avenger~commonswiki assumed (based on copyright claims)."
    ],
    "creditText": [
      "No machine-readable source provided. Own work assumed (based on copyright claims)."
    ],
    "license": [
      {
        "@id": "http://creativecommons.org/licenses/by-sa/3.0/",
        "abbr": "CC BY-SA 3.0",
        "name": "Creative Commons Attribution-Share Alike 3.0",
        "attributionRequired": "true",
        "restrictions": ""
      }
    ],
    "url": "https://commons.wikimedia.org/wiki/File:F%C3%BCrstenfeldbruck-Klosterkirche%208.jpg?uselang=en",
    "thumbnail": {
      "@id": "https://commons.wikimedia.org/wiki/Special:FilePath/F%C3%BCrstenfeldbruck-Klosterkirche%208.jpg?width=270"
    }
  },
  "sameAs": [
    {
      "@id": "https://d-nb.info/gnd/119431386/about",
      "collection": {
        "abbr": "DNB",
        "name": "Gemeinsame Normdatei (GND) im Katalog der Deutschen Nationalbibliothek",
        "publisher": "Deutsche Nationalbibliothek",
        "icon": "https://www.dnb.de/SiteGlobals/Frontend/DNBWeb/Images/favicon.png?__blob=normal&v=4"
      }
    },
    {
      "@id": "https://de.wikipedia.org/wiki/Ludwig_der_Strenge",
      "collection": {
        "abbr": "dewiki",
        "name": "Wikipedia (Deutsch)",
        "publisher": "Wikimedia Foundation Inc.",
        "icon": "https://de.wikipedia.org/static/favicon/wikipedia.ico"
      }
    },
    {
      "@id": "https://en.wikipedia.org/wiki/Louis_II%2C_Duke_of_Bavaria",
      "collection": {
        "abbr": "enwiki",
        "name": "Wikipedia (English)",
        "publisher": "Wikimedia Foundation Inc.",
        "icon": "https://en.wikipedia.org/static/favicon/wikipedia.ico"
      }
    },
    {
      "@id": "https://kaiserhof.geschichte.lmu.de/Q/GND=119431386",
      "collection": {
        "abbr": "KH",
        "name": "Kaiser und H\u00f6fe",
        "publisher": "Ludwig-Maximilians-Universit\u00e4t M\u00fcnchen - Historisches Seminar - Fr\u00fche Neuzeit",
        "icon": "https://kaiserhof.geschichte.lmu.de/favicon.ico"
      }
    },
    {
      "@id": "https://www.archivportal-d.de/person/gnd/119431386",
      "collection": {
        "abbr": "ARCHIV-D",
        "name": "Archivportal-D",
        "publisher": "Deutsche Digitale Bibliothek",
        "icon": "https://www.archivportal-d.de/favicon.ico"
      }
    },
    {
      "@id": "https://www.deutsche-biographie.de/pnd119431386.html#adbcontent",
      "collection": {
        "abbr": "ADB",
        "name": "Allgemeine Deutsche Biographie (ADB)",
        "publisher": "Historische Kommission bei der Bayerischen Akademie der Wissenschaften und Bayerische Staatsbibliothek",
        "icon": "https://www.deutsche-biographie.de/favicon.ico"
      }
    },
    {
      "@id": "https://www.deutsche-biographie.de/pnd119431386.html#ndbcontent",
      "collection": {
        "abbr": "NDB",
        "name": "Neue Deutsche Biographie (NDB)",
        "publisher": "Historische Kommission bei der Bayerischen Akademie der Wissenschaften und Bayerische Staatsbibliothek",
        "icon": "https://www.deutsche-biographie.de/favicon.ico"
      }
    },
    {
      "@id": "https://www.deutsche-digitale-bibliothek.de/person/gnd/119431386",
      "collection": {
        "abbr": "DDB",
        "name": "Deutsche Digitale Bibliothek",
        "publisher": "Deutsche Digitale Bibliothek",
        "icon": "https://www.deutsche-digitale-bibliothek.de/favicon.ico"
      }
    },
    {
      "@id": "https://www.portraitindex.de/dokumente/pnd/119431386",
      "collection": {
        "abbr": "Portraitindex",
        "name": "Digitaler Portraitindex der druckgraphischen Bildnisse der Fru\u0308hen Neuzeit",
        "publisher": "Deutsches Dokumentationszentrum fu\u0308r Kunstgeschichte - Bildarchiv Foto Marburg",
        "icon": "https://www.portraitindex.de/favicon.ico"
      }
    },
    {
      "@id": "http://id.loc.gov/rwo/agents/no2019190519",
      "collection": {
        "abbr": "LC",
        "name": "NACO Authority File",
        "publisher": "Library of Congress",
        "icon": "https://www.loc.gov/favicon.ico"
      }
    },
    {
      "@id": "http://viaf.org/viaf/27881579",
      "collection": {
        "abbr": "VIAF",
        "name": "Virtual International Authority File (VIAF)",
        "publisher": "OCLC",
        "icon": "https://viaf.org/viaf/images/viaf.ico"
      }
    },
    {
      "@id": "http://www.wikidata.org/entity/Q61467",
      "collection": {
        "abbr": "WIKIDATA",
        "name": "Wikidata",
        "publisher": "Wikimedia Foundation Inc.",
        "icon": "https://www.wikidata.org/static/favicon/wikidata.ico"
      }
    },
    {
      "@id": "https://isni.org/isni/0000000061276554",
      "collection": {
        "abbr": "ISNI",
        "name": "International Standard Name Identifier (ISNI)",
        "publisher": "International Standard Name Identifier (ISNI)",
        "icon": "https://www.isni.org/sites/default/files/isni_new_favicon.ico"
      }
    }
  ]
}