{
  "@context": "http://hub.culturegraph.org/entityfacts/context/v1/entityfacts.jsonld",
  "@id": "https://d-nb.info/gnd/119393697",
  "describedBy": {
    "valid": "2026-04-28T13:04:09Z",
    "license": "https://creativecommons.org/publicdomain/zero/1.0/",
    "@id": "https://hub.culturegraph.org/entityfacts/119393697"
  },
  "preferredName": "Daniel Tossanus",
  "surname": "Tossanus",
  "forename": "Daniel",
  "@type": "person",
  "variantName": [
    "Daniel Toussain, der A\u0308ltere",
    "Daniel Toussain",
    "Daniel Tossanus, der A\u0308ltere",
    "Daniel (der A\u0308ltere) Tossanus",
    "Daniel (der A\u0308ltere) Toussain",
    "Daniel Toussaint",
    "Daniel Toussaincts",
    "Daniel Toussain"
  ],
  "dateOfBirth": "July 15, 1541",
  "dateOfDeath": "January 10, 1602",
  "placeOfBirth": [
    {
      "@id": "https://d-nb.info/gnd/4074960-5",
      "preferredName": "Montbe\u0301liard"
    }
  ],
  "placeOfDeath": [
    {
      "@id": "https://d-nb.info/gnd/4023996-2",
      "preferredName": "Heidelberg"
    }
  ],
  "associatedCountry": [
    {
      "@id": "https://d-nb.info/standards/vocab/gnd/geographic-area-code#XA-FR",
      "preferredName": "Frankreich"
    },
    {
      "@id": "https://d-nb.info/standards/vocab/gnd/geographic-area-code#XA-DE",
      "preferredName": "Deutschland"
    }
  ],
  "professionOrOccupation": [
    {
      "@id": "https://d-nb.info/gnd/4015882-2",
      "preferredName": "Evangelischer Theologe"
    },
    {
      "@id": "https://d-nb.info/gnd/4132592-8",
      "preferredName": "Pfarrer"
    },
    {
      "@id": "https://d-nb.info/gnd/4184110-4",
      "preferredName": "Superintendent"
    },
    {
      "@id": "https://d-nb.info/gnd/4210801-9",
      "preferredName": "Hofprediger"
    },
    {
      "@id": "https://d-nb.info/gnd/4025243-7",
      "preferredName": "Hochschullehrer"
    }
  ],
  "gender": {
    "@id": "https://d-nb.info/standards/vocab/gnd/gender#male",
    "label": "Mann"
  },
  "biographicalOrHistoricalInformation": "Reformierter Theologe; 1573-1576 Hofprediger von Kurfu\u0308rst Friedrich III. von der Pfalz; Pfarrer, Prof. theol. und Superintendent in Heidelberg und Neustadt (Haardt); Apologet der reformierten Lehre",
  "relatedPerson": [
    {
      "@id": "https://d-nb.info/gnd/119621169",
      "relationship": "VD-16 Mitverf.",
      "preferredName": "Philipp Bickel"
    },
    {
      "@id": "https://d-nb.info/gnd/118760289",
      "relationship": "VD-16 Mitverf.",
      "preferredName": "Abraham Scultetus"
    },
    {
      "@id": "https://d-nb.info/gnd/119844028",
      "relationship": "VD-16 Mitverf.",
      "preferredName": "J. Sureau"
    },
    {
      "relationship": "VD-16 Mitverf.",
      "preferredName": "Melchior Lauban"
    },
    {
      "@id": "https://d-nb.info/gnd/118516507",
      "relationship": "VD-16 Mitverf.",
      "preferredName": "Martin Bucer"
    },
    {
      "@id": "https://d-nb.info/gnd/117689599",
      "relationship": "VD-16 Mitverf.",
      "preferredName": "Bartholomaeus Pitiscus"
    },
    {
      "@id": "https://d-nb.info/gnd/116651326",
      "relationship": "VD-16 Mitverf.",
      "preferredName": "Jakob Heilbrunner"
    },
    {
      "relationship": "VD-16 Mitverf.",
      "preferredName": "Quirin Reuter"
    },
    {
      "@id": "https://d-nb.info/gnd/119685450",
      "relationship": "VD-16 Mitverf.",
      "preferredName": "Johannes Ludwig Geu\u00dfauf"
    },
    {
      "@id": "https://d-nb.info/gnd/119839393",
      "relationship": "VD-16 Mitverf.",
      "preferredName": "Wilhelm Stephan"
    }
  ],
  "familialRelationship": [
    {
      "@id": "https://d-nb.info/gnd/122048873",
      "relationship": "Vater",
      "preferredName": "Pierre Toussain"
    },
    {
      "@id": "https://d-nb.info/gnd/1171228333",
      "relationship": "Bruder",
      "preferredName": "Samuel Tossanus"
    },
    {
      "@id": "https://d-nb.info/gnd/123041856",
      "relationship": "Sohn",
      "preferredName": "Paul Tossanus"
    },
    {
      "@id": "https://d-nb.info/gnd/121714268",
      "relationship": "Neffe",
      "preferredName": "Daniel Tossanus"
    }
  ],
  "depiction": {
    "@id": "https://commons.wikimedia.org/wiki/Special:FilePath/Daniel%20Tossanus.PNG",
    "publisher": "Wikimedia Commons",
    "copyrighted": "false",
    "creator": [
      "Unknown authorUnknown author"
    ],
    "creditText": [
      "http://www.portraitindex.de/documents/obj/oai:baa.onb.at:8138834/onB8138834T8138839"
    ],
    "license": [
      {
        "@id": "https://creativecommons.org/publicdomain/mark/1.0/",
        "abbr": "PD",
        "name": "Public Domain",
        "attributionRequired": "false",
        "restrictions": ""
      }
    ],
    "url": "https://commons.wikimedia.org/wiki/File:Daniel%20Tossanus.PNG?uselang=en",
    "thumbnail": {
      "@id": "https://commons.wikimedia.org/wiki/Special:FilePath/Daniel%20Tossanus.PNG?width=270"
    }
  },
  "sameAs": [
    {
      "@id": "https://d-nb.info/gnd/119393697/about",
      "collection": {
        "abbr": "DNB",
        "name": "Gemeinsame Normdatei (GND) im Katalog der Deutschen Nationalbibliothek",
        "publisher": "Deutsche Nationalbibliothek",
        "icon": "https://www.dnb.de/SiteGlobals/Frontend/DNBWeb/Images/favicon.png?__blob=normal&v=4"
      }
    },
    {
      "@id": "https://de.wikipedia.org/wiki/Daniel_Tossanus_der_%C3%84ltere",
      "collection": {
        "abbr": "dewiki",
        "name": "Wikipedia (Deutsch)",
        "publisher": "Wikimedia Foundation Inc.",
        "icon": "https://de.wikipedia.org/static/favicon/wikipedia.ico"
      }
    },
    {
      "@id": "https://en.wikipedia.org/wiki/Daniel_Tossanus",
      "collection": {
        "abbr": "enwiki",
        "name": "Wikipedia (English)",
        "publisher": "Wikimedia Foundation Inc.",
        "icon": "https://en.wikipedia.org/static/favicon/wikipedia.ico"
      }
    },
    {
      "@id": "https://kalliope-verbund.info/gnd/119393697",
      "collection": {
        "abbr": "DE-611",
        "name": "Kalliope Verbundkatalog",
        "publisher": "Staatsbibliothek zu Berlin - Preu\u00dfischer Kulturbesitz",
        "icon": "https://kalliope-verbund.info/img/favicon.ico"
      }
    },
    {
      "@id": "https://raa.gf-franken.de/de/suche-nach-stammbucheintraegen.html?permaLink=1599_hedder;1",
      "collection": {
        "abbr": "RAAE",
        "name": "Repertorium Alborum Amicorum (RAA) - Stammbucheintr\u00e4ge",
        "publisher": "Department Germanistik und Komparatistik der Friedrich-Alexander-Universit\u00e4t Erlangen-N\u00fcrnberg in Zusammenarbeit mit der Gesellschaft f\u00fcr Familienforschung in Franken",
        "icon": "https://www.gf-franken.de/favicon.ico"
      }
    },
    {
      "@id": "https://raa.gf-franken.de/de/suche-nach-stammbuechern.html?permaLink=156x_tousaint",
      "collection": {
        "abbr": "RAAS",
        "name": "Repertorium Alborum Amicorum (RAA) - Stammb\u00fccher",
        "publisher": "Department Germanistik und Komparatistik der Friedrich-Alexander-Universit\u00e4t Erlangen-N\u00fcrnberg in Zusammenarbeit mit der Gesellschaft f\u00fcr Familienforschung in Franken",
        "icon": "https://www.gf-franken.de/favicon.ico"
      }
    },
    {
      "@id": "https://www.deutsche-biographie.de/pnd119393697.html#adbcontent",
      "collection": {
        "abbr": "ADB",
        "name": "Allgemeine Deutsche Biographie (ADB)",
        "publisher": "Historische Kommission bei der Bayerischen Akademie der Wissenschaften und Bayerische Staatsbibliothek",
        "icon": "https://www.deutsche-biographie.de/favicon.ico"
      }
    },
    {
      "@id": "https://www.deutsche-digitale-bibliothek.de/person/gnd/119393697",
      "collection": {
        "abbr": "DDB",
        "name": "Deutsche Digitale Bibliothek",
        "publisher": "Deutsche Digitale Bibliothek",
        "icon": "https://www.deutsche-digitale-bibliothek.de/favicon.ico"
      }
    },
    {
      "@id": "https://www.portraitindex.de/dokumente/pnd/119393697",
      "collection": {
        "abbr": "Portraitindex",
        "name": "Digitaler Portraitindex der druckgraphischen Bildnisse der Fru\u0308hen Neuzeit",
        "publisher": "Deutsches Dokumentationszentrum fu\u0308r Kunstgeschichte - Bildarchiv Foto Marburg",
        "icon": "https://www.portraitindex.de/favicon.ico"
      }
    },
    {
      "@id": "http://id.loc.gov/rwo/agents/nr93010331",
      "collection": {
        "abbr": "LC",
        "name": "NACO Authority File",
        "publisher": "Library of Congress",
        "icon": "https://www.loc.gov/favicon.ico"
      }
    },
    {
      "@id": "http://viaf.org/viaf/30345632",
      "collection": {
        "abbr": "VIAF",
        "name": "Virtual International Authority File (VIAF)",
        "publisher": "OCLC",
        "icon": "https://viaf.org/viaf/images/viaf.ico"
      }
    },
    {
      "@id": "http://www.wikidata.org/entity/Q3014749",
      "collection": {
        "abbr": "WIKIDATA",
        "name": "Wikidata",
        "publisher": "Wikimedia Foundation Inc.",
        "icon": "https://www.wikidata.org/static/favicon/wikidata.ico"
      }
    },
    {
      "@id": "https://isni.org/isni/0000000120231920",
      "collection": {
        "abbr": "ISNI",
        "name": "International Standard Name Identifier (ISNI)",
        "publisher": "International Standard Name Identifier (ISNI)",
        "icon": "https://www.isni.org/sites/default/files/isni_new_favicon.ico"
      }
    }
  ]
}