{
  "@context": "http://hub.culturegraph.org/entityfacts/context/v1/entityfacts.jsonld",
  "@id": "https://d-nb.info/gnd/119383845",
  "describedBy": {
    "valid": "2026-04-30T04:46:02Z",
    "license": "https://creativecommons.org/publicdomain/zero/1.0/",
    "@id": "https://hub.culturegraph.org/entityfacts/119383845"
  },
  "preferredName": "Zygmunt III., Polen, Ko\u0308nig",
  "surname": "Zygmunt III., Polen, Ko\u0308nig",
  "@type": "person",
  "titleOfNobility": [
    "Ko\u0308nig"
  ],
  "variantName": [
    "Sigismund III., Polen, Ko\u0308nig",
    "Zygmunt III., Pologne, roi",
    "Zygmunt III., Poland, King",
    "Zygmunt Waza III., Polen, Ko\u0308nig",
    "Sigismund Wasa III., Polen, Ko\u0308nig",
    "Ko\u0308nig Sigismund III. von Polen",
    "Sigismund, Schweden, Ko\u0308nig",
    "Sigismund, Sverige, Kung",
    "Sigismund, Sweden, King",
    "Sigismund Wasa, Schweden, Ko\u0308nig",
    "Sigismundus III., Polonia, Rex",
    "Sigmund III., Polen, Ko\u0308nig",
    "Zygmunt Waza, Schweden, Ko\u0308nig",
    "Ko\u0308nig von Polen Sigismund III.",
    "Zigmantas Vaza, Lenkija, Karalius",
    "Sigismundus III., Rex Sueciae ac Poloniae",
    "Zygmunt III., Polska, Kro\u0301l",
    "Sigismund, Polska, Kro\u0301l, III.",
    "Sigismund, Polen, Ko\u0308nig, III."
  ],
  "dateOfBirth": "June 20, 1566",
  "dateOfDeath": "April 30, 1632",
  "placeOfBirth": [
    {
      "@id": "https://d-nb.info/gnd/4259459-5",
      "preferredName": "Mariefred"
    }
  ],
  "placeOfDeath": [
    {
      "@id": "https://d-nb.info/gnd/4079048-4",
      "preferredName": "Warschau"
    }
  ],
  "associatedCountry": [
    {
      "@id": "https://d-nb.info/standards/vocab/gnd/geographic-area-code#XA-PL",
      "preferredName": "Polen"
    },
    {
      "@id": "https://d-nb.info/standards/vocab/gnd/geographic-area-code#XA-SE",
      "preferredName": "Schweden"
    }
  ],
  "professionOrOccupation": [
    {
      "preferredName": "Ko\u0308nig von Polen, folgt 1587"
    }
  ],
  "gender": {
    "@id": "https://d-nb.info/standards/vocab/gnd/gender#male",
    "label": "Mann"
  },
  "biographicalOrHistoricalInformation": "ab 1587 als Ko\u0308nig von Polen und Gro\u00dffu\u0308rst von Litauen, gewa\u0308hltes Staatsoberhaupt von Polen-Litauen, ab 1592 bis zu seiner Absetzung durch den schwedischen Sta\u0308ndereichstag 1599 Erbko\u0308nig von Schweden und ab 1599 bis zu seinem Tode 1632 Titularko\u0308nig von Schweden",
  "relatedPerson": [
    {
      "@id": "https://d-nb.info/gnd/12280239X",
      "relationship": "Kapellmeister",
      "preferredName": "Giovanni Francesco Anerio"
    },
    {
      "relationship": "VD-16 Mitverf.",
      "preferredName": "Patriarch von Konstantinopel Jeremias II."
    },
    {
      "@id": "https://d-nb.info/gnd/118595954",
      "relationship": "VD-16 Mitverf.",
      "preferredName": "Antonio Possevino"
    },
    {
      "relationship": "VD-16 Mitverf.",
      "preferredName": "Christoph Storch"
    },
    {
      "@id": "https://d-nb.info/gnd/12852099X",
      "relationship": "VD-16 Mitverf.",
      "preferredName": "Christoph Sturtz"
    },
    {
      "relationship": "VD-16 Mitverf.",
      "preferredName": "Ko\u0308nig Karl IX., von Schweden"
    }
  ],
  "familialRelationship": [
    {
      "@id": "https://d-nb.info/gnd/122841999",
      "relationship": "Vater",
      "preferredName": "Johann III., Schweden, Ko\u0308nig"
    },
    {
      "@id": "https://d-nb.info/gnd/135566967",
      "relationship": "Mutter",
      "preferredName": "Katharina, Schweden, Ko\u0308nigin"
    },
    {
      "@id": "https://d-nb.info/gnd/115772561",
      "relationship": "1.Ehefrau",
      "preferredName": "Anna, Polen, Ko\u0308nigin"
    },
    {
      "@id": "https://d-nb.info/gnd/118834657",
      "relationship": "Sohn",
      "preferredName": "W\u0142adys\u0142aw IV., Polen, Ko\u0308nig"
    },
    {
      "@id": "https://d-nb.info/gnd/122911466",
      "relationship": "2. Ehefrau",
      "preferredName": "Konstancja, Polska, Kro\u0301lowa"
    },
    {
      "@id": "https://d-nb.info/gnd/119389118",
      "relationship": "Sohn",
      "preferredName": "Jan Kazimierz II., Polen, Ko\u0308nig"
    },
    {
      "@id": "https://d-nb.info/gnd/12289278X",
      "relationship": "Sohn",
      "preferredName": "Karol Ferdynand, Polen, Prinz"
    },
    {
      "@id": "https://d-nb.info/gnd/1018113991",
      "relationship": "Tochter",
      "preferredName": "Konstantia, Pfalz, Kurfu\u0308rstin"
    }
  ],
  "depiction": {
    "@id": "https://commons.wikimedia.org/wiki/Special:FilePath/Sigismund%20III%20of%20Poland-Lithuania%20and%20Sweden%20%28Martin%20Kober%29.jpg",
    "publisher": "Wikimedia Commons",
    "copyrighted": "false",
    "creator": [
      "Martin Kober"
    ],
    "creditText": [
      "former image source Kunsthistorisches Museum Wien, Bilddatenbank.; actual image source [1]"
    ],
    "license": [
      {
        "@id": "https://creativecommons.org/publicdomain/mark/1.0/",
        "abbr": "PD",
        "name": "Public Domain",
        "attributionRequired": "false",
        "restrictions": ""
      }
    ],
    "url": "https://commons.wikimedia.org/wiki/File:Sigismund%20III%20of%20Poland-Lithuania%20and%20Sweden%20%28Martin%20Kober%29.jpg?uselang=en",
    "thumbnail": {
      "@id": "https://commons.wikimedia.org/wiki/Special:FilePath/Sigismund%20III%20of%20Poland-Lithuania%20and%20Sweden%20%28Martin%20Kober%29.jpg?width=270"
    }
  },
  "sameAs": [
    {
      "@id": "https://d-nb.info/gnd/119383845/about",
      "collection": {
        "abbr": "DNB",
        "name": "Gemeinsame Normdatei (GND) im Katalog der Deutschen Nationalbibliothek",
        "publisher": "Deutsche Nationalbibliothek",
        "icon": "https://www.dnb.de/SiteGlobals/Frontend/DNBWeb/Images/favicon.png?__blob=normal&v=4"
      }
    },
    {
      "@id": "https://de.wikipedia.org/wiki/Sigismund_III._Wasa",
      "collection": {
        "abbr": "dewiki",
        "name": "Wikipedia (Deutsch)",
        "publisher": "Wikimedia Foundation Inc.",
        "icon": "https://de.wikipedia.org/static/favicon/wikipedia.ico"
      }
    },
    {
      "@id": "https://en.wikipedia.org/wiki/Sigismund_III_Vasa",
      "collection": {
        "abbr": "enwiki",
        "name": "Wikipedia (English)",
        "publisher": "Wikimedia Foundation Inc.",
        "icon": "https://en.wikipedia.org/static/favicon/wikipedia.ico"
      }
    },
    {
      "@id": "https://kaiserhof.geschichte.lmu.de/Q/GND=119383845",
      "collection": {
        "abbr": "KH",
        "name": "Kaiser und H\u00f6fe",
        "publisher": "Ludwig-Maximilians-Universit\u00e4t M\u00fcnchen - Historisches Seminar - Fr\u00fche Neuzeit",
        "icon": "https://kaiserhof.geschichte.lmu.de/favicon.ico"
      }
    },
    {
      "@id": "https://kalliope-verbund.info/gnd/119383845",
      "collection": {
        "abbr": "DE-611",
        "name": "Kalliope Verbundkatalog",
        "publisher": "Staatsbibliothek zu Berlin - Preu\u00dfischer Kulturbesitz",
        "icon": "https://kalliope-verbund.info/img/favicon.ico"
      }
    },
    {
      "@id": "https://www.archivportal-d.de/person/gnd/119383845",
      "collection": {
        "abbr": "ARCHIV-D",
        "name": "Archivportal-D",
        "publisher": "Deutsche Digitale Bibliothek",
        "icon": "https://www.archivportal-d.de/favicon.ico"
      }
    },
    {
      "@id": "https://www.deutsche-digitale-bibliothek.de/person/gnd/119383845",
      "collection": {
        "abbr": "DDB",
        "name": "Deutsche Digitale Bibliothek",
        "publisher": "Deutsche Digitale Bibliothek",
        "icon": "https://www.deutsche-digitale-bibliothek.de/favicon.ico"
      }
    },
    {
      "@id": "https://www.herder-institut.de/bildkatalog/gnd/119383845",
      "collection": {
        "abbr": "ba-herder",
        "name": "Bildarchiv / Herder-Institut",
        "publisher": "Herder-Institut f\u00fcr historische Ostmitteleuropaforschung \u2013 Institut der Leibniz-Gemeinschaft",
        "icon": "https://www.herder-institut.de/themes/custom/herder-institut/images/favicons/favicon.ico"
      }
    },
    {
      "@id": "https://www.portraitindex.de/dokumente/pnd/119383845",
      "collection": {
        "abbr": "Portraitindex",
        "name": "Digitaler Portraitindex der druckgraphischen Bildnisse der Fru\u0308hen Neuzeit",
        "publisher": "Deutsches Dokumentationszentrum fu\u0308r Kunstgeschichte - Bildarchiv Foto Marburg",
        "icon": "https://www.portraitindex.de/favicon.ico"
      }
    },
    {
      "@id": "http://id.loc.gov/rwo/agents/n79036925",
      "collection": {
        "abbr": "LC",
        "name": "NACO Authority File",
        "publisher": "Library of Congress",
        "icon": "https://www.loc.gov/favicon.ico"
      }
    },
    {
      "@id": "http://viaf.org/viaf/45110433",
      "collection": {
        "abbr": "VIAF",
        "name": "Virtual International Authority File (VIAF)",
        "publisher": "OCLC",
        "icon": "https://viaf.org/viaf/images/viaf.ico"
      }
    },
    {
      "@id": "http://www.wikidata.org/entity/Q52940",
      "collection": {
        "abbr": "WIKIDATA",
        "name": "Wikidata",
        "publisher": "Wikimedia Foundation Inc.",
        "icon": "https://www.wikidata.org/static/favicon/wikidata.ico"
      }
    },
    {
      "@id": "https://isni.org/isni/0000000374414735",
      "collection": {
        "abbr": "ISNI",
        "name": "International Standard Name Identifier (ISNI)",
        "publisher": "International Standard Name Identifier (ISNI)",
        "icon": "https://www.isni.org/sites/default/files/isni_new_favicon.ico"
      }
    }
  ]
}