{
  "@context": "http://hub.culturegraph.org/entityfacts/context/v1/entityfacts.jsonld",
  "@id": "https://d-nb.info/gnd/119263580",
  "describedBy": {
    "valid": "2026-04-30T18:57:08Z",
    "license": "https://creativecommons.org/publicdomain/zero/1.0/",
    "@id": "https://hub.culturegraph.org/entityfacts/119263580"
  },
  "preferredName": "Andreas, von O\u0308sterreich, Kardinal",
  "surname": "Andreas, von O\u0308sterreich, Kardinal",
  "@type": "person",
  "variantName": [
    "Andreas, von O\u0308sterreich",
    "Andreas, ab Austria",
    "Andreas, Austriacus",
    "Andreas, Konstanz, Fu\u0308rstbischof",
    "Andreas, Fu\u0308rstbischof von Konstanz",
    "Andreas, Brixen, Bischof",
    "Andreas, Bischof von Brixen",
    "Andreas, Burgau, Markgraf",
    "Andreas von Burgau",
    "Andreas, Markgraf von Burgau",
    "Andreas von O\u0308sterreich"
  ],
  "dateOfBirth": "June 15, 1558",
  "dateOfDeath": "November 12, 1600",
  "placeOfBirth": [
    {
      "@id": "https://d-nb.info/gnd/4304889-4",
      "preferredName": "Br\u030ceznice"
    }
  ],
  "placeOfDeath": [
    {
      "@id": "https://d-nb.info/gnd/4050471-2",
      "preferredName": "Rom"
    }
  ],
  "placeOfActivity": [
    {
      "@id": "https://d-nb.info/gnd/4027098-1",
      "preferredName": "Innsbruck (Region)"
    },
    {
      "@id": "https://d-nb.info/gnd/4101785-7",
      "preferredName": "Murbach"
    },
    {
      "@id": "https://d-nb.info/gnd/4088662-1",
      "preferredName": "Markgrafschaft Burgau"
    },
    {
      "@id": "https://d-nb.info/gnd/4008306-8",
      "preferredName": "Brixen"
    },
    {
      "@id": "https://d-nb.info/gnd/4008460-7",
      "preferredName": "Bru\u0308ssel"
    }
  ],
  "associatedCountry": [
    {
      "@id": "https://d-nb.info/standards/vocab/gnd/geographic-area-code#XA-DE",
      "preferredName": "Deutschland"
    },
    {
      "@id": "https://d-nb.info/standards/vocab/gnd/geographic-area-code#XA-IT",
      "preferredName": "Italien"
    }
  ],
  "professionOrOccupation": [
    {
      "@id": "https://d-nb.info/gnd/4163313-1",
      "preferredName": "Kardinal"
    },
    {
      "@id": "https://d-nb.info/gnd/4006949-7",
      "preferredName": "Bischof"
    },
    {
      "@id": "https://d-nb.info/gnd/4342237-8",
      "preferredName": "Fu\u0308rstabt"
    },
    {
      "@id": "https://d-nb.info/gnd/4304876-6",
      "preferredName": "Fu\u0308rstbischof"
    }
  ],
  "gender": {
    "@id": "https://d-nb.info/standards/vocab/gnd/gender#male",
    "label": "Mann"
  },
  "biographicalOrHistoricalInformation": "1576 Kardinal; 1578 Markgraf von Burgau; 1587-1600 Abt des Klosters Murbach; 1589 Fu\u0308rstbischof von Konstanz; 1590 Bischof von Brixen; 1598-1599 stellvertretender Statthalter von Flandern; harter Vertreter der Gegenreformation",
  "affiliation": [
    {
      "@id": "https://d-nb.info/gnd/1121237428",
      "preferredName": "Katholische Kirche. Dio\u0308zese Konstanz"
    }
  ],
  "familialRelationship": [
    {
      "@id": "https://d-nb.info/gnd/1082452378",
      "preferredName": "Burgau, Familie : 1213-1301"
    },
    {
      "@id": "https://d-nb.info/gnd/119117304",
      "relationship": "Vater",
      "preferredName": "Ferdinand II., O\u0308sterreich, Erzherzog"
    },
    {
      "@id": "https://d-nb.info/gnd/118766686",
      "relationship": "Mutter",
      "preferredName": "Philippine Welser"
    },
    {
      "@id": "https://d-nb.info/gnd/129216038",
      "relationship": "Bruder",
      "preferredName": "Karl, Burgau, Markgraf"
    }
  ],
  "depiction": {
    "@id": "https://commons.wikimedia.org/wiki/Special:FilePath/Andreas%20von%20%C3%96sterreich%20Gem%C3%A4lde%20Brixen.jpg",
    "publisher": "Wikimedia Commons",
    "copyrighted": "false",
    "creator": [
      "Unidentified painter"
    ],
    "creditText": [
      "scan from Die Bisch\u00f6fe von Konstanz, ISBN&nbsp;3-922137-48-2"
    ],
    "license": [
      {
        "@id": "https://creativecommons.org/publicdomain/mark/1.0/",
        "abbr": "PD",
        "name": "Public Domain",
        "attributionRequired": "false",
        "restrictions": ""
      }
    ],
    "url": "https://commons.wikimedia.org/wiki/File:Andreas%20von%20%C3%96sterreich%20Gem%C3%A4lde%20Brixen.jpg?uselang=en",
    "thumbnail": {
      "@id": "https://commons.wikimedia.org/wiki/Special:FilePath/Andreas%20von%20%C3%96sterreich%20Gem%C3%A4lde%20Brixen.jpg?width=270"
    }
  },
  "sameAs": [
    {
      "@id": "https://d-nb.info/gnd/119263580/about",
      "collection": {
        "abbr": "DNB",
        "name": "Gemeinsame Normdatei (GND) im Katalog der Deutschen Nationalbibliothek",
        "publisher": "Deutsche Nationalbibliothek",
        "icon": "https://www.dnb.de/SiteGlobals/Frontend/DNBWeb/Images/favicon.png?__blob=normal&v=4"
      }
    },
    {
      "@id": "http://www.hls-dhs-dss.ch/textes/d/D26337.php",
      "collection": {
        "abbr": "CH_HLS",
        "name": "Historisches Lexikon der Schweiz (HLS)",
        "publisher": "Historisches Lexikon der Schweiz (HLS)",
        "icon": "https://www.hls-dhs-dss.ch/favicon.ico"
      }
    },
    {
      "@id": "https://de.wikipedia.org/wiki/Andreas_von_%C3%96sterreich",
      "collection": {
        "abbr": "dewiki",
        "name": "Wikipedia (Deutsch)",
        "publisher": "Wikimedia Foundation Inc.",
        "icon": "https://de.wikipedia.org/static/favicon/wikipedia.ico"
      }
    },
    {
      "@id": "https://en.wikipedia.org/wiki/Margrave_Andrew_of_Burgau",
      "collection": {
        "abbr": "enwiki",
        "name": "Wikipedia (English)",
        "publisher": "Wikimedia Foundation Inc.",
        "icon": "https://en.wikipedia.org/static/favicon/wikipedia.ico"
      }
    },
    {
      "@id": "https://kaiserhof.geschichte.lmu.de/Q/GND=119263580",
      "collection": {
        "abbr": "KH",
        "name": "Kaiser und H\u00f6fe",
        "publisher": "Ludwig-Maximilians-Universit\u00e4t M\u00fcnchen - Historisches Seminar - Fr\u00fche Neuzeit",
        "icon": "https://kaiserhof.geschichte.lmu.de/favicon.ico"
      }
    },
    {
      "@id": "https://kalliope-verbund.info/gnd/119263580",
      "collection": {
        "abbr": "DE-611",
        "name": "Kalliope Verbundkatalog",
        "publisher": "Staatsbibliothek zu Berlin - Preu\u00dfischer Kulturbesitz",
        "icon": "https://kalliope-verbund.info/img/favicon.ico"
      }
    },
    {
      "@id": "https://www.archivportal-d.de/person/gnd/119263580",
      "collection": {
        "abbr": "ARCHIV-D",
        "name": "Archivportal-D",
        "publisher": "Deutsche Digitale Bibliothek",
        "icon": "https://www.archivportal-d.de/favicon.ico"
      }
    },
    {
      "@id": "https://www.deutsche-biographie.de/pnd119263580.html#adbcontent",
      "collection": {
        "abbr": "ADB",
        "name": "Allgemeine Deutsche Biographie (ADB)",
        "publisher": "Historische Kommission bei der Bayerischen Akademie der Wissenschaften und Bayerische Staatsbibliothek",
        "icon": "https://www.deutsche-biographie.de/favicon.ico"
      }
    },
    {
      "@id": "https://www.deutsche-biographie.de/pnd119263580.html#ndbcontent",
      "collection": {
        "abbr": "NDB",
        "name": "Neue Deutsche Biographie (NDB)",
        "publisher": "Historische Kommission bei der Bayerischen Akademie der Wissenschaften und Bayerische Staatsbibliothek",
        "icon": "https://www.deutsche-biographie.de/favicon.ico"
      }
    },
    {
      "@id": "https://www.deutsche-digitale-bibliothek.de/person/gnd/119263580",
      "collection": {
        "abbr": "DDB",
        "name": "Deutsche Digitale Bibliothek",
        "publisher": "Deutsche Digitale Bibliothek",
        "icon": "https://www.deutsche-digitale-bibliothek.de/favicon.ico"
      }
    },
    {
      "@id": "https://www.portraitindex.de/dokumente/pnd/119263580",
      "collection": {
        "abbr": "Portraitindex",
        "name": "Digitaler Portraitindex der druckgraphischen Bildnisse der Fru\u0308hen Neuzeit",
        "publisher": "Deutsches Dokumentationszentrum fu\u0308r Kunstgeschichte - Bildarchiv Foto Marburg",
        "icon": "https://www.portraitindex.de/favicon.ico"
      }
    },
    {
      "@id": "http://id.loc.gov/rwo/agents/no2022037693",
      "collection": {
        "abbr": "LC",
        "name": "NACO Authority File",
        "publisher": "Library of Congress",
        "icon": "https://www.loc.gov/favicon.ico"
      }
    },
    {
      "@id": "http://viaf.org/viaf/35262397",
      "collection": {
        "abbr": "VIAF",
        "name": "Virtual International Authority File (VIAF)",
        "publisher": "OCLC",
        "icon": "https://viaf.org/viaf/images/viaf.ico"
      }
    },
    {
      "@id": "http://www.wikidata.org/entity/Q501498",
      "collection": {
        "abbr": "WIKIDATA",
        "name": "Wikidata",
        "publisher": "Wikimedia Foundation Inc.",
        "icon": "https://www.wikidata.org/static/favicon/wikidata.ico"
      }
    },
    {
      "@id": "https://isni.org/isni/0000000011705760",
      "collection": {
        "abbr": "ISNI",
        "name": "International Standard Name Identifier (ISNI)",
        "publisher": "International Standard Name Identifier (ISNI)",
        "icon": "https://www.isni.org/sites/default/files/isni_new_favicon.ico"
      }
    }
  ]
}