{
  "@context": "http://hub.culturegraph.org/entityfacts/context/v1/entityfacts.jsonld",
  "@id": "https://d-nb.info/gnd/119258951",
  "describedBy": {
    "valid": "2026-05-01T03:47:19Z",
    "license": "https://creativecommons.org/publicdomain/zero/1.0/",
    "@id": "https://hub.culturegraph.org/entityfacts/119258951"
  },
  "preferredName": "Marc-Antoine Muret",
  "surname": "Muret",
  "forename": "Marc-Antoine",
  "@type": "person",
  "variantName": [
    "Marc-Antoine de Muret",
    "Marc Antoine de Muret",
    "Marc Anton Muret",
    "Marco Antonio Mureto",
    "Marc Anthoine Muret",
    "Marc Anthoine de Muret",
    "Antonius Muretus",
    "Muretus",
    "Marc Antoine Muretus",
    "M. Ant. Muretus",
    "M. Anton. Muretus",
    "Marcus Antonius Muretius",
    "M. Antonius Muretius",
    "Marc-Antoine, de Muret",
    "Marc Antoine Muret",
    "M. A. Muret",
    "Antonius Muretius",
    "Antoine Muret",
    "M. Antonius Muretus",
    "Marcus Antonius Muretus",
    "Marcus A. Muretus",
    "Marc A. Muret",
    "Marc Anthoine de Muret"
  ],
  "dateOfBirth": "April 12, 1526",
  "dateOfDeath": "June 4, 1585",
  "placeOfBirth": [
    {
      "@id": "https://d-nb.info/gnd/4251429-0",
      "preferredName": "Muret"
    }
  ],
  "placeOfDeath": [
    {
      "@id": "https://d-nb.info/gnd/4050471-2",
      "preferredName": "Rom"
    }
  ],
  "associatedCountry": [
    {
      "@id": "https://d-nb.info/standards/vocab/gnd/geographic-area-code#XA-FR",
      "preferredName": "Frankreich"
    },
    {
      "@id": "https://d-nb.info/standards/vocab/gnd/geographic-area-code#XA-IT",
      "preferredName": "Italien"
    }
  ],
  "professionOrOccupation": [
    {
      "@id": "https://d-nb.info/gnd/4160777-6",
      "preferredName": "Humanist"
    },
    {
      "@id": "https://d-nb.info/gnd/4053309-8",
      "preferredName": "Schriftsteller"
    }
  ],
  "gender": {
    "@id": "https://d-nb.info/standards/vocab/gnd/gender#male",
    "label": "Mann"
  },
  "biographicalOrHistoricalInformation": "Franz. Humanist und Dichter, lebte la\u0308ngere Zeit in Italien",
  "relatedPerson": [
    {
      "relationship": "VD-16 Mitverf.",
      "preferredName": "Pompeo Ugonio"
    },
    {
      "relationship": "VD-16 Mitverf.",
      "preferredName": "Marc Antonio Maioragio"
    },
    {
      "@id": "https://d-nb.info/gnd/12169934X",
      "relationship": "VD-16 Mitverf.",
      "preferredName": "Gilbert Cousin"
    },
    {
      "@id": "https://d-nb.info/gnd/119281457",
      "relationship": "VD-16 Mitverf.",
      "preferredName": "Franc\u0327ois Hotman"
    },
    {
      "relationship": "VD-16 Mitverf.",
      "preferredName": "Publius Virgilius Maro"
    },
    {
      "relationship": "VD-16 Mitverf.",
      "preferredName": "Gabriele Faerno"
    },
    {
      "@id": "https://d-nb.info/gnd/11962401X",
      "relationship": "VD-16 Mitverf.",
      "preferredName": "Antonio Boccapaduli"
    },
    {
      "relationship": "VD-16 Mitverf.",
      "preferredName": "Jodocus Willich, der A\u0308ltere"
    },
    {
      "@id": "https://d-nb.info/gnd/119841878",
      "relationship": "VD-16 Mitverf.",
      "preferredName": "Peter Streuber"
    },
    {
      "@id": "https://d-nb.info/gnd/119841274",
      "relationship": "VD-16 Mitverf.",
      "preferredName": "Jakob Strasburg"
    }
  ],
  "depiction": {
    "@id": "https://commons.wikimedia.org/wiki/Special:FilePath/Muretus%20-%20Imagines%20philologorum.jpg",
    "publisher": "Wikimedia Commons",
    "copyrighted": "false",
    "creator": [
      ""
    ],
    "creditText": [
      "http://www.telemachos.hu-berlin.de/bilder/gudeman/gudeman.html"
    ],
    "license": [
      {
        "@id": "https://creativecommons.org/publicdomain/mark/1.0/",
        "abbr": "PD",
        "name": "Public Domain",
        "attributionRequired": "false",
        "restrictions": ""
      }
    ],
    "url": "https://commons.wikimedia.org/wiki/File:Muretus%20-%20Imagines%20philologorum.jpg?uselang=en",
    "thumbnail": {
      "@id": "https://commons.wikimedia.org/wiki/Special:FilePath/Muretus%20-%20Imagines%20philologorum.jpg?width=270"
    }
  },
  "sameAs": [
    {
      "@id": "https://d-nb.info/gnd/119258951/about",
      "collection": {
        "abbr": "DNB",
        "name": "Gemeinsame Normdatei (GND) im Katalog der Deutschen Nationalbibliothek",
        "publisher": "Deutsche Nationalbibliothek",
        "icon": "https://www.dnb.de/SiteGlobals/Frontend/DNBWeb/Images/favicon.png?__blob=normal&v=4"
      }
    },
    {
      "@id": "http://catalogue.bnf.fr/ark:/12148/cb11917265w",
      "collection": {
        "abbr": "BNF",
        "name": "Bibliothe\u0300que nationale de France",
        "publisher": "Bibliothe\u0300que nationale de France",
        "icon": "https://www.bnf.fr/themes/custom/bnfsi/favicon.ico"
      }
    },
    {
      "@id": "https://de.wikipedia.org/wiki/Marcus_Antonius_Muretus",
      "collection": {
        "abbr": "dewiki",
        "name": "Wikipedia (Deutsch)",
        "publisher": "Wikimedia Foundation Inc.",
        "icon": "https://de.wikipedia.org/static/favicon/wikipedia.ico"
      }
    },
    {
      "@id": "https://en.wikipedia.org/wiki/Muretus",
      "collection": {
        "abbr": "enwiki",
        "name": "Wikipedia (English)",
        "publisher": "Wikimedia Foundation Inc.",
        "icon": "https://en.wikipedia.org/static/favicon/wikipedia.ico"
      }
    },
    {
      "@id": "https://kalliope-verbund.info/gnd/119258951",
      "collection": {
        "abbr": "DE-611",
        "name": "Kalliope Verbundkatalog",
        "publisher": "Staatsbibliothek zu Berlin - Preu\u00dfischer Kulturbesitz",
        "icon": "https://kalliope-verbund.info/img/favicon.ico"
      }
    },
    {
      "@id": "https://raa.gf-franken.de/de/suche-nach-stammbucheintraegen.html?permaLink=1578_amman;20",
      "collection": {
        "abbr": "RAAE",
        "name": "Repertorium Alborum Amicorum (RAA) - Stammbucheintr\u00e4ge",
        "publisher": "Department Germanistik und Komparatistik der Friedrich-Alexander-Universit\u00e4t Erlangen-N\u00fcrnberg in Zusammenarbeit mit der Gesellschaft f\u00fcr Familienforschung in Franken",
        "icon": "https://www.gf-franken.de/favicon.ico"
      }
    },
    {
      "@id": "https://www.deutsche-digitale-bibliothek.de/person/gnd/119258951",
      "collection": {
        "abbr": "DDB",
        "name": "Deutsche Digitale Bibliothek",
        "publisher": "Deutsche Digitale Bibliothek",
        "icon": "https://www.deutsche-digitale-bibliothek.de/favicon.ico"
      }
    },
    {
      "@id": "https://www.portraitindex.de/dokumente/pnd/119258951",
      "collection": {
        "abbr": "Portraitindex",
        "name": "Digitaler Portraitindex der druckgraphischen Bildnisse der Fru\u0308hen Neuzeit",
        "publisher": "Deutsches Dokumentationszentrum fu\u0308r Kunstgeschichte - Bildarchiv Foto Marburg",
        "icon": "https://www.portraitindex.de/favicon.ico"
      }
    },
    {
      "@id": "http://id.loc.gov/rwo/agents/n87813638",
      "collection": {
        "abbr": "LC",
        "name": "NACO Authority File",
        "publisher": "Library of Congress",
        "icon": "https://www.loc.gov/favicon.ico"
      }
    },
    {
      "@id": "http://viaf.org/viaf/100191387",
      "collection": {
        "abbr": "VIAF",
        "name": "Virtual International Authority File (VIAF)",
        "publisher": "OCLC",
        "icon": "https://viaf.org/viaf/images/viaf.ico"
      }
    },
    {
      "@id": "http://www.wikidata.org/entity/Q1345657",
      "collection": {
        "abbr": "WIKIDATA",
        "name": "Wikidata",
        "publisher": "Wikimedia Foundation Inc.",
        "icon": "https://www.wikidata.org/static/favicon/wikidata.ico"
      }
    },
    {
      "@id": "https://isni.org/isni/000000012145128X",
      "collection": {
        "abbr": "ISNI",
        "name": "International Standard Name Identifier (ISNI)",
        "publisher": "International Standard Name Identifier (ISNI)",
        "icon": "https://www.isni.org/sites/default/files/isni_new_favicon.ico"
      }
    }
  ]
}