{
  "@context": "http://hub.culturegraph.org/entityfacts/context/v1/entityfacts.jsonld",
  "@id": "https://d-nb.info/gnd/119181789",
  "describedBy": {
    "valid": "2026-05-01T21:27:59Z",
    "license": "https://creativecommons.org/publicdomain/zero/1.0/",
    "@id": "https://hub.culturegraph.org/entityfacts/119181789"
  },
  "preferredName": "Cecylia Renata, Polska, Kro\u0301lowa",
  "surname": "Cecylia Renata, Polska, Kro\u0301lowa",
  "@type": "person",
  "titleOfNobility": [
    "Ko\u0308nigin"
  ],
  "variantName": [
    "Ca\u0308cilie Renata, Polen, Ko\u0308nigin",
    "Caecilia Renata, Schweden, Ko\u0308nigin",
    "Cecylia Renata, Polen, Ko\u0308nigin",
    "Ca\u0308cilia Renata, Polen, Ko\u0308nigin",
    "Ca\u0308cilia Renata, O\u0308sterreich, Erzherzogin",
    "Caecilia Renata, Austria, Archiduca",
    "Cecilie Renate, Polen und Schweden, Ko\u0308nigin",
    "Ca\u0308cilie, Polen, Ko\u0308nigin",
    "Renata Cecylia",
    "Renata Ca\u0308cilia",
    "Ca\u0308cilia Renata von Habsburg",
    "Cecylia Renata Habsburz\u0307anka"
  ],
  "dateOfBirth": "July 16, 1611",
  "dateOfDeath": "March 24, 1644",
  "placeOfBirth": [
    {
      "@id": "https://d-nb.info/gnd/4021912-4",
      "preferredName": "Graz"
    }
  ],
  "placeOfDeath": [
    {
      "@id": "https://d-nb.info/gnd/5057560-0",
      "preferredName": "Vilnius"
    }
  ],
  "associatedCountry": [
    {
      "@id": "https://d-nb.info/standards/vocab/gnd/geographic-area-code#XA-PL",
      "preferredName": "Polen"
    },
    {
      "@id": "https://d-nb.info/standards/vocab/gnd/geographic-area-code#XA-AT",
      "preferredName": "\u00d6sterreich"
    }
  ],
  "gender": {
    "@id": "https://d-nb.info/standards/vocab/gnd/gender#female",
    "label": "Frau"
  },
  "biographicalOrHistoricalInformation": "Poln. Ko\u0308nigin aus der Familie der Habsburger; Erzherzogin von O\u0308sterreich; Gro\u00dffu\u0308rstin von Litauen",
  "familialRelationship": [
    {
      "@id": "https://d-nb.info/gnd/118532510",
      "relationship": "Vater",
      "preferredName": "Ferdinand II., Heiliges Ro\u0308misches Reich, Kaiser"
    },
    {
      "@id": "https://d-nb.info/gnd/120099942",
      "relationship": "Mutter",
      "preferredName": "Maria Anna, O\u0308sterreich, Erzherzogin"
    },
    {
      "@id": "https://d-nb.info/gnd/118834657",
      "relationship": "Ehemann",
      "preferredName": "W\u0142adys\u0142aw IV., Polen, Ko\u0308nig"
    },
    {
      "@id": "https://d-nb.info/gnd/118532529",
      "relationship": "Bruder",
      "preferredName": "Ferdinand III., Heiliges Ro\u0308misches Reich, Kaiser"
    }
  ],
  "depiction": {
    "@id": "https://commons.wikimedia.org/wiki/Special:FilePath/Cecilia%20Renata%20%281611-1644%29%2C%20Archduchess%20of%20Austria%2C%20Queen%20of%20Poland%20-%20Nationalmuseum%20-%2016086.tif",
    "publisher": "Wikimedia Commons",
    "copyrighted": "false",
    "creator": [
      "Peter Danckerts de Rij"
    ],
    "creditText": [
      "Nationalmuseum"
    ],
    "license": [
      {
        "@id": "https://creativecommons.org/publicdomain/mark/1.0/",
        "abbr": "PD",
        "name": "Public Domain",
        "attributionRequired": "false",
        "restrictions": ""
      }
    ],
    "url": "https://commons.wikimedia.org/wiki/File:Cecilia%20Renata%20%281611-1644%29%2C%20Archduchess%20of%20Austria%2C%20Queen%20of%20Poland%20-%20Nationalmuseum%20-%2016086.tif?uselang=en",
    "thumbnail": {
      "@id": "https://commons.wikimedia.org/wiki/Special:FilePath/Cecilia%20Renata%20%281611-1644%29%2C%20Archduchess%20of%20Austria%2C%20Queen%20of%20Poland%20-%20Nationalmuseum%20-%2016086.tif?width=270"
    }
  },
  "sameAs": [
    {
      "@id": "https://d-nb.info/gnd/119181789/about",
      "collection": {
        "abbr": "DNB",
        "name": "Gemeinsame Normdatei (GND) im Katalog der Deutschen Nationalbibliothek",
        "publisher": "Deutsche Nationalbibliothek",
        "icon": "https://www.dnb.de/SiteGlobals/Frontend/DNBWeb/Images/favicon.png?__blob=normal&v=4"
      }
    },
    {
      "@id": "https://de.wikipedia.org/wiki/C%C3%A4cilia_Renata_von_%C3%96sterreich",
      "collection": {
        "abbr": "dewiki",
        "name": "Wikipedia (Deutsch)",
        "publisher": "Wikimedia Foundation Inc.",
        "icon": "https://de.wikipedia.org/static/favicon/wikipedia.ico"
      }
    },
    {
      "@id": "https://en.wikipedia.org/wiki/Cecilia_Renata_of_Austria",
      "collection": {
        "abbr": "enwiki",
        "name": "Wikipedia (English)",
        "publisher": "Wikimedia Foundation Inc.",
        "icon": "https://en.wikipedia.org/static/favicon/wikipedia.ico"
      }
    },
    {
      "@id": "https://kaiserhof.geschichte.lmu.de/Q/GND=119181789",
      "collection": {
        "abbr": "KH",
        "name": "Kaiser und H\u00f6fe",
        "publisher": "Ludwig-Maximilians-Universit\u00e4t M\u00fcnchen - Historisches Seminar - Fr\u00fche Neuzeit",
        "icon": "https://kaiserhof.geschichte.lmu.de/favicon.ico"
      }
    },
    {
      "@id": "https://kalliope-verbund.info/gnd/119181789",
      "collection": {
        "abbr": "DE-611",
        "name": "Kalliope Verbundkatalog",
        "publisher": "Staatsbibliothek zu Berlin - Preu\u00dfischer Kulturbesitz",
        "icon": "https://kalliope-verbund.info/img/favicon.ico"
      }
    },
    {
      "@id": "https://www.archivportal-d.de/person/gnd/119181789",
      "collection": {
        "abbr": "ARCHIV-D",
        "name": "Archivportal-D",
        "publisher": "Deutsche Digitale Bibliothek",
        "icon": "https://www.archivportal-d.de/favicon.ico"
      }
    },
    {
      "@id": "https://www.deutsche-digitale-bibliothek.de/person/gnd/119181789",
      "collection": {
        "abbr": "DDB",
        "name": "Deutsche Digitale Bibliothek",
        "publisher": "Deutsche Digitale Bibliothek",
        "icon": "https://www.deutsche-digitale-bibliothek.de/favicon.ico"
      }
    },
    {
      "@id": "https://www.portraitindex.de/dokumente/pnd/119181789",
      "collection": {
        "abbr": "Portraitindex",
        "name": "Digitaler Portraitindex der druckgraphischen Bildnisse der Fru\u0308hen Neuzeit",
        "publisher": "Deutsches Dokumentationszentrum fu\u0308r Kunstgeschichte - Bildarchiv Foto Marburg",
        "icon": "https://www.portraitindex.de/favicon.ico"
      }
    },
    {
      "@id": "http://id.loc.gov/rwo/agents/n94068141",
      "collection": {
        "abbr": "LC",
        "name": "NACO Authority File",
        "publisher": "Library of Congress",
        "icon": "https://www.loc.gov/favicon.ico"
      }
    },
    {
      "@id": "http://viaf.org/viaf/10650314",
      "collection": {
        "abbr": "VIAF",
        "name": "Virtual International Authority File (VIAF)",
        "publisher": "OCLC",
        "icon": "https://viaf.org/viaf/images/viaf.ico"
      }
    },
    {
      "@id": "http://www.wikidata.org/entity/Q233775",
      "collection": {
        "abbr": "WIKIDATA",
        "name": "Wikidata",
        "publisher": "Wikimedia Foundation Inc.",
        "icon": "https://www.wikidata.org/static/favicon/wikidata.ico"
      }
    },
    {
      "@id": "https://isni.org/isni/0000000109541178",
      "collection": {
        "abbr": "ISNI",
        "name": "International Standard Name Identifier (ISNI)",
        "publisher": "International Standard Name Identifier (ISNI)",
        "icon": "https://www.isni.org/sites/default/files/isni_new_favicon.ico"
      }
    }
  ]
}