{
  "@context": "http://hub.culturegraph.org/entityfacts/context/v1/entityfacts.jsonld",
  "@id": "https://d-nb.info/gnd/119180049",
  "describedBy": {
    "valid": "2026-04-28T05:51:32Z",
    "license": "https://creativecommons.org/publicdomain/zero/1.0/",
    "@id": "https://hub.culturegraph.org/entityfacts/119180049"
  },
  "preferredName": "Daniel Cramer",
  "surname": "Cramer",
  "forename": "Daniel",
  "@type": "person",
  "variantName": [
    "Daniel Kramerus",
    "D. C.",
    "D. C. D.",
    "Daniel Cramerus",
    "Daniel Kramer",
    "Danielus Cramerus",
    "Daniel Crammer"
  ],
  "pseudonym": [
    {
      "preferredName": "Daniel Candidus"
    }
  ],
  "dateOfBirth": "January 20, 1568",
  "dateOfDeath": "October 5, 1637",
  "placeOfBirth": [
    {
      "@id": "https://d-nb.info/gnd/5058457-1",
      "preferredName": "Reetz, Neumark"
    }
  ],
  "placeOfDeath": [
    {
      "@id": "https://d-nb.info/gnd/4057392-8",
      "preferredName": "Stettin"
    }
  ],
  "placeOfActivity": [
    {
      "@id": "https://d-nb.info/gnd/4066640-2",
      "preferredName": "Wittenberg"
    },
    {
      "@id": "https://d-nb.info/gnd/4057392-8",
      "preferredName": "Stettin"
    }
  ],
  "associatedCountry": [
    {
      "@id": "https://d-nb.info/standards/vocab/gnd/geographic-area-code#XA-DE",
      "preferredName": "Deutschland"
    }
  ],
  "professionOrOccupation": [
    {
      "@id": "https://d-nb.info/gnd/4015882-2",
      "preferredName": "Evangelischer Theologe"
    },
    {
      "@id": "https://d-nb.info/gnd/4132592-8",
      "preferredName": "Pfarrer"
    },
    {
      "@id": "https://d-nb.info/gnd/4398098-3",
      "preferredName": "Generalsuperintendent"
    },
    {
      "@id": "https://d-nb.info/gnd/4210801-9",
      "preferredName": "Hofprediger"
    },
    {
      "@id": "https://d-nb.info/gnd/4025098-2",
      "preferredName": "Historiker"
    },
    {
      "@id": "https://d-nb.info/gnd/4168391-2",
      "preferredName": "Lyriker"
    },
    {
      "@id": "https://d-nb.info/gnd/4158589-6",
      "preferredName": "Gymnasiallehrer"
    }
  ],
  "gender": {
    "@id": "https://d-nb.info/standards/vocab/gnd/gender#male",
    "label": "Mann"
  },
  "biographicalOrHistoricalInformation": "Evangelisch-lutherischer Theologe, Lyriker und Satiriker, Historiker; Student in Rostock; zeitw. Prof. der Logik in Wittenberg; 1595 Prof. am Gymnasium in Stettin; 1597 Pfarrer, Generalsuperintendent und Hofprediger in Stettin, Konsistorialassessor",
  "relatedPerson": [
    {
      "@id": "https://d-nb.info/gnd/129234168",
      "relationship": "VD-16 Mitverf.",
      "preferredName": "Martin Chemnitz"
    },
    {
      "@id": "https://d-nb.info/gnd/119666839",
      "relationship": "VD-16 Mitverf.",
      "preferredName": "Jakob von Stettin Faber"
    },
    {
      "@id": "https://d-nb.info/gnd/124982220",
      "relationship": "VD-16 Mitverf.",
      "preferredName": "Matthias Flacius"
    },
    {
      "@id": "https://d-nb.info/gnd/100126030",
      "relationship": "VD-16 Mitverf.",
      "preferredName": "Salomon Frenzel von Friedenthal"
    },
    {
      "@id": "https://d-nb.info/gnd/117543640",
      "relationship": "VD-16 Mitverf.",
      "preferredName": "Salomon Gesner"
    },
    {
      "@id": "https://d-nb.info/gnd/128417676",
      "relationship": "VD-16 Mitverf.",
      "preferredName": "Elias Hasenmu\u0308ller"
    },
    {
      "@id": "https://d-nb.info/gnd/100295886",
      "relationship": "VD-16 Mitverf.",
      "preferredName": "Aegidius Hunnius"
    },
    {
      "relationship": "VD-16 Mitverf.",
      "preferredName": "Polykarp Leyser"
    },
    {
      "@id": "https://d-nb.info/gnd/117671622",
      "relationship": "VD-16 Mitverf.",
      "preferredName": "Duncan Liddel"
    },
    {
      "@id": "https://d-nb.info/gnd/119755831",
      "relationship": "VD-16 Mitverf.",
      "preferredName": "Johannes Matthiae"
    }
  ],
  "familialRelationship": [
    {
      "@id": "https://d-nb.info/gnd/1202558062",
      "relationship": "1. Ehefrau",
      "preferredName": "Erdmud Schmied"
    },
    {
      "@id": "https://d-nb.info/gnd/128440341",
      "relationship": "2. Ehefrau",
      "preferredName": "Elisabeth Cramer"
    },
    {
      "@id": "https://d-nb.info/gnd/124502229",
      "relationship": "Sohn",
      "preferredName": "Johann Jacob Cramer"
    },
    {
      "@id": "https://d-nb.info/gnd/124183832",
      "relationship": "Sohn",
      "preferredName": "Daniel Cramer"
    },
    {
      "@id": "https://d-nb.info/gnd/123438462",
      "relationship": "Sohn",
      "preferredName": "Friedrich Cramer"
    }
  ],
  "depiction": {
    "@id": "https://commons.wikimedia.org/wiki/Special:FilePath/CramerD.JPG",
    "publisher": "Wikimedia Commons",
    "copyrighted": "false",
    "creator": [
      "Linck, I. &lt;Stecher&gt; - Hoffmann, J. P. &lt;Verleger&gt;"
    ],
    "creditText": [
      "http://192.124.243.55/portraets/c/3/C369.JPG Portr\u00e4tdatenbank der Franckeschen Stiftungen"
    ],
    "license": [
      {
        "@id": "https://creativecommons.org/publicdomain/mark/1.0/",
        "abbr": "PD",
        "name": "Public Domain",
        "attributionRequired": "false",
        "restrictions": ""
      }
    ],
    "url": "https://commons.wikimedia.org/wiki/File:CramerD.JPG?uselang=en",
    "thumbnail": {
      "@id": "https://commons.wikimedia.org/wiki/Special:FilePath/CramerD.JPG?width=270"
    }
  },
  "sameAs": [
    {
      "@id": "https://d-nb.info/gnd/119180049/about",
      "collection": {
        "abbr": "DNB",
        "name": "Gemeinsame Normdatei (GND) im Katalog der Deutschen Nationalbibliothek",
        "publisher": "Deutsche Nationalbibliothek",
        "icon": "https://www.dnb.de/SiteGlobals/Frontend/DNBWeb/Images/favicon.png?__blob=normal&v=4"
      }
    },
    {
      "@id": "http://catalogue.bnf.fr/ark:/12148/cb12005803w",
      "collection": {
        "abbr": "BNF",
        "name": "Bibliothe\u0300que nationale de France",
        "publisher": "Bibliothe\u0300que nationale de France",
        "icon": "https://www.bnf.fr/themes/custom/bnfsi/favicon.ico"
      }
    },
    {
      "@id": "https://de.wikipedia.org/wiki/Daniel_Cramer_%28Theologe%29",
      "collection": {
        "abbr": "dewiki",
        "name": "Wikipedia (Deutsch)",
        "publisher": "Wikimedia Foundation Inc.",
        "icon": "https://de.wikipedia.org/static/favicon/wikipedia.ico"
      }
    },
    {
      "@id": "https://en.wikipedia.org/wiki/Daniel_Cramer",
      "collection": {
        "abbr": "enwiki",
        "name": "Wikipedia (English)",
        "publisher": "Wikimedia Foundation Inc.",
        "icon": "https://en.wikipedia.org/static/favicon/wikipedia.ico"
      }
    },
    {
      "@id": "https://kalliope-verbund.info/gnd/119180049",
      "collection": {
        "abbr": "DE-611",
        "name": "Kalliope Verbundkatalog",
        "publisher": "Staatsbibliothek zu Berlin - Preu\u00dfischer Kulturbesitz",
        "icon": "https://kalliope-verbund.info/img/favicon.ico"
      }
    },
    {
      "@id": "https://raa.gf-franken.de/de/suche-nach-stammbucheintraegen.html?permaLink=1580_nn_ott;18",
      "collection": {
        "abbr": "RAAE",
        "name": "Repertorium Alborum Amicorum (RAA) - Stammbucheintr\u00e4ge",
        "publisher": "Department Germanistik und Komparatistik der Friedrich-Alexander-Universit\u00e4t Erlangen-N\u00fcrnberg in Zusammenarbeit mit der Gesellschaft f\u00fcr Familienforschung in Franken",
        "icon": "https://www.gf-franken.de/favicon.ico"
      }
    },
    {
      "@id": "https://raa.gf-franken.de/de/suche-nach-stammbuechern.html?permaLink=1591_cramer",
      "collection": {
        "abbr": "RAAS",
        "name": "Repertorium Alborum Amicorum (RAA) - Stammb\u00fccher",
        "publisher": "Department Germanistik und Komparatistik der Friedrich-Alexander-Universit\u00e4t Erlangen-N\u00fcrnberg in Zusammenarbeit mit der Gesellschaft f\u00fcr Familienforschung in Franken",
        "icon": "https://www.gf-franken.de/favicon.ico"
      }
    },
    {
      "@id": "https://www.deutsche-biographie.de/pnd119180049.html#adbcontent",
      "collection": {
        "abbr": "ADB",
        "name": "Allgemeine Deutsche Biographie (ADB)",
        "publisher": "Historische Kommission bei der Bayerischen Akademie der Wissenschaften und Bayerische Staatsbibliothek",
        "icon": "https://www.deutsche-biographie.de/favicon.ico"
      }
    },
    {
      "@id": "https://www.deutsche-digitale-bibliothek.de/person/gnd/119180049",
      "collection": {
        "abbr": "DDB",
        "name": "Deutsche Digitale Bibliothek",
        "publisher": "Deutsche Digitale Bibliothek",
        "icon": "https://www.deutsche-digitale-bibliothek.de/favicon.ico"
      }
    },
    {
      "@id": "https://www.portraitindex.de/dokumente/pnd/119180049",
      "collection": {
        "abbr": "Portraitindex",
        "name": "Digitaler Portraitindex der druckgraphischen Bildnisse der Fru\u0308hen Neuzeit",
        "publisher": "Deutsches Dokumentationszentrum fu\u0308r Kunstgeschichte - Bildarchiv Foto Marburg",
        "icon": "https://www.portraitindex.de/favicon.ico"
      }
    },
    {
      "@id": "http://id.loc.gov/rwo/agents/n87141029",
      "collection": {
        "abbr": "LC",
        "name": "NACO Authority File",
        "publisher": "Library of Congress",
        "icon": "https://www.loc.gov/favicon.ico"
      }
    },
    {
      "@id": "http://viaf.org/viaf/24611621",
      "collection": {
        "abbr": "VIAF",
        "name": "Virtual International Authority File (VIAF)",
        "publisher": "OCLC",
        "icon": "https://viaf.org/viaf/images/viaf.ico"
      }
    },
    {
      "@id": "http://www.wikidata.org/entity/Q95479",
      "collection": {
        "abbr": "WIKIDATA",
        "name": "Wikidata",
        "publisher": "Wikimedia Foundation Inc.",
        "icon": "https://www.wikidata.org/static/favicon/wikidata.ico"
      }
    },
    {
      "@id": "https://isni.org/isni/0000000108793090",
      "collection": {
        "abbr": "ISNI",
        "name": "International Standard Name Identifier (ISNI)",
        "publisher": "International Standard Name Identifier (ISNI)",
        "icon": "https://www.isni.org/sites/default/files/isni_new_favicon.ico"
      }
    }
  ]
}