{
  "@context": "http://hub.culturegraph.org/entityfacts/context/v1/entityfacts.jsonld",
  "@id": "https://d-nb.info/gnd/119177269",
  "describedBy": {
    "valid": "2026-05-02T10:00:40Z",
    "license": "https://creativecommons.org/publicdomain/zero/1.0/",
    "@id": "https://hub.culturegraph.org/entityfacts/119177269"
  },
  "preferredName": "Georg Friedrich, Waldeck, Fu\u0308rst",
  "surname": "Georg Friedrich, Waldeck, Fu\u0308rst",
  "@type": "person",
  "titleOfNobility": [
    "Reichsfu\u0308rst",
    "Graf"
  ],
  "variantName": [
    "Georg Friedrich von Waldeck-Eisenberg",
    "George Fridericus de Waldeck",
    "Georg Friedrich von Waldeck",
    "George Frederick, Waldeck, Comte",
    "Georg Friedrich, Waldeck-Pyrmont-Culemborg, Fu\u0308rst",
    "Georg Friedrich I., Waldeck-Wildungen, Fu\u0308rst",
    "Georgius Fridericus, Waldeccia, Comes",
    "Georgius Fridericus, Waldeccia-Piermons-Culemburg, Comes",
    "Georg Friedrich von Waldeck und Pyrmont",
    "George Frederick, Waldeck, Prince",
    "Georg Friedrich von Waldeck",
    "Georg Friedrich, Pyrmont und Culemburg, Graf",
    "George Friedrich von Waldeck",
    "Georg Friedrich zu Waldeck",
    "Georg Friderich zu Waldeck",
    "Georg Friedrich von Waldec",
    "G. F. von Waldeck",
    "Georg Friedrich Waldeck",
    "Georg Friedrich, Grand Prieur de Vando\u0302me",
    "Georg Friedrich, Waldeck und Pyrmont, Fu\u0308rst",
    "Georg Friedrich, Waldeck, Graf",
    "Georg Friedrich, Waldeck-Eisenberg, Graf"
  ],
  "pseudonym": [
    {
      "preferredName": "Germanicus Hanenfeind"
    },
    {
      "preferredName": "Germanicus Hahnenfeind"
    }
  ],
  "dateOfBirth": "January 31, 1620",
  "dateOfDeath": "November 19, 1692",
  "associatedCountry": [
    {
      "@id": "https://d-nb.info/standards/vocab/gnd/geographic-area-code#XA-DE",
      "preferredName": "Deutschland"
    },
    {
      "@id": "https://d-nb.info/standards/vocab/gnd/geographic-area-code#XA-NL",
      "preferredName": "Niederlande"
    }
  ],
  "professionOrOccupation": [
    {
      "preferredName": "Reichsfeldmarschall"
    },
    {
      "@id": "https://d-nb.info/gnd/4481478-1",
      "preferredName": "Generalkapita\u0308n"
    },
    {
      "preferredName": "Reichsgeneralfeldmarschall"
    }
  ],
  "gender": {
    "@id": "https://d-nb.info/standards/vocab/gnd/gender#male",
    "label": "Mann"
  },
  "biographicalOrHistoricalInformation": "Graf; Fu\u0308rst; Preu\u00dfischer Offizier und Reichsfu\u0308rst; Pseud. nur lt. AK der Wu\u0308rttemb. Landesbibliothek; Landesherr u. Reichsfeldmarschall ; Folgt 1664. Fu\u0308rst seit 1682",
  "familialRelationship": [
    {
      "@id": "https://d-nb.info/gnd/104194650",
      "relationship": "Vater",
      "preferredName": "Wolrad IV., Waldeck, Graf"
    },
    {
      "@id": "https://d-nb.info/gnd/1202824951",
      "relationship": "Mutter",
      "preferredName": "Anna, Waldeck, Gra\u0308fin"
    },
    {
      "@id": "https://d-nb.info/gnd/1325001341",
      "relationship": "Ehefrau",
      "preferredName": "Elisabeth Charlotte, Waldeck, Gra\u0308fin"
    },
    {
      "@id": "https://d-nb.info/gnd/134417065X",
      "relationship": "Tochter",
      "preferredName": "Sophie Henriette, Sachsen-Hildburghausen, Herzogin"
    }
  ],
  "depiction": {
    "@id": "https://commons.wikimedia.org/wiki/Special:FilePath/Georg%20Friedrich%2C%20count%20of%20Waldeck%2C%20painted%20by%20Johann%20Valentin%20Tischbein%2C%20ca%201750.jpg",
    "publisher": "Wikimedia Commons",
    "copyrighted": "false",
    "creator": [
      "Johann Valentin Tischbein"
    ],
    "creditText": [
      "Minis, S., De terugkeer van de gouverneurs. De Gouverneursportretten uit het Jachtslot Fasanerie te Fulda. Maastricht, 1998, p.29"
    ],
    "license": [
      {
        "@id": "https://creativecommons.org/publicdomain/mark/1.0/",
        "abbr": "PD",
        "name": "Public Domain",
        "attributionRequired": "false",
        "restrictions": ""
      }
    ],
    "url": "https://commons.wikimedia.org/wiki/File:Georg%20Friedrich%2C%20count%20of%20Waldeck%2C%20painted%20by%20Johann%20Valentin%20Tischbein%2C%20ca%201750.jpg?uselang=en",
    "thumbnail": {
      "@id": "https://commons.wikimedia.org/wiki/Special:FilePath/Georg%20Friedrich%2C%20count%20of%20Waldeck%2C%20painted%20by%20Johann%20Valentin%20Tischbein%2C%20ca%201750.jpg?width=270"
    }
  },
  "sameAs": [
    {
      "@id": "https://d-nb.info/gnd/119177269/about",
      "collection": {
        "abbr": "DNB",
        "name": "Gemeinsame Normdatei (GND) im Katalog der Deutschen Nationalbibliothek",
        "publisher": "Deutsche Nationalbibliothek",
        "icon": "https://www.dnb.de/SiteGlobals/Frontend/DNBWeb/Images/favicon.png?__blob=normal&v=4"
      }
    },
    {
      "@id": "https://de.wikipedia.org/wiki/Georg_Friedrich_%28Waldeck-Eisenberg%29",
      "collection": {
        "abbr": "dewiki",
        "name": "Wikipedia (Deutsch)",
        "publisher": "Wikimedia Foundation Inc.",
        "icon": "https://de.wikipedia.org/static/favicon/wikipedia.ico"
      }
    },
    {
      "@id": "https://en.wikipedia.org/wiki/Prince_Georg_Friedrich_of_Waldeck",
      "collection": {
        "abbr": "enwiki",
        "name": "Wikipedia (English)",
        "publisher": "Wikimedia Foundation Inc.",
        "icon": "https://en.wikipedia.org/static/favicon/wikipedia.ico"
      }
    },
    {
      "@id": "https://kaiserhof.geschichte.lmu.de/Q/GND=119177269",
      "collection": {
        "abbr": "KH",
        "name": "Kaiser und H\u00f6fe",
        "publisher": "Ludwig-Maximilians-Universit\u00e4t M\u00fcnchen - Historisches Seminar - Fr\u00fche Neuzeit",
        "icon": "https://kaiserhof.geschichte.lmu.de/favicon.ico"
      }
    },
    {
      "@id": "https://kalliope-verbund.info/gnd/119177269",
      "collection": {
        "abbr": "DE-611",
        "name": "Kalliope Verbundkatalog",
        "publisher": "Staatsbibliothek zu Berlin - Preu\u00dfischer Kulturbesitz",
        "icon": "https://kalliope-verbund.info/img/favicon.ico"
      }
    },
    {
      "@id": "https://www.deutsche-biographie.de/pnd119177269.html#adbcontent",
      "collection": {
        "abbr": "ADB",
        "name": "Allgemeine Deutsche Biographie (ADB)",
        "publisher": "Historische Kommission bei der Bayerischen Akademie der Wissenschaften und Bayerische Staatsbibliothek",
        "icon": "https://www.deutsche-biographie.de/favicon.ico"
      }
    },
    {
      "@id": "https://www.deutsche-biographie.de/pnd119177269.html#ndbcontent",
      "collection": {
        "abbr": "NDB",
        "name": "Neue Deutsche Biographie (NDB)",
        "publisher": "Historische Kommission bei der Bayerischen Akademie der Wissenschaften und Bayerische Staatsbibliothek",
        "icon": "https://www.deutsche-biographie.de/favicon.ico"
      }
    },
    {
      "@id": "https://www.deutsche-digitale-bibliothek.de/person/gnd/119177269",
      "collection": {
        "abbr": "DDB",
        "name": "Deutsche Digitale Bibliothek",
        "publisher": "Deutsche Digitale Bibliothek",
        "icon": "https://www.deutsche-digitale-bibliothek.de/favicon.ico"
      }
    },
    {
      "@id": "https://www.lagis-hessen.de/pnd/119177269",
      "collection": {
        "abbr": "LAGIS",
        "name": "Hessische Biografie",
        "publisher": "Hessisches Landesamt fu\u0308r geschichtliche Landeskunde",
        "icon": "https://www.lagis-hessen.de/favicon.ico"
      }
    },
    {
      "@id": "https://www.portraitindex.de/dokumente/pnd/119177269",
      "collection": {
        "abbr": "Portraitindex",
        "name": "Digitaler Portraitindex der druckgraphischen Bildnisse der Fru\u0308hen Neuzeit",
        "publisher": "Deutsches Dokumentationszentrum fu\u0308r Kunstgeschichte - Bildarchiv Foto Marburg",
        "icon": "https://www.portraitindex.de/favicon.ico"
      }
    },
    {
      "@id": "http://id.loc.gov/rwo/agents/n85311252",
      "collection": {
        "abbr": "LC",
        "name": "NACO Authority File",
        "publisher": "Library of Congress",
        "icon": "https://www.loc.gov/favicon.ico"
      }
    },
    {
      "@id": "http://viaf.org/viaf/74657325",
      "collection": {
        "abbr": "VIAF",
        "name": "Virtual International Authority File (VIAF)",
        "publisher": "OCLC",
        "icon": "https://viaf.org/viaf/images/viaf.ico"
      }
    },
    {
      "@id": "http://www.wikidata.org/entity/Q62507",
      "collection": {
        "abbr": "WIKIDATA",
        "name": "Wikidata",
        "publisher": "Wikimedia Foundation Inc.",
        "icon": "https://www.wikidata.org/static/favicon/wikidata.ico"
      }
    },
    {
      "@id": "https://isni.org/isni/0000000115751593",
      "collection": {
        "abbr": "ISNI",
        "name": "International Standard Name Identifier (ISNI)",
        "publisher": "International Standard Name Identifier (ISNI)",
        "icon": "https://www.isni.org/sites/default/files/isni_new_favicon.ico"
      }
    }
  ]
}