{
  "@context": "http://hub.culturegraph.org/entityfacts/context/v1/entityfacts.jsonld",
  "@id": "https://d-nb.info/gnd/119118416",
  "describedBy": {
    "valid": "2026-05-01T01:51:47Z",
    "license": "https://creativecommons.org/publicdomain/zero/1.0/",
    "@id": "https://hub.culturegraph.org/entityfacts/119118416"
  },
  "preferredName": "Christian I., Anhalt-Bernburg, Fu\u0308rst",
  "surname": "Christian I., Anhalt-Bernburg, Fu\u0308rst",
  "@type": "person",
  "titleOfNobility": [
    "Fu\u0308rst"
  ],
  "variantName": [
    "Christian, Anhalt, Fu\u0308rst, der A\u0308ltere",
    "Christian I., Anhalt, Fu\u0308rst",
    "Christian, Anhalt, Fu\u0308rst",
    "Christian, Anhaltinum, Princeps, Senior",
    "Christian, Ascanien, Graf",
    "Christian, Askanien, Graf",
    "Christian, Princeps Anhaltinus",
    "Christian, zu Bernburg und Zerbst",
    "Christianus, Anhalt, Fu\u0308rst, der A\u0308ltere",
    "Christianus, Anhalt, Fu\u0308rst",
    "Christianus, Anhalt, Princeps",
    "Christianus I., Anhalt-Bernburg, Fu\u0308rst",
    "Christianus, Anhaltinum, Princeps, Senior",
    "Christianus, Anhaltum, Princeps",
    "Christianus, Ascanien, Graf",
    "Christianus, Princeps Anhaltinus",
    "Christianus, zu Berenburg und Zerbst",
    "Christianus, zu Bernburg und Zerbst",
    "Christian zu Ascanien",
    "Christianus zu Ascanien",
    "Christian zu Askanien",
    "Christian zu Berenburg und Zerbst",
    "Christianus zu Berenburg und Zerbst",
    "Christian zu Bernburg und Zerbst",
    "Christianus zu Bernburg und Zerbst",
    "Christian zu Bernburg und Zerbst",
    "Kristia\u0301n z Anhaltu",
    "Christian I., von Anhalt-Bernburg"
  ],
  "pseudonym": [
    {
      "preferredName": "Der Sehnliche"
    },
    {
      "preferredName": "Der Sehnliche"
    }
  ],
  "dateOfBirth": "May 11, 1568",
  "dateOfDeath": "April 17, 1630",
  "placeOfBirth": [
    {
      "@id": "https://d-nb.info/gnd/4005774-4",
      "preferredName": "Bernburg (Saale)"
    }
  ],
  "placeOfDeath": [
    {
      "@id": "https://d-nb.info/gnd/4005774-4",
      "preferredName": "Bernburg (Saale)"
    }
  ],
  "associatedCountry": [
    {
      "@id": "https://d-nb.info/standards/vocab/gnd/geographic-area-code#XA-DE",
      "preferredName": "Deutschland"
    }
  ],
  "professionOrOccupation": [
    {
      "@id": "https://d-nb.info/gnd/4123488-1",
      "preferredName": "Kanzler"
    }
  ],
  "gender": {
    "@id": "https://d-nb.info/standards/vocab/gnd/gender#male",
    "label": "Mann"
  },
  "biographicalOrHistoricalInformation": "Dt. Adliger; Fu\u0308rst von Anhalt-Bernburg; ab 1595 Statthalter der Oberpfalz; ab 1610 Kanzler der Pfalz",
  "affiliation": [
    {
      "@id": "https://d-nb.info/gnd/2011193-9",
      "preferredName": "Fruchtbringende Gesellschaft"
    }
  ],
  "familialRelationship": [
    {
      "@id": "https://d-nb.info/gnd/104173297",
      "relationship": "Vater",
      "preferredName": "Joachim Ernst, Anhalt, Fu\u0308rst"
    },
    {
      "@id": "https://d-nb.info/gnd/124916333",
      "relationship": "Mutter",
      "preferredName": "Agnes, Anhalt, Fu\u0308rstin"
    },
    {
      "@id": "https://d-nb.info/gnd/104173149",
      "relationship": "Ehefrau",
      "preferredName": "Anna, Anhalt, Fu\u0308rstin"
    },
    {
      "@id": "https://d-nb.info/gnd/119130947",
      "relationship": "Sohn",
      "preferredName": "Christian II., Anhalt-Bernburg, Fu\u0308rst"
    },
    {
      "@id": "https://d-nb.info/gnd/102042632",
      "relationship": "Sohn",
      "preferredName": "Friedrich, Anhalt-Bernburg, Fu\u0308rst"
    },
    {
      "@id": "https://d-nb.info/gnd/124760171",
      "relationship": "Tochter",
      "preferredName": "Amalie Juliane, Anhalt-Bernburg, Fu\u0308rstin"
    },
    {
      "@id": "https://d-nb.info/gnd/122714520",
      "relationship": "Tochter",
      "preferredName": "Eleonora Maria, Mecklenburg-Gu\u0308strow, Herzogin"
    },
    {
      "@id": "https://d-nb.info/gnd/1018152237",
      "relationship": "Tochter",
      "preferredName": "Anna Sophia, Anhalt-Ko\u0308then, Fu\u0308rstin"
    },
    {
      "@id": "https://d-nb.info/gnd/104373946",
      "relationship": "Tochter",
      "preferredName": "Sibylle Elisabeth, Anhalt-Bernburg, Fu\u0308rstin"
    },
    {
      "@id": "https://d-nb.info/gnd/1068276444",
      "relationship": "Tochter",
      "preferredName": "Luise Amalie, Anhalt-Bernburg, Fu\u0308rstin"
    }
  ],
  "depiction": {
    "@id": "https://commons.wikimedia.org/wiki/Special:FilePath/Christian%20I%20Anhalt%20Bernburg.jpg",
    "publisher": "Wikimedia Commons",
    "copyrighted": "false",
    "creator": [
      ""
    ],
    "creditText": [
      "Not necessary, PD by age."
    ],
    "license": [
      {
        "@id": "https://creativecommons.org/publicdomain/mark/1.0/",
        "abbr": "PD",
        "name": "Public Domain",
        "attributionRequired": "false",
        "restrictions": ""
      }
    ],
    "url": "https://commons.wikimedia.org/wiki/File:Christian%20I%20Anhalt%20Bernburg.jpg?uselang=en",
    "thumbnail": {
      "@id": "https://commons.wikimedia.org/wiki/Special:FilePath/Christian%20I%20Anhalt%20Bernburg.jpg?width=270"
    }
  },
  "sameAs": [
    {
      "@id": "https://d-nb.info/gnd/119118416/about",
      "collection": {
        "abbr": "DNB",
        "name": "Gemeinsame Normdatei (GND) im Katalog der Deutschen Nationalbibliothek",
        "publisher": "Deutsche Nationalbibliothek",
        "icon": "https://www.dnb.de/SiteGlobals/Frontend/DNBWeb/Images/favicon.png?__blob=normal&v=4"
      }
    },
    {
      "@id": "https://de.wikipedia.org/wiki/Christian_I._%28Anhalt-Bernburg%29",
      "collection": {
        "abbr": "dewiki",
        "name": "Wikipedia (Deutsch)",
        "publisher": "Wikimedia Foundation Inc.",
        "icon": "https://de.wikipedia.org/static/favicon/wikipedia.ico"
      }
    },
    {
      "@id": "https://en.wikipedia.org/wiki/Christian_I%2C_Prince_of_Anhalt-Bernburg",
      "collection": {
        "abbr": "enwiki",
        "name": "Wikipedia (English)",
        "publisher": "Wikimedia Foundation Inc.",
        "icon": "https://en.wikipedia.org/static/favicon/wikipedia.ico"
      }
    },
    {
      "@id": "https://kaiserhof.geschichte.lmu.de/Q/GND=119118416",
      "collection": {
        "abbr": "KH",
        "name": "Kaiser und H\u00f6fe",
        "publisher": "Ludwig-Maximilians-Universit\u00e4t M\u00fcnchen - Historisches Seminar - Fr\u00fche Neuzeit",
        "icon": "https://kaiserhof.geschichte.lmu.de/favicon.ico"
      }
    },
    {
      "@id": "https://kalliope-verbund.info/gnd/119118416",
      "collection": {
        "abbr": "DE-611",
        "name": "Kalliope Verbundkatalog",
        "publisher": "Staatsbibliothek zu Berlin - Preu\u00dfischer Kulturbesitz",
        "icon": "https://kalliope-verbund.info/img/favicon.ico"
      }
    },
    {
      "@id": "https://raa.gf-franken.de/de/suche-nach-stammbucheintraegen.html?permaLink=1582_falck;21",
      "collection": {
        "abbr": "RAAE",
        "name": "Repertorium Alborum Amicorum (RAA) - Stammbucheintr\u00e4ge",
        "publisher": "Department Germanistik und Komparatistik der Friedrich-Alexander-Universit\u00e4t Erlangen-N\u00fcrnberg in Zusammenarbeit mit der Gesellschaft f\u00fcr Familienforschung in Franken",
        "icon": "https://www.gf-franken.de/favicon.ico"
      }
    },
    {
      "@id": "https://raa.gf-franken.de/de/suche-nach-stammbucheintraegen.html?permaLink=1582_germanius;23",
      "collection": {
        "abbr": "RAAE",
        "name": "Repertorium Alborum Amicorum (RAA) - Stammbucheintr\u00e4ge",
        "publisher": "Department Germanistik und Komparatistik der Friedrich-Alexander-Universit\u00e4t Erlangen-N\u00fcrnberg in Zusammenarbeit mit der Gesellschaft f\u00fcr Familienforschung in Franken",
        "icon": "https://www.gf-franken.de/favicon.ico"
      }
    },
    {
      "@id": "https://raa.gf-franken.de/de/suche-nach-stammbucheintraegen.html?permaLink=1586_coenders1;290",
      "collection": {
        "abbr": "RAAE",
        "name": "Repertorium Alborum Amicorum (RAA) - Stammbucheintr\u00e4ge",
        "publisher": "Department Germanistik und Komparatistik der Friedrich-Alexander-Universit\u00e4t Erlangen-N\u00fcrnberg in Zusammenarbeit mit der Gesellschaft f\u00fcr Familienforschung in Franken",
        "icon": "https://www.gf-franken.de/favicon.ico"
      }
    },
    {
      "@id": "https://raa.gf-franken.de/de/suche-nach-stammbucheintraegen.html?permaLink=1597_rueber;19",
      "collection": {
        "abbr": "RAAE",
        "name": "Repertorium Alborum Amicorum (RAA) - Stammbucheintr\u00e4ge",
        "publisher": "Department Germanistik und Komparatistik der Friedrich-Alexander-Universit\u00e4t Erlangen-N\u00fcrnberg in Zusammenarbeit mit der Gesellschaft f\u00fcr Familienforschung in Franken",
        "icon": "https://www.gf-franken.de/favicon.ico"
      }
    },
    {
      "@id": "https://raa.gf-franken.de/de/suche-nach-stammbucheintraegen.html?permaLink=1629_anhalt;24",
      "collection": {
        "abbr": "RAAE",
        "name": "Repertorium Alborum Amicorum (RAA) - Stammbucheintr\u00e4ge",
        "publisher": "Department Germanistik und Komparatistik der Friedrich-Alexander-Universit\u00e4t Erlangen-N\u00fcrnberg in Zusammenarbeit mit der Gesellschaft f\u00fcr Familienforschung in Franken",
        "icon": "https://www.gf-franken.de/favicon.ico"
      }
    },
    {
      "@id": "https://www.archivportal-d.de/person/gnd/119118416",
      "collection": {
        "abbr": "ARCHIV-D",
        "name": "Archivportal-D",
        "publisher": "Deutsche Digitale Bibliothek",
        "icon": "https://www.archivportal-d.de/favicon.ico"
      }
    },
    {
      "@id": "https://www.deutsche-biographie.de/pnd119118416.html#adbcontent",
      "collection": {
        "abbr": "ADB",
        "name": "Allgemeine Deutsche Biographie (ADB)",
        "publisher": "Historische Kommission bei der Bayerischen Akademie der Wissenschaften und Bayerische Staatsbibliothek",
        "icon": "https://www.deutsche-biographie.de/favicon.ico"
      }
    },
    {
      "@id": "https://www.deutsche-biographie.de/pnd119118416.html#ndbcontent",
      "collection": {
        "abbr": "NDB",
        "name": "Neue Deutsche Biographie (NDB)",
        "publisher": "Historische Kommission bei der Bayerischen Akademie der Wissenschaften und Bayerische Staatsbibliothek",
        "icon": "https://www.deutsche-biographie.de/favicon.ico"
      }
    },
    {
      "@id": "https://www.deutsche-digitale-bibliothek.de/person/gnd/119118416",
      "collection": {
        "abbr": "DDB",
        "name": "Deutsche Digitale Bibliothek",
        "publisher": "Deutsche Digitale Bibliothek",
        "icon": "https://www.deutsche-digitale-bibliothek.de/favicon.ico"
      }
    },
    {
      "@id": "https://www.portraitindex.de/dokumente/pnd/119118416",
      "collection": {
        "abbr": "Portraitindex",
        "name": "Digitaler Portraitindex der druckgraphischen Bildnisse der Fru\u0308hen Neuzeit",
        "publisher": "Deutsches Dokumentationszentrum fu\u0308r Kunstgeschichte - Bildarchiv Foto Marburg",
        "icon": "https://www.portraitindex.de/favicon.ico"
      }
    },
    {
      "@id": "http://id.loc.gov/rwo/agents/no97064369",
      "collection": {
        "abbr": "LC",
        "name": "NACO Authority File",
        "publisher": "Library of Congress",
        "icon": "https://www.loc.gov/favicon.ico"
      }
    },
    {
      "@id": "http://viaf.org/viaf/72197154",
      "collection": {
        "abbr": "VIAF",
        "name": "Virtual International Authority File (VIAF)",
        "publisher": "OCLC",
        "icon": "https://viaf.org/viaf/images/viaf.ico"
      }
    },
    {
      "@id": "http://www.wikidata.org/entity/Q63024",
      "collection": {
        "abbr": "WIKIDATA",
        "name": "Wikidata",
        "publisher": "Wikimedia Foundation Inc.",
        "icon": "https://www.wikidata.org/static/favicon/wikidata.ico"
      }
    }
  ]
}