{
  "@context": "http://hub.culturegraph.org/entityfacts/context/v1/entityfacts.jsonld",
  "@id": "https://d-nb.info/gnd/119117304",
  "describedBy": {
    "valid": "2026-04-30T18:33:40Z",
    "license": "https://creativecommons.org/publicdomain/zero/1.0/",
    "@id": "https://hub.culturegraph.org/entityfacts/119117304"
  },
  "preferredName": "Ferdinand II., O\u0308sterreich, Erzherzog",
  "surname": "Ferdinand II., O\u0308sterreich, Erzherzog",
  "@type": "person",
  "titleOfNobility": [
    "Erzherzog"
  ],
  "variantName": [
    "Ferdinand, O\u0308sterreich, Erzherzog",
    "Ferdinand II., Tirol, Erzherzog",
    "Ferdinand, Tirol, Erzherzog",
    "Ferdinand II., Tirol, Statthalter",
    "Ferdinand II.",
    "Ferdinand Tyrolsky\u0301",
    "Ferdinand Tyrolsky\u0301",
    "Ferdinand II., Erzherzog von O\u0308sterreich",
    "Ferdinand II., Archiduc d'Autriche",
    "Ferdinand II., Archduke of Austria",
    "Ferdinand II., Archiduc de Tyrol",
    "Ferdinand II., Archduke of Tirol",
    "Ferdinando, d'Asburgo, Erzherzog, 2, Oesterreich",
    "Ferdinando, d'Asburgo, Archiduc, 2, Autriche",
    "Ferdinando, d'Asburgo, Archduke, 2, Austria",
    "Ferdinand 2, O\u0308sterreich, Erzherzog",
    "Ferdinand II., Erzherzog von Tirol",
    "Ferdinand, Erzherzog von O\u0308sterreich",
    "Ferdinand, Erzherzog von Tirol",
    "Ferdinand II., Erzherzog von O\u0308sterreich"
  ],
  "dateOfBirth": "1529",
  "dateOfDeath": "1595",
  "placeOfBirth": [
    {
      "@id": "https://d-nb.info/gnd/4074255-6",
      "preferredName": "Linz"
    }
  ],
  "placeOfDeath": [
    {
      "@id": "https://d-nb.info/gnd/4027096-8",
      "preferredName": "Innsbruck"
    }
  ],
  "associatedCountry": [
    {
      "@id": "https://d-nb.info/standards/vocab/gnd/geographic-area-code#XA-AT",
      "preferredName": "\u00d6sterreich"
    }
  ],
  "gender": {
    "@id": "https://d-nb.info/standards/vocab/gnd/gender#male",
    "label": "Mann"
  },
  "biographicalOrHistoricalInformation": "Erzherzog von O\u0308sterreich, Verwalter Bo\u0308hmens, ab 1564 Landesfu\u0308rst (gefu\u0308rsteter Graf) von Tirol; verheiratet in 1. Ehe mit Philippine Welser, in 2. Ehe mit Anna Katharina, Tochter des Wilhelm Gonzaga, Herzog von Mantua",
  "familialRelationship": [
    {
      "@id": "https://d-nb.info/gnd/118532502",
      "relationship": "Vater",
      "preferredName": "Ferdinand I., Heiliges Ro\u0308misches Reich, Kaiser"
    },
    {
      "@id": "https://d-nb.info/gnd/118766686",
      "relationship": "1. Ehefrau 1557-1580",
      "preferredName": "Philippine Welser"
    },
    {
      "@id": "https://d-nb.info/gnd/115527036",
      "relationship": "2. Ehefrau 1582",
      "preferredName": "Anna Katharina, O\u0308sterreich, Erzherzogin"
    },
    {
      "@id": "https://d-nb.info/gnd/119263580",
      "relationship": "Sohn aus 1. Ehe",
      "preferredName": "Andreas, von O\u0308sterreich, Kardinal"
    },
    {
      "@id": "https://d-nb.info/gnd/129216038",
      "relationship": "Sohn aus 1. Ehe",
      "preferredName": "Karl, Burgau, Markgraf"
    },
    {
      "@id": "https://d-nb.info/gnd/115862625",
      "relationship": "Tochter aus 2. Ehe",
      "preferredName": "Anna, Heiliges Ro\u0308misches Reich, Kaiserin, 1585-1618"
    }
  ],
  "depiction": {
    "@id": "https://commons.wikimedia.org/wiki/Special:FilePath/Archduke%20Ferdinand%20II%20of%20Further%20Austria.jpg",
    "publisher": "Wikimedia Commons",
    "copyrighted": "false",
    "creator": [
      "Francesco Terzi"
    ],
    "creditText": [
      "Habsburger.net"
    ],
    "license": [
      {
        "@id": "https://creativecommons.org/publicdomain/mark/1.0/",
        "abbr": "PD",
        "name": "Public Domain",
        "attributionRequired": "false",
        "restrictions": ""
      }
    ],
    "url": "https://commons.wikimedia.org/wiki/File:Archduke%20Ferdinand%20II%20of%20Further%20Austria.jpg?uselang=en",
    "thumbnail": {
      "@id": "https://commons.wikimedia.org/wiki/Special:FilePath/Archduke%20Ferdinand%20II%20of%20Further%20Austria.jpg?width=270"
    }
  },
  "sameAs": [
    {
      "@id": "https://d-nb.info/gnd/119117304/about",
      "collection": {
        "abbr": "DNB",
        "name": "Gemeinsame Normdatei (GND) im Katalog der Deutschen Nationalbibliothek",
        "publisher": "Deutsche Nationalbibliothek",
        "icon": "https://www.dnb.de/SiteGlobals/Frontend/DNBWeb/Images/favicon.png?__blob=normal&v=4"
      }
    },
    {
      "@id": "http://catalogue.bnf.fr/ark:/12148/cb137360883",
      "collection": {
        "abbr": "BNF",
        "name": "Bibliothe\u0300que nationale de France",
        "publisher": "Bibliothe\u0300que nationale de France",
        "icon": "https://www.bnf.fr/themes/custom/bnfsi/favicon.ico"
      }
    },
    {
      "@id": "https://bmlo.de/Q/GND=119117304",
      "collection": {
        "abbr": "DE-M512",
        "name": "Bayerisches Musiker-Lexikon Online",
        "publisher": "Bayerisches Musiker-Lexikon Online",
        "icon": "https://bmlo.de/x/pic/favicon.gif"
      }
    },
    {
      "@id": "https://de.wikipedia.org/wiki/Ferdinand_II._%28Tirol%29",
      "collection": {
        "abbr": "dewiki",
        "name": "Wikipedia (Deutsch)",
        "publisher": "Wikimedia Foundation Inc.",
        "icon": "https://de.wikipedia.org/static/favicon/wikipedia.ico"
      }
    },
    {
      "@id": "https://en.wikipedia.org/wiki/Ferdinand_II%2C_Archduke_of_Austria",
      "collection": {
        "abbr": "enwiki",
        "name": "Wikipedia (English)",
        "publisher": "Wikimedia Foundation Inc.",
        "icon": "https://en.wikipedia.org/static/favicon/wikipedia.ico"
      }
    },
    {
      "@id": "https://kaiserhof.geschichte.lmu.de/Q/GND=119117304",
      "collection": {
        "abbr": "KH",
        "name": "Kaiser und H\u00f6fe",
        "publisher": "Ludwig-Maximilians-Universit\u00e4t M\u00fcnchen - Historisches Seminar - Fr\u00fche Neuzeit",
        "icon": "https://kaiserhof.geschichte.lmu.de/favicon.ico"
      }
    },
    {
      "@id": "https://kalliope-verbund.info/gnd/119117304",
      "collection": {
        "abbr": "DE-611",
        "name": "Kalliope Verbundkatalog",
        "publisher": "Staatsbibliothek zu Berlin - Preu\u00dfischer Kulturbesitz",
        "icon": "https://kalliope-verbund.info/img/favicon.ico"
      }
    },
    {
      "@id": "https://www.archivportal-d.de/person/gnd/119117304",
      "collection": {
        "abbr": "ARCHIV-D",
        "name": "Archivportal-D",
        "publisher": "Deutsche Digitale Bibliothek",
        "icon": "https://www.archivportal-d.de/favicon.ico"
      }
    },
    {
      "@id": "https://www.deutsche-biographie.de/pnd119117304.html#adbcontent",
      "collection": {
        "abbr": "ADB",
        "name": "Allgemeine Deutsche Biographie (ADB)",
        "publisher": "Historische Kommission bei der Bayerischen Akademie der Wissenschaften und Bayerische Staatsbibliothek",
        "icon": "https://www.deutsche-biographie.de/favicon.ico"
      }
    },
    {
      "@id": "https://www.deutsche-biographie.de/pnd119117304.html#ndbcontent",
      "collection": {
        "abbr": "NDB",
        "name": "Neue Deutsche Biographie (NDB)",
        "publisher": "Historische Kommission bei der Bayerischen Akademie der Wissenschaften und Bayerische Staatsbibliothek",
        "icon": "https://www.deutsche-biographie.de/favicon.ico"
      }
    },
    {
      "@id": "https://www.deutsche-digitale-bibliothek.de/person/gnd/119117304",
      "collection": {
        "abbr": "DDB",
        "name": "Deutsche Digitale Bibliothek",
        "publisher": "Deutsche Digitale Bibliothek",
        "icon": "https://www.deutsche-digitale-bibliothek.de/favicon.ico"
      }
    },
    {
      "@id": "https://www.portraitindex.de/dokumente/pnd/119117304",
      "collection": {
        "abbr": "Portraitindex",
        "name": "Digitaler Portraitindex der druckgraphischen Bildnisse der Fru\u0308hen Neuzeit",
        "publisher": "Deutsches Dokumentationszentrum fu\u0308r Kunstgeschichte - Bildarchiv Foto Marburg",
        "icon": "https://www.portraitindex.de/favicon.ico"
      }
    },
    {
      "@id": "http://id.loc.gov/rwo/agents/nr96028045",
      "collection": {
        "abbr": "LC",
        "name": "NACO Authority File",
        "publisher": "Library of Congress",
        "icon": "https://www.loc.gov/favicon.ico"
      }
    },
    {
      "@id": "http://viaf.org/viaf/88947963",
      "collection": {
        "abbr": "VIAF",
        "name": "Virtual International Authority File (VIAF)",
        "publisher": "OCLC",
        "icon": "https://viaf.org/viaf/images/viaf.ico"
      }
    },
    {
      "@id": "http://www.wikidata.org/entity/Q313426",
      "collection": {
        "abbr": "WIKIDATA",
        "name": "Wikidata",
        "publisher": "Wikimedia Foundation Inc.",
        "icon": "https://www.wikidata.org/static/favicon/wikidata.ico"
      }
    },
    {
      "@id": "https://isni.org/isni/0000000374547140",
      "collection": {
        "abbr": "ISNI",
        "name": "International Standard Name Identifier (ISNI)",
        "publisher": "International Standard Name Identifier (ISNI)",
        "icon": "https://www.isni.org/sites/default/files/isni_new_favicon.ico"
      }
    }
  ]
}