{
  "@context": "http://hub.culturegraph.org/entityfacts/context/v1/entityfacts.jsonld",
  "@id": "https://d-nb.info/gnd/119025280",
  "describedBy": {
    "valid": "2026-04-27T14:37:16Z",
    "license": "https://creativecommons.org/publicdomain/zero/1.0/",
    "@id": "https://hub.culturegraph.org/entityfacts/119025280"
  },
  "preferredName": "Ogier Ghislain de Busbecq",
  "surname": "Busbecq",
  "prefix": "de",
  "forename": "Ogier Ghislain",
  "@type": "person",
  "variantName": [
    "... de Busbec",
    "Augier Ghislain Busbequius",
    "Ogier Ghislain de Busbecq",
    "Ogier G. de Busbecq",
    "Augerius G. Busbeck",
    "Ogier G. de Busbeq",
    "Augerius G. Busbequius",
    "Ogier Ghislain",
    "Augerius Gislenius",
    "Ogier G. van Busbeek",
    "Ogier Gislen von Busbeek",
    "Avgerius G. Busbequius",
    "Augerius Ghislen de Busbecke",
    "Ogier Ghiselin von Busbeck",
    "Augier G. von Busbeck",
    "Ogier G. von Busbeque",
    "Augier G. de Busbecq",
    "Augier G. Bysbequius",
    "Augier G. Busbequius",
    "Augerus Gislenus Busbequs",
    "Ogier Ghislain de Busbeck",
    "Ogier Ghislain de Bousbecq",
    "Ogier Ghislain de Bousebecque",
    "A. G. Busbequius",
    "Ogier Ghislain de Busbecq",
    "A. Gislenius Busbequius",
    "Augerius Gislenius Busbequius",
    "Augier Ghislain von Busbeck",
    "Ogier Ghislain von Busbeque",
    "Augerus Gislenus Busbequus",
    "Augier Ghislain Bysbequius",
    "Ghiselin von Busbeck",
    "Ogier Ghiselin de Busbecg",
    "Ogier Ghiselin de Busbecq",
    "Augerius Gislenius Busbeck",
    "Augerius Gislenius Busbequius",
    "Ogier Ghiselin van Boesbeeck"
  ],
  "dateOfBirth": "1522",
  "dateOfDeath": "1592",
  "associatedCountry": [
    {
      "@id": "https://d-nb.info/standards/vocab/gnd/geographic-area-code#XA-NL",
      "preferredName": "Niederlande"
    },
    {
      "@id": "https://d-nb.info/standards/vocab/gnd/geographic-area-code#XA-AT",
      "preferredName": "\u00d6sterreich"
    }
  ],
  "professionOrOccupation": [
    {
      "@id": "https://d-nb.info/gnd/4012401-0",
      "preferredName": "Diplomat"
    },
    {
      "@id": "https://d-nb.info/gnd/4504156-8",
      "preferredName": "Polyhistor"
    },
    {
      "@id": "https://d-nb.info/gnd/4053309-8",
      "preferredName": "Schriftsteller"
    }
  ],
  "gender": {
    "@id": "https://d-nb.info/standards/vocab/gnd/gender#male",
    "label": "Mann"
  },
  "biographicalOrHistoricalInformation": "Universalgelehrter aus Flandern; studierte in Lo\u0308wen, Paris, Padua, Bologna und Venedig; als Diplomat im Dienste der Habsburger u.a. in London und Konstantinopel; beta\u0308tigte sich u.a. als Botaniker und Altertumsforscher",
  "relatedPerson": [
    {
      "@id": "https://d-nb.info/gnd/118055038",
      "preferredName": "Antun Vranc\u030cic\u0301"
    },
    {
      "@id": "https://d-nb.info/gnd/118662554",
      "relationship": "VD-16 Mitverf.",
      "preferredName": "Bessarion, Kardinal"
    },
    {
      "relationship": "VD-16 Mitverf.",
      "preferredName": "Joachim Camerarius, der A\u0308ltere"
    },
    {
      "@id": "https://d-nb.info/gnd/118972898",
      "relationship": "VD-16 Mitverf.",
      "preferredName": "Louis Carrion"
    },
    {
      "@id": "https://d-nb.info/gnd/121803406",
      "relationship": "VD-16 Mitverf.",
      "preferredName": "David Chytra\u0308us"
    },
    {
      "@id": "https://d-nb.info/gnd/124788661",
      "relationship": "VD-16 Mitverf.",
      "preferredName": "Uberto Foglietta"
    },
    {
      "@id": "https://d-nb.info/gnd/119827603",
      "relationship": "VD-16 Mitverf.",
      "preferredName": "Michael Schweicker"
    },
    {
      "@id": "https://d-nb.info/gnd/124571530",
      "relationship": "VD-16 Mitverf.",
      "preferredName": "Heinrich Camerarius"
    },
    {
      "@id": "https://d-nb.info/gnd/121568415",
      "relationship": "VD-16 Mitverf.",
      "preferredName": "Martin Marstaller"
    }
  ],
  "depiction": {
    "@id": "https://commons.wikimedia.org/wiki/Special:FilePath/Busbecq.jpg",
    "publisher": "Wikimedia Commons",
    "copyrighted": "false",
    "creator": [
      "Melchior Lorck"
    ],
    "creditText": [
      "my own archives"
    ],
    "license": [
      {
        "@id": "https://creativecommons.org/publicdomain/mark/1.0/",
        "abbr": "PD",
        "name": "Public Domain",
        "attributionRequired": "false",
        "restrictions": ""
      }
    ],
    "url": "https://commons.wikimedia.org/wiki/File:Busbecq.jpg?uselang=en",
    "thumbnail": {
      "@id": "https://commons.wikimedia.org/wiki/Special:FilePath/Busbecq.jpg?width=270"
    }
  },
  "sameAs": [
    {
      "@id": "https://d-nb.info/gnd/119025280/about",
      "collection": {
        "abbr": "DNB",
        "name": "Gemeinsame Normdatei (GND) im Katalog der Deutschen Nationalbibliothek",
        "publisher": "Deutsche Nationalbibliothek",
        "icon": "https://www.dnb.de/SiteGlobals/Frontend/DNBWeb/Images/favicon.png?__blob=normal&v=4"
      }
    },
    {
      "@id": "https://de.wikipedia.org/wiki/Ogier_Ghislain_de_Busbecq",
      "collection": {
        "abbr": "dewiki",
        "name": "Wikipedia (Deutsch)",
        "publisher": "Wikimedia Foundation Inc.",
        "icon": "https://de.wikipedia.org/static/favicon/wikipedia.ico"
      }
    },
    {
      "@id": "https://en.wikipedia.org/wiki/Ogier_Ghiselin_de_Busbecq",
      "collection": {
        "abbr": "enwiki",
        "name": "Wikipedia (English)",
        "publisher": "Wikimedia Foundation Inc.",
        "icon": "https://en.wikipedia.org/static/favicon/wikipedia.ico"
      }
    },
    {
      "@id": "https://kalliope-verbund.info/gnd/119025280",
      "collection": {
        "abbr": "DE-611",
        "name": "Kalliope Verbundkatalog",
        "publisher": "Staatsbibliothek zu Berlin - Preu\u00dfischer Kulturbesitz",
        "icon": "https://kalliope-verbund.info/img/favicon.ico"
      }
    },
    {
      "@id": "https://raa.gf-franken.de/de/suche-nach-stammbucheintraegen.html?permaLink=1578_amman;124",
      "collection": {
        "abbr": "RAAE",
        "name": "Repertorium Alborum Amicorum (RAA) - Stammbucheintr\u00e4ge",
        "publisher": "Department Germanistik und Komparatistik der Friedrich-Alexander-Universit\u00e4t Erlangen-N\u00fcrnberg in Zusammenarbeit mit der Gesellschaft f\u00fcr Familienforschung in Franken",
        "icon": "https://www.gf-franken.de/favicon.ico"
      }
    },
    {
      "@id": "https://www.archivportal-d.de/person/gnd/119025280",
      "collection": {
        "abbr": "ARCHIV-D",
        "name": "Archivportal-D",
        "publisher": "Deutsche Digitale Bibliothek",
        "icon": "https://www.archivportal-d.de/favicon.ico"
      }
    },
    {
      "@id": "https://www.deutsche-biographie.de/pnd119025280.html#adbcontent",
      "collection": {
        "abbr": "ADB",
        "name": "Allgemeine Deutsche Biographie (ADB)",
        "publisher": "Historische Kommission bei der Bayerischen Akademie der Wissenschaften und Bayerische Staatsbibliothek",
        "icon": "https://www.deutsche-biographie.de/favicon.ico"
      }
    },
    {
      "@id": "https://www.deutsche-digitale-bibliothek.de/person/gnd/119025280",
      "collection": {
        "abbr": "DDB",
        "name": "Deutsche Digitale Bibliothek",
        "publisher": "Deutsche Digitale Bibliothek",
        "icon": "https://www.deutsche-digitale-bibliothek.de/favicon.ico"
      }
    },
    {
      "@id": "https://www.portraitindex.de/dokumente/pnd/119025280",
      "collection": {
        "abbr": "Portraitindex",
        "name": "Digitaler Portraitindex der druckgraphischen Bildnisse der Fru\u0308hen Neuzeit",
        "publisher": "Deutsches Dokumentationszentrum fu\u0308r Kunstgeschichte - Bildarchiv Foto Marburg",
        "icon": "https://www.portraitindex.de/favicon.ico"
      }
    },
    {
      "@id": "http://id.loc.gov/rwo/agents/n50059012",
      "collection": {
        "abbr": "LC",
        "name": "NACO Authority File",
        "publisher": "Library of Congress",
        "icon": "https://www.loc.gov/favicon.ico"
      }
    },
    {
      "@id": "http://viaf.org/viaf/76375795",
      "collection": {
        "abbr": "VIAF",
        "name": "Virtual International Authority File (VIAF)",
        "publisher": "OCLC",
        "icon": "https://viaf.org/viaf/images/viaf.ico"
      }
    },
    {
      "@id": "http://www.wikidata.org/entity/Q647633",
      "collection": {
        "abbr": "WIKIDATA",
        "name": "Wikidata",
        "publisher": "Wikimedia Foundation Inc.",
        "icon": "https://www.wikidata.org/static/favicon/wikidata.ico"
      }
    },
    {
      "@id": "https://isni.org/isni/0000000121401776",
      "collection": {
        "abbr": "ISNI",
        "name": "International Standard Name Identifier (ISNI)",
        "publisher": "International Standard Name Identifier (ISNI)",
        "icon": "https://www.isni.org/sites/default/files/isni_new_favicon.ico"
      }
    }
  ]
}