{
  "@context": "http://hub.culturegraph.org/entityfacts/context/v1/entityfacts.jsonld",
  "@id": "https://d-nb.info/gnd/119020572",
  "describedBy": {
    "valid": "2026-05-03T10:16:59Z",
    "license": "https://creativecommons.org/publicdomain/zero/1.0/",
    "@id": "https://hub.culturegraph.org/entityfacts/119020572"
  },
  "preferredName": "Gottfried Heinrich zu Pappenheim",
  "surname": "Pappenheim",
  "prefix": "zu",
  "forename": "Gottfried Heinrich",
  "@type": "person",
  "titleOfNobility": [
    "Graf"
  ],
  "variantName": [
    "Gottfried Heinrich zu Pappenhaim",
    "Gottfried von Pappenheim",
    "Gottfried zu Pappenhaim",
    "Gottfried zu Pappenhaimb",
    "Gottfried Heinrich zu Pappenheimb",
    "Godefridus Henricus de Pappenheim",
    "Gotfridus Henr. in Pappenheim",
    "Gottfried Heinrich zu Bapenheim",
    "Gottfriedt Heinrich zu Bapenheim",
    "Gottfried Heinrich zu Bappenheim",
    "Gottfried Heinrich von Pappenheim",
    "Gottfried H. von Pappenheim",
    "Gottfried zu Pappenheim"
  ],
  "dateOfBirth": "May 29, 1594",
  "dateOfDeath": "November 17, 1632",
  "placeOfBirth": [
    {
      "@id": "https://d-nb.info/gnd/4060824-4",
      "preferredName": "Treuchtlingen"
    }
  ],
  "placeOfDeath": [
    {
      "@id": "https://d-nb.info/gnd/4035206-7",
      "preferredName": "Leipzig"
    }
  ],
  "associatedCountry": [
    {
      "@id": "https://d-nb.info/standards/vocab/gnd/geographic-area-code#XA-DE",
      "preferredName": "Deutschland"
    }
  ],
  "professionOrOccupation": [
    {
      "@id": "https://d-nb.info/gnd/4132742-1",
      "preferredName": "General"
    }
  ],
  "gender": {
    "@id": "https://d-nb.info/standards/vocab/gnd/gender#male",
    "label": "Mann"
  },
  "biographicalOrHistoricalInformation": "Kaiserl. Reitergeneral fu\u0308r die Katholische Liga im Drei\u00dfigja\u0308hrigen Krieg",
  "familialRelationship": [
    {
      "@id": "https://d-nb.info/gnd/1387148966",
      "relationship": "2. Ehefrau",
      "preferredName": "Anna Elisabeth, Pfalz-Zweibru\u0308cken-Birkenfeld, Pfalzgra\u0308fin"
    }
  ],
  "depiction": {
    "@id": "https://commons.wikimedia.org/wiki/Special:FilePath/Gottfried%20Heinrich%20von%20Pappenheim.jpg",
    "publisher": "Wikimedia Commons",
    "copyrighted": "false",
    "creator": [
      "Unknown authorUnknown author"
    ],
    "creditText": [
      "from portrait.kaar.at by Simplicius (talk&nbsp;\u00b7 contribs), May 2005"
    ],
    "license": [
      {
        "@id": "https://creativecommons.org/publicdomain/mark/1.0/",
        "abbr": "PD",
        "name": "Public Domain",
        "attributionRequired": "false",
        "restrictions": ""
      }
    ],
    "url": "https://commons.wikimedia.org/wiki/File:Gottfried%20Heinrich%20von%20Pappenheim.jpg?uselang=en",
    "thumbnail": {
      "@id": "https://commons.wikimedia.org/wiki/Special:FilePath/Gottfried%20Heinrich%20von%20Pappenheim.jpg?width=270"
    }
  },
  "sameAs": [
    {
      "@id": "https://d-nb.info/gnd/119020572/about",
      "collection": {
        "abbr": "DNB",
        "name": "Gemeinsame Normdatei (GND) im Katalog der Deutschen Nationalbibliothek",
        "publisher": "Deutsche Nationalbibliothek",
        "icon": "https://www.dnb.de/SiteGlobals/Frontend/DNBWeb/Images/favicon.png?__blob=normal&v=4"
      }
    },
    {
      "@id": "https://aaa.gf-franken.de/de/recherche.html?permaLink=10939",
      "collection": {
        "abbr": "AAA",
        "name": "Album Academicum Altorphinum (AAA)",
        "publisher": "Department Germanistik und Komparatistik der Friedrich-Alexander-Universit\u00e4t Erlangen-N\u00fcrnberg in Zusammenarbeit mit der Gesellschaft f\u00fcr Familienforschung in Franken",
        "icon": "https://www.gf-franken.de/favicon.ico"
      }
    },
    {
      "@id": "https://kaiserhof.geschichte.lmu.de/Q/GND=119020572",
      "collection": {
        "abbr": "KH",
        "name": "Kaiser und H\u00f6fe",
        "publisher": "Ludwig-Maximilians-Universit\u00e4t M\u00fcnchen - Historisches Seminar - Fr\u00fche Neuzeit",
        "icon": "https://kaiserhof.geschichte.lmu.de/favicon.ico"
      }
    },
    {
      "@id": "https://kalliope-verbund.info/gnd/119020572",
      "collection": {
        "abbr": "DE-611",
        "name": "Kalliope Verbundkatalog",
        "publisher": "Staatsbibliothek zu Berlin - Preu\u00dfischer Kulturbesitz",
        "icon": "https://kalliope-verbund.info/img/favicon.ico"
      }
    },
    {
      "@id": "https://www.archivportal-d.de/person/gnd/119020572",
      "collection": {
        "abbr": "ARCHIV-D",
        "name": "Archivportal-D",
        "publisher": "Deutsche Digitale Bibliothek",
        "icon": "https://www.archivportal-d.de/favicon.ico"
      }
    },
    {
      "@id": "https://www.deutsche-biographie.de/pnd119020572.html#adbcontent",
      "collection": {
        "abbr": "ADB",
        "name": "Allgemeine Deutsche Biographie (ADB)",
        "publisher": "Historische Kommission bei der Bayerischen Akademie der Wissenschaften und Bayerische Staatsbibliothek",
        "icon": "https://www.deutsche-biographie.de/favicon.ico"
      }
    },
    {
      "@id": "https://www.deutsche-biographie.de/pnd119020572.html#ndbcontent",
      "collection": {
        "abbr": "NDB",
        "name": "Neue Deutsche Biographie (NDB)",
        "publisher": "Historische Kommission bei der Bayerischen Akademie der Wissenschaften und Bayerische Staatsbibliothek",
        "icon": "https://www.deutsche-biographie.de/favicon.ico"
      }
    },
    {
      "@id": "https://www.deutsche-digitale-bibliothek.de/person/gnd/119020572",
      "collection": {
        "abbr": "DDB",
        "name": "Deutsche Digitale Bibliothek",
        "publisher": "Deutsche Digitale Bibliothek",
        "icon": "https://www.deutsche-digitale-bibliothek.de/favicon.ico"
      }
    },
    {
      "@id": "https://www.portraitindex.de/dokumente/pnd/119020572",
      "collection": {
        "abbr": "Portraitindex",
        "name": "Digitaler Portraitindex der druckgraphischen Bildnisse der Fru\u0308hen Neuzeit",
        "publisher": "Deutsches Dokumentationszentrum fu\u0308r Kunstgeschichte - Bildarchiv Foto Marburg",
        "icon": "https://www.portraitindex.de/favicon.ico"
      }
    },
    {
      "@id": "http://id.loc.gov/rwo/agents/n92052745",
      "collection": {
        "abbr": "LC",
        "name": "NACO Authority File",
        "publisher": "Library of Congress",
        "icon": "https://www.loc.gov/favicon.ico"
      }
    },
    {
      "@id": "http://viaf.org/viaf/37717491",
      "collection": {
        "abbr": "VIAF",
        "name": "Virtual International Authority File (VIAF)",
        "publisher": "OCLC",
        "icon": "https://viaf.org/viaf/images/viaf.ico"
      }
    },
    {
      "@id": "http://www.wikidata.org/entity/Q61869",
      "collection": {
        "abbr": "WIKIDATA",
        "name": "Wikidata",
        "publisher": "Wikimedia Foundation Inc.",
        "icon": "https://www.wikidata.org/static/favicon/wikidata.ico"
      }
    },
    {
      "@id": "https://isni.org/isni/0000000107991917",
      "collection": {
        "abbr": "ISNI",
        "name": "International Standard Name Identifier (ISNI)",
        "publisher": "International Standard Name Identifier (ISNI)",
        "icon": "https://www.isni.org/sites/default/files/isni_new_favicon.ico"
      }
    }
  ]
}