{
  "@context": "http://hub.culturegraph.org/entityfacts/context/v1/entityfacts.jsonld",
  "@id": "https://d-nb.info/gnd/119002108",
  "describedBy": {
    "valid": "2026-05-02T00:40:17Z",
    "license": "https://creativecommons.org/publicdomain/zero/1.0/",
    "@id": "https://hub.culturegraph.org/entityfacts/119002108"
  },
  "preferredName": "Ferdinand Karl von Lo\u0308wenstein-Wertheim-Rochefort",
  "surname": "Lo\u0308wenstein-Wertheim-Rochefort",
  "prefix": "von",
  "forename": "Ferdinand Karl",
  "@type": "person",
  "titleOfNobility": [
    "Graf"
  ],
  "variantName": [
    "Ferdinand K. zu Lo\u0308wenstein-Wertheim-Rochefort",
    "Ferdinand Karl von Lo\u0308wenstein-Wertheim-Rochefort",
    "Ferdinand Karl von Lo\u0308wenstein-Wertheim-Rochefort",
    "Ferdinand Karl von Lo\u0308wenstein-Rochefort",
    "Ferdinand Carl von Lo\u0308wenstein-Rochefort",
    "Ferdinand Carl von Lo\u0308wenstein-Wertheim-Rochefort",
    "Ferdinand Karl zu Lo\u0308wenstein-Wertheim-Rosenberg",
    "Ferdinand Karl zu Lo\u0308wenstein-Wertheim-Rochefort",
    "Ferdinand Karl von Lo\u0308wenstein-Wertheim"
  ],
  "dateOfBirth": "May 18, 1616",
  "dateOfDeath": "January 27, 1672",
  "associatedCountry": [
    {
      "@id": "https://d-nb.info/standards/vocab/gnd/geographic-area-code#XA-DE",
      "preferredName": "Deutschland"
    }
  ],
  "professionOrOccupation": [
    {
      "@id": "https://d-nb.info/gnd/4139103-2",
      "preferredName": "Rat"
    },
    {
      "@id": "https://d-nb.info/gnd/4162987-5",
      "preferredName": "Ka\u0308mmerer"
    },
    {
      "@id": "https://d-nb.info/gnd/4160419-2",
      "preferredName": "Hofrat"
    },
    {
      "@id": "https://d-nb.info/gnd/4138339-4",
      "preferredName": "Domkapitular"
    }
  ],
  "gender": {
    "@id": "https://d-nb.info/standards/vocab/gnd/gender#male",
    "label": "Mann"
  },
  "biographicalOrHistoricalInformation": "1627-1641 Domherr zu Ko\u0308ln, resignierte und u\u0308bernahm 1644 die Grafschaft; kaiserlicher Kammerherr und Reichshofrat; seit 1651 verma\u0308hlt mit Anna Maria Gra\u0308fin von Fu\u0308rstenberg; vertrat die katholische oder Rochefort'sche Linie der Grafen von Lo\u0308wenstein-Wertheim",
  "familialRelationship": [
    {
      "@id": "https://d-nb.info/gnd/118883747",
      "relationship": "Vater",
      "preferredName": "Johann Dietrich von Lo\u0308wenstein-Wertheim-Rochefort"
    },
    {
      "@id": "https://d-nb.info/gnd/1053451946",
      "relationship": "Mutter",
      "preferredName": "Josina von Lo\u0308wenstein-Wertheim-Rochefort"
    },
    {
      "@id": "https://d-nb.info/gnd/120532611",
      "relationship": "Sohn",
      "preferredName": "Maximilian Karl von Lo\u0308wenstein-Wertheim-Rochefort"
    }
  ],
  "sameAs": [
    {
      "@id": "https://d-nb.info/gnd/119002108/about",
      "collection": {
        "abbr": "DNB",
        "name": "Gemeinsame Normdatei (GND) im Katalog der Deutschen Nationalbibliothek",
        "publisher": "Deutsche Nationalbibliothek",
        "icon": "https://www.dnb.de/SiteGlobals/Frontend/DNBWeb/Images/favicon.png?__blob=normal&v=4"
      }
    },
    {
      "@id": "https://kaiserhof.geschichte.lmu.de/Q/GND=119002108",
      "collection": {
        "abbr": "KH",
        "name": "Kaiser und H\u00f6fe",
        "publisher": "Ludwig-Maximilians-Universit\u00e4t M\u00fcnchen - Historisches Seminar - Fr\u00fche Neuzeit",
        "icon": "https://kaiserhof.geschichte.lmu.de/favicon.ico"
      }
    },
    {
      "@id": "https://kalliope-verbund.info/gnd/119002108",
      "collection": {
        "abbr": "DE-611",
        "name": "Kalliope Verbundkatalog",
        "publisher": "Staatsbibliothek zu Berlin - Preu\u00dfischer Kulturbesitz",
        "icon": "https://kalliope-verbund.info/img/favicon.ico"
      }
    },
    {
      "@id": "https://www.archivportal-d.de/person/gnd/119002108",
      "collection": {
        "abbr": "ARCHIV-D",
        "name": "Archivportal-D",
        "publisher": "Deutsche Digitale Bibliothek",
        "icon": "https://www.archivportal-d.de/favicon.ico"
      }
    },
    {
      "@id": "https://www.deutsche-digitale-bibliothek.de/person/gnd/119002108",
      "collection": {
        "abbr": "DDB",
        "name": "Deutsche Digitale Bibliothek",
        "publisher": "Deutsche Digitale Bibliothek",
        "icon": "https://www.deutsche-digitale-bibliothek.de/favicon.ico"
      }
    },
    {
      "@id": "http://viaf.org/viaf/3271380",
      "collection": {
        "abbr": "VIAF",
        "name": "Virtual International Authority File (VIAF)",
        "publisher": "OCLC",
        "icon": "https://viaf.org/viaf/images/viaf.ico"
      }
    },
    {
      "@id": "http://www.wikidata.org/entity/Q20732349",
      "collection": {
        "abbr": "WIKIDATA",
        "name": "Wikidata",
        "publisher": "Wikimedia Foundation Inc.",
        "icon": "https://www.wikidata.org/static/favicon/wikidata.ico"
      }
    }
  ]
}