{
  "@context": "http://hub.culturegraph.org/entityfacts/context/v1/entityfacts.jsonld",
  "@id": "https://d-nb.info/gnd/11899669X",
  "describedBy": {
    "valid": "2026-04-26T12:34:21Z",
    "license": "https://creativecommons.org/publicdomain/zero/1.0/",
    "@id": "https://hub.culturegraph.org/entityfacts/11899669X"
  },
  "preferredName": "Jacob Andrea\u0308",
  "surname": "Andrea\u0308",
  "forename": "Jacob",
  "@type": "person",
  "academicDegree": [
    "Prof. Dr. theol."
  ],
  "variantName": [
    "Jakob Andrea\u0308",
    "Jacob Andreae",
    "Jacobus Andreae",
    "Jacobus Andreae, Senior",
    "Jakob Andreae",
    "Jakob Andreae, der A\u0308ltere",
    "Jakob Andreae, d.A\u0308.",
    "Jakobus Schmidlinus Andreae",
    "Jakobus S. Andreae",
    "Iacobus Andreae",
    "Andreae",
    "Jacobus Andrae",
    "Jakob Andrae",
    "Jacob Andre",
    "Jaques Andre\u0301",
    "Jacob Andree",
    "Jacobus Andree",
    "Jaques Andree",
    "Jacob Andreas",
    "Jacobus Andreas",
    "Jacobus Andr",
    "Jacob Anderes",
    "Jakob Endris",
    "Jacob A. Fabricius",
    "Johann Saur",
    "Jacob Andreas Schmidel",
    "Jacobus Andreas Schmidel",
    "Jacobus Schmidelinus",
    "Iacobus A. Schmidelinus",
    "Jacob Schmidle",
    "Andre Schmidlein",
    "Jacob Schmidlein",
    "Jakob Schmidlein",
    "Jacob Andreas Schmidlin",
    "Jacob A. Schmidlin",
    "Jacobus Andreas Schmidlinus",
    "Jacobus A. Schmidlinus",
    "Iacobus Smidelinus",
    "Iacobus Smidlinus",
    "Jakob Andreae"
  ],
  "pseudonym": [
    {
      "preferredName": "Jakob Fabri"
    },
    {
      "preferredName": "Jacob Andreas Fabricius"
    },
    {
      "preferredName": "Jacob Schmidel"
    },
    {
      "preferredName": "Jacob Andreas Schmidelin"
    },
    {
      "preferredName": "Jacobus Andreas Schmidelinus"
    },
    {
      "preferredName": "Jacob Andreas Schmidlein"
    },
    {
      "preferredName": "Jacob A. Schmidlein"
    },
    {
      "preferredName": "Jacob Schmidlen"
    },
    {
      "preferredName": "Jakob Schmidlin"
    },
    {
      "preferredName": "Jacob Schmidlin"
    },
    {
      "preferredName": "Jacobus Schmidlinus"
    },
    {
      "preferredName": "Jakob Schmidly"
    },
    {
      "preferredName": "Jacobus Smidelinus"
    },
    {
      "preferredName": "Jacobus Andreas Smidelinus"
    },
    {
      "preferredName": "Jacobus Smidlinus"
    }
  ],
  "realIdentity": [
    {
      "preferredName": "Jakob Endri\u00df"
    }
  ],
  "dateOfBirth": "March 25, 1528",
  "dateOfDeath": "January 7, 1590",
  "placeOfBirth": [
    {
      "@id": "https://d-nb.info/gnd/4064328-1",
      "preferredName": "Waiblingen"
    }
  ],
  "placeOfDeath": [
    {
      "@id": "https://d-nb.info/gnd/4061147-4",
      "preferredName": "Tu\u0308bingen"
    }
  ],
  "placeOfActivity": [
    {
      "@id": "https://d-nb.info/gnd/4058282-6",
      "preferredName": "Stuttgart"
    },
    {
      "@id": "https://d-nb.info/gnd/4021434-5",
      "preferredName": "Go\u0308ppingen"
    },
    {
      "@id": "https://d-nb.info/gnd/4061147-4",
      "preferredName": "Tu\u0308bingen"
    }
  ],
  "associatedCountry": [
    {
      "@id": "https://d-nb.info/standards/vocab/gnd/geographic-area-code#XA-DE",
      "preferredName": "Deutschland"
    }
  ],
  "professionOrOccupation": [
    {
      "@id": "https://d-nb.info/gnd/4015882-2",
      "preferredName": "Evangelischer Theologe"
    },
    {
      "@id": "https://d-nb.info/gnd/4132592-8",
      "preferredName": "Pfarrer"
    },
    {
      "@id": "https://d-nb.info/gnd/4184110-4",
      "preferredName": "Superintendent"
    },
    {
      "@id": "https://d-nb.info/gnd/4025243-7",
      "preferredName": "Hochschullehrer"
    },
    {
      "@id": "https://d-nb.info/gnd/4177347-0",
      "preferredName": "Reformator"
    }
  ],
  "gender": {
    "@id": "https://d-nb.info/standards/vocab/gnd/gender#male",
    "label": "Mann"
  },
  "biographicalOrHistoricalInformation": "Evangelisch-lutherischer Theologe, Kirchenreformator in Wu\u0308rttemberg und Deutschland; 1545 Magister; 1546 Diakon in Stuttgart; 1549 Diakon in Tu\u0308bingen; 1553 Dr. theol. sowie Stadtpfarrer und Superintendent in Go\u0308ppingen; 1561 Kanzler der Universita\u0308t und Prof. theol. in Tu\u0308bingen",
  "affiliation": [
    {
      "@id": "https://d-nb.info/gnd/36187-2",
      "preferredName": "Eberhard Karls Universita\u0308t Tu\u0308bingen"
    }
  ],
  "relatedPerson": [
    {
      "relationship": "Memmingen; VD-16 Mitverf.",
      "preferredName": "Johannes Lang, der Ju\u0308ngere"
    },
    {
      "relationship": "VD-16 Mitverf.",
      "preferredName": "Johannes Piscator"
    },
    {
      "@id": "https://d-nb.info/gnd/122253914",
      "relationship": "VD-16 Mitverf.",
      "preferredName": "Franc\u0327ois Peletier"
    },
    {
      "@id": "https://d-nb.info/gnd/131525115",
      "relationship": "VD-16 Mitverf.",
      "preferredName": "Marcus Beumler"
    },
    {
      "@id": "https://d-nb.info/gnd/119757346",
      "relationship": "VD-16 Mitverf.",
      "preferredName": "Georg Meckhart"
    },
    {
      "@id": "https://d-nb.info/gnd/119867516",
      "relationship": "VD-16 Mitverf.",
      "preferredName": "Paul Weniger"
    },
    {
      "relationship": "VD-16 Mitverf.",
      "preferredName": "Martin Chemnitz, der A\u0308ltere"
    },
    {
      "@id": "https://d-nb.info/gnd/119817284",
      "relationship": "VD-16 Mitverf.",
      "preferredName": "Bartholomaeus Scho\u0308ber"
    },
    {
      "@id": "https://d-nb.info/gnd/119764253",
      "relationship": "VD-16 Mitverf.",
      "preferredName": "Veit Mu\u0308ller"
    },
    {
      "@id": "https://d-nb.info/gnd/119841878",
      "relationship": "VD-16 Mitverf.",
      "preferredName": "Peter Streuber"
    },
    {
      "@id": "https://d-nb.info/gnd/11975228X",
      "relationship": "Empfohlener",
      "preferredName": "Abraham Manne"
    }
  ],
  "familialRelationship": [
    {
      "@id": "https://d-nb.info/gnd/119606496",
      "relationship": "Sohn",
      "preferredName": "Jacob Andrea\u0308"
    },
    {
      "@id": "https://d-nb.info/gnd/11960650X",
      "relationship": "Sohn",
      "preferredName": "Johannes Andrea\u0308"
    },
    {
      "@id": "https://d-nb.info/gnd/139073078",
      "relationship": "Sohn",
      "preferredName": "Ulrich Andrea\u0308"
    },
    {
      "@id": "https://d-nb.info/gnd/1077069057",
      "relationship": "Tochter",
      "preferredName": "Susanna Eisengrein"
    },
    {
      "@id": "https://d-nb.info/gnd/1077382715",
      "relationship": "Tochter",
      "preferredName": "Maria Harpprecht"
    },
    {
      "@id": "https://d-nb.info/gnd/100160107",
      "relationship": "Schwiegersohn",
      "preferredName": "Johann Harpprecht"
    },
    {
      "@id": "https://d-nb.info/gnd/119661705",
      "relationship": "Schwiegersohn",
      "preferredName": "Balthasar Eisengrein"
    }
  ],
  "depiction": {
    "@id": "https://commons.wikimedia.org/wiki/Special:FilePath/HU%20Alt%20-%20Jacob%20Andreae%201590.jpg",
    "publisher": "Wikimedia Commons",
    "copyrighted": "false",
    "creator": [
      "Hans Ulrich Alt"
    ],
    "creditText": [
      "Studion Original uploader was Woller at de.wikipedia"
    ],
    "license": [
      {
        "@id": "https://creativecommons.org/publicdomain/mark/1.0/",
        "abbr": "PD",
        "name": "Public Domain",
        "attributionRequired": "false",
        "restrictions": ""
      }
    ],
    "url": "https://commons.wikimedia.org/wiki/File:HU%20Alt%20-%20Jacob%20Andreae%201590.jpg?uselang=en",
    "thumbnail": {
      "@id": "https://commons.wikimedia.org/wiki/Special:FilePath/HU%20Alt%20-%20Jacob%20Andreae%201590.jpg?width=270"
    }
  },
  "sameAs": [
    {
      "@id": "https://d-nb.info/gnd/11899669X/about",
      "collection": {
        "abbr": "DNB",
        "name": "Gemeinsame Normdatei (GND) im Katalog der Deutschen Nationalbibliothek",
        "publisher": "Deutsche Nationalbibliothek",
        "icon": "https://www.dnb.de/SiteGlobals/Frontend/DNBWeb/Images/favicon.png?__blob=normal&v=4"
      }
    },
    {
      "@id": "https://de.wikipedia.org/wiki/Jakob_Andreae",
      "collection": {
        "abbr": "dewiki",
        "name": "Wikipedia (Deutsch)",
        "publisher": "Wikimedia Foundation Inc.",
        "icon": "https://de.wikipedia.org/static/favicon/wikipedia.ico"
      }
    },
    {
      "@id": "https://en.wikipedia.org/wiki/Jakob_Andreae",
      "collection": {
        "abbr": "enwiki",
        "name": "Wikipedia (English)",
        "publisher": "Wikimedia Foundation Inc.",
        "icon": "https://en.wikipedia.org/static/favicon/wikipedia.ico"
      }
    },
    {
      "@id": "https://kalliope-verbund.info/gnd/11899669X",
      "collection": {
        "abbr": "DE-611",
        "name": "Kalliope Verbundkatalog",
        "publisher": "Staatsbibliothek zu Berlin - Preu\u00dfischer Kulturbesitz",
        "icon": "https://kalliope-verbund.info/img/favicon.ico"
      }
    },
    {
      "@id": "https://raa.gf-franken.de/de/suche-nach-stammbucheintraegen.html?permaLink=1573_ochsenbach;46",
      "collection": {
        "abbr": "RAAE",
        "name": "Repertorium Alborum Amicorum (RAA) - Stammbucheintr\u00e4ge",
        "publisher": "Department Germanistik und Komparatistik der Friedrich-Alexander-Universit\u00e4t Erlangen-N\u00fcrnberg in Zusammenarbeit mit der Gesellschaft f\u00fcr Familienforschung in Franken",
        "icon": "https://www.gf-franken.de/favicon.ico"
      }
    },
    {
      "@id": "https://raa.gf-franken.de/de/suche-nach-stammbucheintraegen.html?permaLink=1575_nne;4",
      "collection": {
        "abbr": "RAAE",
        "name": "Repertorium Alborum Amicorum (RAA) - Stammbucheintr\u00e4ge",
        "publisher": "Department Germanistik und Komparatistik der Friedrich-Alexander-Universit\u00e4t Erlangen-N\u00fcrnberg in Zusammenarbeit mit der Gesellschaft f\u00fcr Familienforschung in Franken",
        "icon": "https://www.gf-franken.de/favicon.ico"
      }
    },
    {
      "@id": "https://www.archivportal-d.de/person/gnd/11899669X",
      "collection": {
        "abbr": "ARCHIV-D",
        "name": "Archivportal-D",
        "publisher": "Deutsche Digitale Bibliothek",
        "icon": "https://www.archivportal-d.de/favicon.ico"
      }
    },
    {
      "@id": "https://www.deutsche-biographie.de/pnd11899669X.html#adbcontent",
      "collection": {
        "abbr": "ADB",
        "name": "Allgemeine Deutsche Biographie (ADB)",
        "publisher": "Historische Kommission bei der Bayerischen Akademie der Wissenschaften und Bayerische Staatsbibliothek",
        "icon": "https://www.deutsche-biographie.de/favicon.ico"
      }
    },
    {
      "@id": "https://www.deutsche-biographie.de/pnd11899669X.html#ndbcontent",
      "collection": {
        "abbr": "NDB",
        "name": "Neue Deutsche Biographie (NDB)",
        "publisher": "Historische Kommission bei der Bayerischen Akademie der Wissenschaften und Bayerische Staatsbibliothek",
        "icon": "https://www.deutsche-biographie.de/favicon.ico"
      }
    },
    {
      "@id": "https://www.deutsche-digitale-bibliothek.de/person/gnd/11899669X",
      "collection": {
        "abbr": "DDB",
        "name": "Deutsche Digitale Bibliothek",
        "publisher": "Deutsche Digitale Bibliothek",
        "icon": "https://www.deutsche-digitale-bibliothek.de/favicon.ico"
      }
    },
    {
      "@id": "https://www.portraitindex.de/dokumente/pnd/11899669X",
      "collection": {
        "abbr": "Portraitindex",
        "name": "Digitaler Portraitindex der druckgraphischen Bildnisse der Fru\u0308hen Neuzeit",
        "publisher": "Deutsches Dokumentationszentrum fu\u0308r Kunstgeschichte - Bildarchiv Foto Marburg",
        "icon": "https://www.portraitindex.de/favicon.ico"
      }
    },
    {
      "@id": "http://id.loc.gov/rwo/agents/n50025231",
      "collection": {
        "abbr": "LC",
        "name": "NACO Authority File",
        "publisher": "Library of Congress",
        "icon": "https://www.loc.gov/favicon.ico"
      }
    },
    {
      "@id": "http://viaf.org/viaf/68907359",
      "collection": {
        "abbr": "VIAF",
        "name": "Virtual International Authority File (VIAF)",
        "publisher": "OCLC",
        "icon": "https://viaf.org/viaf/images/viaf.ico"
      }
    },
    {
      "@id": "http://www.wikidata.org/entity/Q62754",
      "collection": {
        "abbr": "WIKIDATA",
        "name": "Wikidata",
        "publisher": "Wikimedia Foundation Inc.",
        "icon": "https://www.wikidata.org/static/favicon/wikidata.ico"
      }
    },
    {
      "@id": "https://isni.org/isni/0000000109117078",
      "collection": {
        "abbr": "ISNI",
        "name": "International Standard Name Identifier (ISNI)",
        "publisher": "International Standard Name Identifier (ISNI)",
        "icon": "https://www.isni.org/sites/default/files/isni_new_favicon.ico"
      }
    }
  ]
}