{
  "@context": "http://hub.culturegraph.org/entityfacts/context/v1/entityfacts.jsonld",
  "@id": "https://d-nb.info/gnd/118966650",
  "describedBy": {
    "valid": "2026-05-02T08:46:41Z",
    "license": "https://creativecommons.org/publicdomain/zero/1.0/",
    "@id": "https://hub.culturegraph.org/entityfacts/118966650"
  },
  "preferredName": "Barbara, Polen, Ko\u0308nigin",
  "surname": "Barbara, Polen, Ko\u0308nigin",
  "@type": "person",
  "titleOfNobility": [
    "Ko\u0308nigin"
  ],
  "variantName": [
    "Barbara, Polska, Kro\u0301lowa",
    "Barbara Radziwi\u0142\u0142o\u0301wna",
    "Barbara Radziwi\u0142\u0142",
    "Barbora Radvilaite\u0307",
    "Barbara Radziwi\u0142\u0142o\u0301wna",
    "Barbara, Ko\u0308nigin von Polen"
  ],
  "dateOfBirth": "December 6, 1520",
  "dateOfDeath": "May 8, 1551",
  "placeOfBirth": [
    {
      "@id": "https://d-nb.info/gnd/5057560-0",
      "preferredName": "Vilnius"
    }
  ],
  "placeOfDeath": [
    {
      "@id": "https://d-nb.info/gnd/4073760-3",
      "preferredName": "Krakau"
    }
  ],
  "associatedCountry": [
    {
      "@id": "https://d-nb.info/standards/vocab/gnd/geographic-area-code#XA-PL",
      "preferredName": "Polen"
    },
    {
      "@id": "https://d-nb.info/standards/vocab/gnd/geographic-area-code#XA-LT",
      "preferredName": "Litauen"
    }
  ],
  "gender": {
    "@id": "https://d-nb.info/standards/vocab/gnd/gender#female",
    "label": "Frau"
  },
  "biographicalOrHistoricalInformation": "Polnische Ko\u0308nigin aus der Familie der Radziwi\u0142\u0142; Gro\u00dffu\u0308rstin von Litauen",
  "familialRelationship": [
    {
      "@id": "https://d-nb.info/gnd/128744154",
      "relationship": "Vater",
      "preferredName": "Jerzy Radziwi\u0142\u0142"
    },
    {
      "@id": "https://d-nb.info/gnd/118614193",
      "relationship": "Ehemann",
      "preferredName": "Zygmunt August II., Polen, Ko\u0308nig"
    }
  ],
  "depiction": {
    "@id": "https://commons.wikimedia.org/wiki/Special:FilePath/Workshop%20of%20Lucas%20Cranach%20%28II%29%20-%20Barbara%20Radzivilia%20%28Czartoryski%20Museum%29.jpg",
    "publisher": "Wikimedia Commons",
    "copyrighted": "false",
    "creator": [
      "Workshop of Lucas Cranach the Younger"
    ],
    "creditText": [
      "Czartoryski Museum"
    ],
    "license": [
      {
        "@id": "https://creativecommons.org/publicdomain/mark/1.0/",
        "abbr": "PD",
        "name": "Public Domain",
        "attributionRequired": "false",
        "restrictions": ""
      }
    ],
    "url": "https://commons.wikimedia.org/wiki/File:Workshop%20of%20Lucas%20Cranach%20%28II%29%20-%20Barbara%20Radzivilia%20%28Czartoryski%20Museum%29.jpg?uselang=en",
    "thumbnail": {
      "@id": "https://commons.wikimedia.org/wiki/Special:FilePath/Workshop%20of%20Lucas%20Cranach%20%28II%29%20-%20Barbara%20Radzivilia%20%28Czartoryski%20Museum%29.jpg?width=270"
    }
  },
  "sameAs": [
    {
      "@id": "https://d-nb.info/gnd/118966650/about",
      "collection": {
        "abbr": "DNB",
        "name": "Gemeinsame Normdatei (GND) im Katalog der Deutschen Nationalbibliothek",
        "publisher": "Deutsche Nationalbibliothek",
        "icon": "https://www.dnb.de/SiteGlobals/Frontend/DNBWeb/Images/favicon.png?__blob=normal&v=4"
      }
    },
    {
      "@id": "https://de.wikipedia.org/wiki/Barbara_Radziwi%C5%82%C5%82",
      "collection": {
        "abbr": "dewiki",
        "name": "Wikipedia (Deutsch)",
        "publisher": "Wikimedia Foundation Inc.",
        "icon": "https://de.wikipedia.org/static/favicon/wikipedia.ico"
      }
    },
    {
      "@id": "https://en.wikipedia.org/wiki/Barbara_Radziwi%C5%82%C5%82",
      "collection": {
        "abbr": "enwiki",
        "name": "Wikipedia (English)",
        "publisher": "Wikimedia Foundation Inc.",
        "icon": "https://en.wikipedia.org/static/favicon/wikipedia.ico"
      }
    },
    {
      "@id": "https://www.deutsche-digitale-bibliothek.de/person/gnd/118966650",
      "collection": {
        "abbr": "DDB",
        "name": "Deutsche Digitale Bibliothek",
        "publisher": "Deutsche Digitale Bibliothek",
        "icon": "https://www.deutsche-digitale-bibliothek.de/favicon.ico"
      }
    },
    {
      "@id": "https://www.herder-institut.de/bildkatalog/gnd/118966650",
      "collection": {
        "abbr": "ba-herder",
        "name": "Bildarchiv / Herder-Institut",
        "publisher": "Herder-Institut f\u00fcr historische Ostmitteleuropaforschung \u2013 Institut der Leibniz-Gemeinschaft",
        "icon": "https://www.herder-institut.de/themes/custom/herder-institut/images/favicons/favicon.ico"
      }
    },
    {
      "@id": "https://www.portraitindex.de/dokumente/pnd/118966650",
      "collection": {
        "abbr": "Portraitindex",
        "name": "Digitaler Portraitindex der druckgraphischen Bildnisse der Fru\u0308hen Neuzeit",
        "publisher": "Deutsches Dokumentationszentrum fu\u0308r Kunstgeschichte - Bildarchiv Foto Marburg",
        "icon": "https://www.portraitindex.de/favicon.ico"
      }
    },
    {
      "@id": "http://id.loc.gov/rwo/agents/n84121746",
      "collection": {
        "abbr": "LC",
        "name": "NACO Authority File",
        "publisher": "Library of Congress",
        "icon": "https://www.loc.gov/favicon.ico"
      }
    },
    {
      "@id": "http://viaf.org/viaf/30940175",
      "collection": {
        "abbr": "VIAF",
        "name": "Virtual International Authority File (VIAF)",
        "publisher": "OCLC",
        "icon": "https://viaf.org/viaf/images/viaf.ico"
      }
    },
    {
      "@id": "http://www.wikidata.org/entity/Q233823",
      "collection": {
        "abbr": "WIKIDATA",
        "name": "Wikidata",
        "publisher": "Wikimedia Foundation Inc.",
        "icon": "https://www.wikidata.org/static/favicon/wikidata.ico"
      }
    },
    {
      "@id": "https://isni.org/isni/0000000110506441",
      "collection": {
        "abbr": "ISNI",
        "name": "International Standard Name Identifier (ISNI)",
        "publisher": "International Standard Name Identifier (ISNI)",
        "icon": "https://www.isni.org/sites/default/files/isni_new_favicon.ico"
      }
    }
  ]
}