{
  "@context": "http://hub.culturegraph.org/entityfacts/context/v1/entityfacts.jsonld",
  "@id": "https://d-nb.info/gnd/11890700X",
  "describedBy": {
    "valid": "2026-05-01T21:40:16Z",
    "license": "https://creativecommons.org/publicdomain/zero/1.0/",
    "@id": "https://hub.culturegraph.org/entityfacts/11890700X"
  },
  "preferredName": "Johannes Nas",
  "surname": "Nas",
  "forename": "Johannes",
  "@type": "person",
  "variantName": [
    "Johannes Nasus",
    "Johannes Nase",
    "Johannes Na\u00df",
    "Johannes Naa\u00df",
    "Johannes Nasn",
    "Johann Nas",
    "Johann Nasus",
    "Johann Nase",
    "Johann Na\u00df",
    "Johann Naa\u00df",
    "Johann Nasn",
    "Joan. Na\u00df",
    "Joann. Na\u00df",
    "Johannes Nasus, Kontroverstheologe",
    "Johannes Nas, Kontroverstheologe",
    "Joan. Nass, Kontroverstheologe",
    "Johannes Nase, Kontroverstheologe",
    "Johannes Nass, Kontroverstheologe"
  ],
  "pseudonym": [
    {
      "preferredName": "Jonas Philognisius"
    },
    {
      "preferredName": "Jonas Philognysius"
    },
    {
      "preferredName": "Jonas Phylognysius"
    }
  ],
  "dateOfBirth": "March 19, 1534",
  "dateOfDeath": "May 16, 1590",
  "placeOfBirth": [
    {
      "@id": "https://d-nb.info/gnd/4085569-7",
      "preferredName": "Eltmann"
    }
  ],
  "placeOfDeath": [
    {
      "@id": "https://d-nb.info/gnd/4027096-8",
      "preferredName": "Innsbruck"
    }
  ],
  "placeOfActivity": [
    {
      "@id": "https://d-nb.info/gnd/4026991-7",
      "preferredName": "Ingolstadt"
    },
    {
      "@id": "https://d-nb.info/gnd/4027096-8",
      "preferredName": "Innsbruck"
    },
    {
      "@id": "https://d-nb.info/gnd/4008306-8",
      "preferredName": "Brixen"
    }
  ],
  "associatedCountry": [
    {
      "@id": "https://d-nb.info/standards/vocab/gnd/geographic-area-code#XA-DE",
      "preferredName": "Deutschland"
    }
  ],
  "professionOrOccupation": [
    {
      "@id": "https://d-nb.info/gnd/4030020-1",
      "preferredName": "Katholischer Theologe"
    },
    {
      "@id": "https://d-nb.info/gnd/4132954-5",
      "preferredName": "Weihbischof"
    },
    {
      "@id": "https://d-nb.info/gnd/4210801-9",
      "preferredName": "Hofprediger"
    },
    {
      "@id": "https://d-nb.info/gnd/4039902-3",
      "preferredName": "Mo\u0308nch"
    },
    {
      "@id": "https://d-nb.info/gnd/4047233-4",
      "preferredName": "Priester"
    }
  ],
  "gender": {
    "@id": "https://d-nb.info/standards/vocab/gnd/gender#male",
    "label": "Mann"
  },
  "biographicalOrHistoricalInformation": "Deutscher katholischer Kontroverstheologe; Franziskaner; 1580 Weihbischof von Brixen",
  "relatedPerson": [
    {
      "@id": "https://d-nb.info/gnd/119648342",
      "relationship": "VD-16 Mitverf.",
      "preferredName": "Crispinianus Crispus"
    },
    {
      "@id": "https://d-nb.info/gnd/123524156",
      "relationship": "VD-16 Mitverf.",
      "preferredName": "Johann Dominicus He\u00df"
    },
    {
      "@id": "https://d-nb.info/gnd/119860503",
      "relationship": "VD-16 Mitverf.",
      "preferredName": "Johannes Vogelgesang"
    },
    {
      "@id": "https://d-nb.info/gnd/103140522",
      "relationship": "VD-16 Mitverf.",
      "preferredName": "Adam Berg"
    },
    {
      "@id": "https://d-nb.info/gnd/119621096",
      "relationship": "VD-16 Mitverf.",
      "preferredName": "Bibobacherius"
    },
    {
      "@id": "https://d-nb.info/gnd/119637960",
      "relationship": "VD-16 Mitverf.",
      "preferredName": "Andreas Casletanus"
    },
    {
      "relationship": "VD-16 Mitverf.",
      "preferredName": "Johannes Engerd"
    },
    {
      "relationship": "Papst; VD-16 Mitverf.",
      "preferredName": "Gregor XIII., Papst"
    },
    {
      "relationship": "Frater; VD-16 Mitverf.",
      "preferredName": "Johannes Bonaventura, Frater"
    }
  ],
  "sameAs": [
    {
      "@id": "https://d-nb.info/gnd/11890700X/about",
      "collection": {
        "abbr": "DNB",
        "name": "Gemeinsame Normdatei (GND) im Katalog der Deutschen Nationalbibliothek",
        "publisher": "Deutsche Nationalbibliothek",
        "icon": "https://www.dnb.de/SiteGlobals/Frontend/DNBWeb/Images/favicon.png?__blob=normal&v=4"
      }
    },
    {
      "@id": "https://de.wikipedia.org/wiki/Johannes_Nas",
      "collection": {
        "abbr": "dewiki",
        "name": "Wikipedia (Deutsch)",
        "publisher": "Wikimedia Foundation Inc.",
        "icon": "https://de.wikipedia.org/static/favicon/wikipedia.ico"
      }
    },
    {
      "@id": "https://www.deutsche-biographie.de/pnd11890700X.html#adbcontent",
      "collection": {
        "abbr": "ADB",
        "name": "Allgemeine Deutsche Biographie (ADB)",
        "publisher": "Historische Kommission bei der Bayerischen Akademie der Wissenschaften und Bayerische Staatsbibliothek",
        "icon": "https://www.deutsche-biographie.de/favicon.ico"
      }
    },
    {
      "@id": "https://www.deutsche-biographie.de/pnd11890700X.html#ndbcontent",
      "collection": {
        "abbr": "NDB",
        "name": "Neue Deutsche Biographie (NDB)",
        "publisher": "Historische Kommission bei der Bayerischen Akademie der Wissenschaften und Bayerische Staatsbibliothek",
        "icon": "https://www.deutsche-biographie.de/favicon.ico"
      }
    },
    {
      "@id": "https://www.deutsche-digitale-bibliothek.de/person/gnd/11890700X",
      "collection": {
        "abbr": "DDB",
        "name": "Deutsche Digitale Bibliothek",
        "publisher": "Deutsche Digitale Bibliothek",
        "icon": "https://www.deutsche-digitale-bibliothek.de/favicon.ico"
      }
    },
    {
      "@id": "http://id.loc.gov/rwo/agents/nr89011480",
      "collection": {
        "abbr": "LC",
        "name": "NACO Authority File",
        "publisher": "Library of Congress",
        "icon": "https://www.loc.gov/favicon.ico"
      }
    },
    {
      "@id": "http://viaf.org/viaf/18020684",
      "collection": {
        "abbr": "VIAF",
        "name": "Virtual International Authority File (VIAF)",
        "publisher": "OCLC",
        "icon": "https://viaf.org/viaf/images/viaf.ico"
      }
    },
    {
      "@id": "http://www.wikidata.org/entity/Q27975586",
      "collection": {
        "abbr": "WIKIDATA",
        "name": "Wikidata",
        "publisher": "Wikimedia Foundation Inc.",
        "icon": "https://www.wikidata.org/static/favicon/wikidata.ico"
      }
    },
    {
      "@id": "https://isni.org/isni/0000000078203052",
      "collection": {
        "abbr": "ISNI",
        "name": "International Standard Name Identifier (ISNI)",
        "publisher": "International Standard Name Identifier (ISNI)",
        "icon": "https://www.isni.org/sites/default/files/isni_new_favicon.ico"
      }
    }
  ]
}