{
  "@context": "http://hub.culturegraph.org/entityfacts/context/v1/entityfacts.jsonld",
  "@id": "https://d-nb.info/gnd/118890646",
  "describedBy": {
    "valid": "2026-04-28T20:28:40Z",
    "license": "https://creativecommons.org/publicdomain/zero/1.0/",
    "@id": "https://hub.culturegraph.org/entityfacts/118890646"
  },
  "preferredName": "Charles de L'Ecluse",
  "surname": "L'Ecluse",
  "prefix": "de",
  "forename": "Charles",
  "@type": "person",
  "academicDegree": [
    "Prof."
  ],
  "variantName": [
    "Charles de Arras de L'Ecluse",
    "Charles de Le\u0301cluse",
    "Charles de L'Ecluse de Arras",
    "Charles de l' Escluse",
    "Charles de l' Ecluse",
    "Charles de la E\u0301cluse",
    "Carlus Clusus",
    "Carolus Clusus Atrebas",
    "Carolus C. Atrebas",
    "Carlo Clusio",
    "Carlos Clu\u0301sio",
    "Carolus Clusius, Atrebatensis",
    "Carlus Clusius",
    "Karl Clusius",
    "Carlo Cluso",
    "Clusio",
    "Jules Charles de L'Ecluse of Escluse",
    "Karel de L'Ecluse",
    "Charles de L'Ecluse, aus Arras",
    "Charles Dele\u0301cluse",
    "Charles de Dell'Escluse",
    "Charles de L'Escluse",
    "Carolus Clusius Atrebas",
    "C. C. A.",
    "C.C.A.",
    "Carolus Clusius",
    "Carolus Clusius",
    "Charles de L'Ecluse"
  ],
  "dateOfBirth": "February 19, 1526",
  "dateOfDeath": "April 4, 1609",
  "placeOfBirth": [
    {
      "@id": "https://d-nb.info/gnd/4085976-9",
      "preferredName": "Arras"
    }
  ],
  "placeOfDeath": [
    {
      "@id": "https://d-nb.info/gnd/4074118-7",
      "preferredName": "Leiden"
    }
  ],
  "placeOfActivity": [
    {
      "@id": "https://d-nb.info/gnd/4074118-7",
      "preferredName": "Leiden"
    }
  ],
  "associatedCountry": [
    {
      "@id": "https://d-nb.info/standards/vocab/gnd/geographic-area-code#XA-NL",
      "preferredName": "Niederlande"
    }
  ],
  "professionOrOccupation": [
    {
      "@id": "https://d-nb.info/gnd/4003157-3",
      "preferredName": "Arzt"
    },
    {
      "@id": "https://d-nb.info/gnd/4146402-3",
      "preferredName": "Botaniker"
    }
  ],
  "gender": {
    "@id": "https://d-nb.info/standards/vocab/gnd/gender#male",
    "label": "Mann"
  },
  "biographicalOrHistoricalInformation": "Franz.-niederla\u0308nd. Arzt und Botaniker; geb. in Arras; studierte auch Jura; ab 1593 Prof. der Botanik in Leiden",
  "relatedPerson": [
    {
      "@id": "https://d-nb.info/gnd/119613557",
      "relationship": "VD-16 Mitverf.",
      "preferredName": "Nicolas Barre\u0301"
    },
    {
      "@id": "https://d-nb.info/gnd/118516418",
      "relationship": "VD-16 Mitverf.",
      "preferredName": "Theodor de Bry"
    },
    {
      "@id": "https://d-nb.info/gnd/118518569",
      "relationship": "VD-16 Mitverf.",
      "preferredName": "Joachim Camerarius"
    },
    {
      "@id": "https://d-nb.info/gnd/116467541",
      "relationship": "VD-16 Mitverf.",
      "preferredName": "Isaac Casaubon"
    },
    {
      "@id": "https://d-nb.info/gnd/116229292",
      "relationship": "VD-16 Mitverf.",
      "preferredName": "Johann Dryander"
    },
    {
      "@id": "https://d-nb.info/gnd/118720473",
      "relationship": "VD-16 Mitverf.",
      "preferredName": "Thomas Harriot"
    },
    {
      "@id": "https://d-nb.info/gnd/118840223",
      "relationship": "VD-16 Mitverf.",
      "preferredName": "Jacques Le Moyne de Morgues"
    },
    {
      "@id": "https://d-nb.info/gnd/119224089",
      "relationship": "VD-16 Mitverf.",
      "preferredName": "Jean de Le\u0301ry"
    },
    {
      "@id": "https://d-nb.info/gnd/119746018",
      "relationship": "VD-16 Mitverf.",
      "preferredName": "Abraham Loescher"
    },
    {
      "@id": "https://d-nb.info/gnd/115392440",
      "relationship": "VD-16 Mitverf.",
      "preferredName": "Johann Adam Lonicerus"
    },
    {
      "@id": "https://d-nb.info/gnd/118729195",
      "relationship": "VD-16 Mitverf.",
      "preferredName": "Petrus Lotichius"
    },
    {
      "@id": "https://d-nb.info/gnd/119064227",
      "relationship": "VD-16 Mitverf.",
      "preferredName": "Franciscus Modius"
    },
    {
      "@id": "https://d-nb.info/gnd/119721155",
      "relationship": "VD-16 Mitverf.",
      "preferredName": "Jean, de Mourcourt"
    },
    {
      "@id": "https://d-nb.info/gnd/119006464",
      "relationship": "VD-16 Mitverf.",
      "preferredName": "Johannes Posthius"
    },
    {
      "@id": "https://d-nb.info/gnd/118580558",
      "relationship": "VD-16 Mitverf.",
      "preferredName": "Paulus Schede Melissus"
    },
    {
      "@id": "https://d-nb.info/gnd/118798367",
      "relationship": "VD-16 Mitverf.",
      "preferredName": "Hans Staden"
    },
    {
      "@id": "https://d-nb.info/gnd/119687739",
      "relationship": "VD-16 Mitverf.",
      "preferredName": "G.M.N."
    },
    {
      "@id": "https://d-nb.info/gnd/119718537",
      "relationship": "VD-16 Mitverf.",
      "preferredName": "I.I.B."
    },
    {
      "@id": "https://d-nb.info/gnd/119842629",
      "relationship": "VD-16 Mitverf.",
      "preferredName": "St.T."
    }
  ],
  "depiction": {
    "@id": "https://commons.wikimedia.org/wiki/Special:FilePath/Carolus%20Clusius00.jpg",
    "publisher": "Wikimedia Commons",
    "copyrighted": "false",
    "creator": [
      "Attributed to Jacob de Monte"
    ],
    "creditText": [
      "Hoogleraren Universiteit Leiden"
    ],
    "license": [
      {
        "@id": "https://creativecommons.org/publicdomain/mark/1.0/",
        "abbr": "PD",
        "name": "Public Domain",
        "attributionRequired": "false",
        "restrictions": ""
      }
    ],
    "url": "https://commons.wikimedia.org/wiki/File:Carolus%20Clusius00.jpg?uselang=en",
    "thumbnail": {
      "@id": "https://commons.wikimedia.org/wiki/Special:FilePath/Carolus%20Clusius00.jpg?width=270"
    }
  },
  "sameAs": [
    {
      "@id": "https://d-nb.info/gnd/118890646/about",
      "collection": {
        "abbr": "DNB",
        "name": "Gemeinsame Normdatei (GND) im Katalog der Deutschen Nationalbibliothek",
        "publisher": "Deutsche Nationalbibliothek",
        "icon": "https://www.dnb.de/SiteGlobals/Frontend/DNBWeb/Images/favicon.png?__blob=normal&v=4"
      }
    },
    {
      "@id": "https://de.wikipedia.org/wiki/Charles_de_l%E2%80%99%C3%89cluse",
      "collection": {
        "abbr": "dewiki",
        "name": "Wikipedia (Deutsch)",
        "publisher": "Wikimedia Foundation Inc.",
        "icon": "https://de.wikipedia.org/static/favicon/wikipedia.ico"
      }
    },
    {
      "@id": "https://en.wikipedia.org/wiki/Carolus_Clusius",
      "collection": {
        "abbr": "enwiki",
        "name": "Wikipedia (English)",
        "publisher": "Wikimedia Foundation Inc.",
        "icon": "https://en.wikipedia.org/static/favicon/wikipedia.ico"
      }
    },
    {
      "@id": "https://frankfurter-personenlexikon.de/beacon/beacon.php?118890646",
      "collection": {
        "abbr": "FFMPL",
        "name": "Frankfurter Personenlexikon",
        "publisher": "Frankfurter Bu\u0308rgerstiftung im Holzhausenschlo\u0308sschen"
      }
    },
    {
      "@id": "https://kaiserhof.geschichte.lmu.de/Q/GND=118890646",
      "collection": {
        "abbr": "KH",
        "name": "Kaiser und H\u00f6fe",
        "publisher": "Ludwig-Maximilians-Universit\u00e4t M\u00fcnchen - Historisches Seminar - Fr\u00fche Neuzeit",
        "icon": "https://kaiserhof.geschichte.lmu.de/favicon.ico"
      }
    },
    {
      "@id": "https://kalliope-verbund.info/gnd/118890646",
      "collection": {
        "abbr": "DE-611",
        "name": "Kalliope Verbundkatalog",
        "publisher": "Staatsbibliothek zu Berlin - Preu\u00dfischer Kulturbesitz",
        "icon": "https://kalliope-verbund.info/img/favicon.ico"
      }
    },
    {
      "@id": "https://raa.gf-franken.de/de/suche-nach-stammbucheintraegen.html?permaLink=1607_kock;9",
      "collection": {
        "abbr": "RAAE",
        "name": "Repertorium Alborum Amicorum (RAA) - Stammbucheintr\u00e4ge",
        "publisher": "Department Germanistik und Komparatistik der Friedrich-Alexander-Universit\u00e4t Erlangen-N\u00fcrnberg in Zusammenarbeit mit der Gesellschaft f\u00fcr Familienforschung in Franken",
        "icon": "https://www.gf-franken.de/favicon.ico"
      }
    },
    {
      "@id": "https://www.archivportal-d.de/person/gnd/118890646",
      "collection": {
        "abbr": "ARCHIV-D",
        "name": "Archivportal-D",
        "publisher": "Deutsche Digitale Bibliothek",
        "icon": "https://www.archivportal-d.de/favicon.ico"
      }
    },
    {
      "@id": "https://www.deutsche-biographie.de/pnd118890646.html#adbcontent",
      "collection": {
        "abbr": "ADB",
        "name": "Allgemeine Deutsche Biographie (ADB)",
        "publisher": "Historische Kommission bei der Bayerischen Akademie der Wissenschaften und Bayerische Staatsbibliothek",
        "icon": "https://www.deutsche-biographie.de/favicon.ico"
      }
    },
    {
      "@id": "https://www.deutsche-biographie.de/pnd118890646.html#ndbcontent",
      "collection": {
        "abbr": "NDB",
        "name": "Neue Deutsche Biographie (NDB)",
        "publisher": "Historische Kommission bei der Bayerischen Akademie der Wissenschaften und Bayerische Staatsbibliothek",
        "icon": "https://www.deutsche-biographie.de/favicon.ico"
      }
    },
    {
      "@id": "https://www.deutsche-digitale-bibliothek.de/person/gnd/118890646",
      "collection": {
        "abbr": "DDB",
        "name": "Deutsche Digitale Bibliothek",
        "publisher": "Deutsche Digitale Bibliothek",
        "icon": "https://www.deutsche-digitale-bibliothek.de/favicon.ico"
      }
    },
    {
      "@id": "https://www.portraitindex.de/dokumente/pnd/118890646",
      "collection": {
        "abbr": "Portraitindex",
        "name": "Digitaler Portraitindex der druckgraphischen Bildnisse der Fru\u0308hen Neuzeit",
        "publisher": "Deutsches Dokumentationszentrum fu\u0308r Kunstgeschichte - Bildarchiv Foto Marburg",
        "icon": "https://www.portraitindex.de/favicon.ico"
      }
    },
    {
      "@id": "http://id.loc.gov/rwo/agents/n82233491",
      "collection": {
        "abbr": "LC",
        "name": "NACO Authority File",
        "publisher": "Library of Congress",
        "icon": "https://www.loc.gov/favicon.ico"
      }
    },
    {
      "@id": "http://viaf.org/viaf/99214494",
      "collection": {
        "abbr": "VIAF",
        "name": "Virtual International Authority File (VIAF)",
        "publisher": "OCLC",
        "icon": "https://viaf.org/viaf/images/viaf.ico"
      }
    },
    {
      "@id": "http://www.wikidata.org/entity/Q333372",
      "collection": {
        "abbr": "WIKIDATA",
        "name": "Wikidata",
        "publisher": "Wikimedia Foundation Inc.",
        "icon": "https://www.wikidata.org/static/favicon/wikidata.ico"
      }
    },
    {
      "@id": "https://isni.org/isni/0000000121033344",
      "collection": {
        "abbr": "ISNI",
        "name": "International Standard Name Identifier (ISNI)",
        "publisher": "International Standard Name Identifier (ISNI)",
        "icon": "https://www.isni.org/sites/default/files/isni_new_favicon.ico"
      }
    }
  ]
}