{
  "@context": "http://hub.culturegraph.org/entityfacts/context/v1/entityfacts.jsonld",
  "@id": "https://d-nb.info/gnd/11884962X",
  "describedBy": {
    "valid": "2026-04-26T17:54:02Z",
    "license": "https://creativecommons.org/publicdomain/zero/1.0/",
    "@id": "https://hub.culturegraph.org/entityfacts/11884962X"
  },
  "preferredName": "Caspar Bauhin",
  "surname": "Bauhin",
  "forename": "Caspar",
  "@type": "person",
  "academicDegree": [
    "Prof. Dr. med."
  ],
  "variantName": [
    "Gasparus Bauhinus",
    "Caspar Bauhinus",
    "Gaspard Bauhin",
    "Kaspar Bauhin",
    "Casparus Bauhinus",
    "Caspar Bauhin I",
    "Caspar Bauhin-Vogelmann",
    "Caspar Bauhin-Bru\u0308ggler",
    "Caspar Bauhin-Burckhardt"
  ],
  "dateOfBirth": "January 17, 1560",
  "dateOfDeath": "December 5, 1624",
  "placeOfBirth": [
    {
      "@id": "https://d-nb.info/gnd/4004617-5",
      "preferredName": "Basel"
    }
  ],
  "placeOfDeath": [
    {
      "@id": "https://d-nb.info/gnd/4004617-5",
      "preferredName": "Basel"
    }
  ],
  "associatedCountry": [
    {
      "@id": "https://d-nb.info/standards/vocab/gnd/geographic-area-code#XA-CH",
      "preferredName": "Schweiz"
    }
  ],
  "professionOrOccupation": [
    {
      "@id": "https://d-nb.info/gnd/4003157-3",
      "preferredName": "Arzt"
    },
    {
      "@id": "https://d-nb.info/gnd/4146402-3",
      "preferredName": "Botaniker"
    },
    {
      "@id": "https://d-nb.info/gnd/4398816-7",
      "preferredName": "Anatom"
    },
    {
      "@id": "https://d-nb.info/gnd/4025243-7",
      "preferredName": "Hochschullehrer"
    }
  ],
  "gender": {
    "@id": "https://d-nb.info/standards/vocab/gnd/gender#male",
    "label": "Mann"
  },
  "biographicalOrHistoricalInformation": "Schweizer Mediziner, Anatom, Botaniker; 1582 Lehrer mit einem Lehrstuhl fu\u0308r Griechisch, 1589 Dozent und Professor fu\u0308r Anatomie und Botanik an der Universita\u0308t Basel, 1614 Stadtarzt und Professor fu\u0308r praktische Medizin",
  "affiliation": [
    {
      "@id": "https://d-nb.info/gnd/36146-X",
      "preferredName": "Universita\u0308t Basel"
    }
  ],
  "relatedPerson": [
    {
      "@id": "https://d-nb.info/gnd/119602792",
      "relationship": "VD-16 Mitverf.",
      "preferredName": "Jean Ailleboust"
    },
    {
      "relationship": "VD-16 Mitverf.",
      "preferredName": "Jean Bauhin"
    },
    {
      "relationship": "VD-16 Mitverf.",
      "preferredName": "Konrad Gesner"
    },
    {
      "@id": "https://d-nb.info/gnd/100944639",
      "relationship": "VD-16 Mitverf.",
      "preferredName": "Guilelmus, Varignana"
    },
    {
      "@id": "https://d-nb.info/gnd/118731912",
      "relationship": "VD-16 Mitverf.",
      "preferredName": "Pietro Andrea Mattioli"
    },
    {
      "@id": "https://d-nb.info/gnd/136800866",
      "relationship": "VD-16 Mitverf.",
      "preferredName": "Franc\u0327ois Rousset"
    },
    {
      "relationship": "VD-16 Mitverf.",
      "preferredName": "Martin Ruland, der A\u0308ltere"
    },
    {
      "@id": "https://d-nb.info/gnd/116703318",
      "relationship": "VD-16 Mitverf.",
      "preferredName": "Martin Ruland"
    },
    {
      "relationship": "VD-16 Mitverf.",
      "preferredName": "Kaspar Wolf"
    },
    {
      "@id": "https://d-nb.info/gnd/124543081",
      "relationship": "VD-16 Mitverf.",
      "preferredName": "Michael Fend"
    },
    {
      "@id": "https://d-nb.info/gnd/128882816",
      "preferredName": "Simon Landgrav"
    },
    {
      "@id": "https://d-nb.info/gnd/1373928662",
      "preferredName": "Johann Jakob Huber"
    }
  ],
  "familialRelationship": [
    {
      "@id": "https://d-nb.info/gnd/135869986",
      "relationship": "Vater",
      "preferredName": "Jean Bauhin"
    },
    {
      "@id": "https://d-nb.info/gnd/1089917813",
      "relationship": "Mutter",
      "preferredName": "Johanna Bauhin-Fontaine"
    },
    {
      "@id": "https://d-nb.info/gnd/100027385",
      "relationship": "Bruder",
      "preferredName": "Johann Bauhin"
    },
    {
      "@id": "https://d-nb.info/gnd/116087285",
      "relationship": "Sohn",
      "preferredName": "Johann Caspar Bauhin"
    }
  ],
  "depiction": {
    "@id": "https://commons.wikimedia.org/wiki/Special:FilePath/Basel%2C%20Universit%C3%A4tsbibliothek%2C%20AN%20II%204%2C%20f.%2071r%20%E2%80%93%20Matriculation%20Register%20of%20the%20Rectorate%20of%20the%20University%20of%20Basel%2C%20Volume%202%20%281586-1653%29.JPG",
    "publisher": "Wikimedia Commons",
    "copyrighted": "false",
    "creator": [
      "Unknown authorUnknown author"
    ],
    "creditText": [
      "https://www.e-codices.unifr.ch/en/list/one/ubb/AN-II-0004"
    ],
    "license": [
      {
        "@id": "https://creativecommons.org/publicdomain/mark/1.0/",
        "abbr": "PD",
        "name": "Public Domain",
        "attributionRequired": "false",
        "restrictions": ""
      }
    ],
    "url": "https://commons.wikimedia.org/wiki/File:Basel%2C%20Universit%C3%A4tsbibliothek%2C%20AN%20II%204%2C%20f.%2071r%20%E2%80%93%20Matriculation%20Register%20of%20the%20Rectorate%20of%20the%20University%20of%20Basel%2C%20Volume%202%20%281586-1653%29.JPG?uselang=en",
    "thumbnail": {
      "@id": "https://commons.wikimedia.org/wiki/Special:FilePath/Basel%2C%20Universit%C3%A4tsbibliothek%2C%20AN%20II%204%2C%20f.%2071r%20%E2%80%93%20Matriculation%20Register%20of%20the%20Rectorate%20of%20the%20University%20of%20Basel%2C%20Volume%202%20%281586-1653%29.JPG?width=270"
    }
  },
  "sameAs": [
    {
      "@id": "https://d-nb.info/gnd/11884962X/about",
      "collection": {
        "abbr": "DNB",
        "name": "Gemeinsame Normdatei (GND) im Katalog der Deutschen Nationalbibliothek",
        "publisher": "Deutsche Nationalbibliothek",
        "icon": "https://www.dnb.de/SiteGlobals/Frontend/DNBWeb/Images/favicon.png?__blob=normal&v=4"
      }
    },
    {
      "@id": "http://www.hls-dhs-dss.ch/textes/d/D14280.php",
      "collection": {
        "abbr": "CH_HLS",
        "name": "Historisches Lexikon der Schweiz (HLS)",
        "publisher": "Historisches Lexikon der Schweiz (HLS)",
        "icon": "https://www.hls-dhs-dss.ch/favicon.ico"
      }
    },
    {
      "@id": "https://de.wikipedia.org/wiki/Caspar_Bauhin",
      "collection": {
        "abbr": "dewiki",
        "name": "Wikipedia (Deutsch)",
        "publisher": "Wikimedia Foundation Inc.",
        "icon": "https://de.wikipedia.org/static/favicon/wikipedia.ico"
      }
    },
    {
      "@id": "https://en.wikipedia.org/wiki/Gaspard_Bauhin",
      "collection": {
        "abbr": "enwiki",
        "name": "Wikipedia (English)",
        "publisher": "Wikimedia Foundation Inc.",
        "icon": "https://en.wikipedia.org/static/favicon/wikipedia.ico"
      }
    },
    {
      "@id": "https://kalliope-verbund.info/gnd/11884962X",
      "collection": {
        "abbr": "DE-611",
        "name": "Kalliope Verbundkatalog",
        "publisher": "Staatsbibliothek zu Berlin - Preu\u00dfischer Kulturbesitz",
        "icon": "https://kalliope-verbund.info/img/favicon.ico"
      }
    },
    {
      "@id": "https://raa.gf-franken.de/de/suche-nach-stammbucheintraegen.html?permaLink=1600_rindfleisch;11",
      "collection": {
        "abbr": "RAAE",
        "name": "Repertorium Alborum Amicorum (RAA) - Stammbucheintr\u00e4ge",
        "publisher": "Department Germanistik und Komparatistik der Friedrich-Alexander-Universit\u00e4t Erlangen-N\u00fcrnberg in Zusammenarbeit mit der Gesellschaft f\u00fcr Familienforschung in Franken",
        "icon": "https://www.gf-franken.de/favicon.ico"
      }
    },
    {
      "@id": "https://raa.gf-franken.de/de/suche-nach-stammbuechern.html?permaLink=1587_bauhin",
      "collection": {
        "abbr": "RAAS",
        "name": "Repertorium Alborum Amicorum (RAA) - Stammb\u00fccher",
        "publisher": "Department Germanistik und Komparatistik der Friedrich-Alexander-Universit\u00e4t Erlangen-N\u00fcrnberg in Zusammenarbeit mit der Gesellschaft f\u00fcr Familienforschung in Franken",
        "icon": "https://www.gf-franken.de/favicon.ico"
      }
    },
    {
      "@id": "https://www.archivportal-d.de/person/gnd/11884962X",
      "collection": {
        "abbr": "ARCHIV-D",
        "name": "Archivportal-D",
        "publisher": "Deutsche Digitale Bibliothek",
        "icon": "https://www.archivportal-d.de/favicon.ico"
      }
    },
    {
      "@id": "https://www.deutsche-biographie.de/pnd11884962X.html#adbcontent",
      "collection": {
        "abbr": "ADB",
        "name": "Allgemeine Deutsche Biographie (ADB)",
        "publisher": "Historische Kommission bei der Bayerischen Akademie der Wissenschaften und Bayerische Staatsbibliothek",
        "icon": "https://www.deutsche-biographie.de/favicon.ico"
      }
    },
    {
      "@id": "https://www.deutsche-biographie.de/pnd11884962X.html#ndbcontent",
      "collection": {
        "abbr": "NDB",
        "name": "Neue Deutsche Biographie (NDB)",
        "publisher": "Historische Kommission bei der Bayerischen Akademie der Wissenschaften und Bayerische Staatsbibliothek",
        "icon": "https://www.deutsche-biographie.de/favicon.ico"
      }
    },
    {
      "@id": "https://www.deutsche-digitale-bibliothek.de/person/gnd/11884962X",
      "collection": {
        "abbr": "DDB",
        "name": "Deutsche Digitale Bibliothek",
        "publisher": "Deutsche Digitale Bibliothek",
        "icon": "https://www.deutsche-digitale-bibliothek.de/favicon.ico"
      }
    },
    {
      "@id": "https://www.portraitindex.de/dokumente/pnd/11884962X",
      "collection": {
        "abbr": "Portraitindex",
        "name": "Digitaler Portraitindex der druckgraphischen Bildnisse der Fru\u0308hen Neuzeit",
        "publisher": "Deutsches Dokumentationszentrum fu\u0308r Kunstgeschichte - Bildarchiv Foto Marburg",
        "icon": "https://www.portraitindex.de/favicon.ico"
      }
    },
    {
      "@id": "http://id.loc.gov/rwo/agents/n85112012",
      "collection": {
        "abbr": "LC",
        "name": "NACO Authority File",
        "publisher": "Library of Congress",
        "icon": "https://www.loc.gov/favicon.ico"
      }
    },
    {
      "@id": "http://viaf.org/viaf/24714069",
      "collection": {
        "abbr": "VIAF",
        "name": "Virtual International Authority File (VIAF)",
        "publisher": "OCLC",
        "icon": "https://viaf.org/viaf/images/viaf.ico"
      }
    },
    {
      "@id": "http://www.wikidata.org/entity/Q123612",
      "collection": {
        "abbr": "WIKIDATA",
        "name": "Wikidata",
        "publisher": "Wikimedia Foundation Inc.",
        "icon": "https://www.wikidata.org/static/favicon/wikidata.ico"
      }
    },
    {
      "@id": "https://isni.org/isni/0000000121246403",
      "collection": {
        "abbr": "ISNI",
        "name": "International Standard Name Identifier (ISNI)",
        "publisher": "International Standard Name Identifier (ISNI)",
        "icon": "https://www.isni.org/sites/default/files/isni_new_favicon.ico"
      }
    }
  ]
}