{
  "@context": "http://hub.culturegraph.org/entityfacts/context/v1/entityfacts.jsonld",
  "@id": "https://d-nb.info/gnd/118808427",
  "describedBy": {
    "valid": "2026-04-27T16:09:45Z",
    "license": "https://creativecommons.org/publicdomain/zero/1.0/",
    "@id": "https://hub.culturegraph.org/entityfacts/118808427"
  },
  "preferredName": "Karel ze Z\u030ceroti\u0301na",
  "surname": "Z\u030ceroti\u0301na",
  "prefix": "ze",
  "forename": "Karel",
  "@type": "person",
  "variantName": [
    "Karel ze Z\u030ceroti\u0301na, der A\u0308ltere",
    "Karel, z Z\u0306erotina",
    "Karel z Zerotin",
    "Karl von Z\u030ceroti\u0301n",
    "Karel z Z\u030ceroti\u0301na",
    "Karel ze Z\u030cerotina",
    "Karel Stars\u030ci\u0301 z Z\u030ceroti\u0301na",
    "Karel z Zeroti\u0301na",
    "Carolus a Zerotin",
    "Carolus Zerotinius",
    "Carolus Zerotinus",
    "Karl von Zerotein",
    "Carl, Baron von Zerotina",
    "Carl Zerotin",
    "Karel z Z\u030ceroti\u0301na",
    "Karel z Z\u030ceroti\u0301na",
    "Carolus Zerotin, Baro a, Senior",
    "Karl von Zierotin",
    "Carolus a Zerotina",
    "Karl von Zerotin"
  ],
  "dateOfBirth": "September 15, 1564",
  "dateOfDeath": "November 9, 1636",
  "placeOfBirth": [
    {
      "@id": "https://d-nb.info/gnd/4655966-8",
      "preferredName": "Brandys nad Orlici\u0301"
    }
  ],
  "placeOfDeath": [
    {
      "@id": "https://d-nb.info/gnd/4466766-8",
      "preferredName": "Prerau"
    }
  ],
  "associatedCountry": [
    {
      "@id": "https://d-nb.info/standards/vocab/gnd/geographic-area-code#XA-CZ",
      "preferredName": "Tschechische Republik"
    }
  ],
  "professionOrOccupation": [
    {
      "@id": "https://d-nb.info/gnd/4046517-2",
      "preferredName": "Politiker"
    },
    {
      "@id": "https://d-nb.info/gnd/4131099-8",
      "preferredName": "Landeshauptmann"
    }
  ],
  "gender": {
    "@id": "https://d-nb.info/standards/vocab/gnd/gender#male",
    "label": "Mann"
  },
  "biographicalOrHistoricalInformation": "Ma\u0308hrischer Landeshauptmann, protestantisch-politischer Fu\u0308hrer",
  "relatedPerson": [
    {
      "relationship": "VD-16 Mitverf.",
      "preferredName": "Gregor Bersman"
    },
    {
      "@id": "https://d-nb.info/gnd/119637316",
      "relationship": "VD-16 Mitverf.",
      "preferredName": "Stephan Cargius"
    },
    {
      "relationship": "VD-16 Mitverf.",
      "preferredName": "Lorenz Circler"
    },
    {
      "@id": "https://d-nb.info/gnd/119643855",
      "relationship": "VD-16 Mitverf.",
      "preferredName": "Adam Colbe"
    },
    {
      "@id": "https://d-nb.info/gnd/128744022",
      "relationship": "VD-16 Mitverf.",
      "preferredName": "Paul Crusius"
    },
    {
      "@id": "https://d-nb.info/gnd/119683121",
      "relationship": "VD-16 Mitverf.",
      "preferredName": "Johannes Geizkofler"
    },
    {
      "@id": "https://d-nb.info/gnd/11974094X",
      "relationship": "VD-16 Mitverf.",
      "preferredName": "Johannes Legner"
    },
    {
      "@id": "https://d-nb.info/gnd/128560274",
      "relationship": "VD-16 Mitverf.",
      "preferredName": "Martin Quelmaltz"
    },
    {
      "relationship": "VD-16 Mitverf.",
      "preferredName": "Quirin Reuter"
    },
    {
      "relationship": "VD-16 Mitverf.",
      "preferredName": "Johannes Sturm"
    },
    {
      "@id": "https://d-nb.info/gnd/121039234",
      "relationship": "VD-16 Mitverf.",
      "preferredName": "Albert Voit"
    },
    {
      "@id": "https://d-nb.info/gnd/120365103",
      "relationship": "VD-16 Mitverf.",
      "preferredName": "Nathan Voit"
    },
    {
      "@id": "https://d-nb.info/gnd/119863375",
      "relationship": "VD-16 Mitverf.",
      "preferredName": "Bartholomaeus von Waldstein"
    },
    {
      "@id": "https://d-nb.info/gnd/119875306",
      "relationship": "VD-16 Mitverf.",
      "preferredName": "Andreas Wunst"
    }
  ],
  "familialRelationship": [
    {
      "@id": "https://d-nb.info/gnd/1042227748",
      "relationship": "Ehefrau",
      "preferredName": "Kater\u030cina Z\u030ceroti\u0301nova\u0301"
    }
  ],
  "depiction": {
    "@id": "https://commons.wikimedia.org/wiki/Special:FilePath/Karel%20star%C5%A1%C3%AD%20ze%20%C5%BDerot%C3%ADna%2000.jpg",
    "publisher": "Wikimedia Commons",
    "copyrighted": "false",
    "creator": [
      "Johann Balzer"
    ],
    "creditText": [
      "Zlat\u00e1 Praha Ro\u010dn\u00edk 9/1891-1892, \u010d\u00edslo 10, strana 221"
    ],
    "license": [
      {
        "@id": "https://creativecommons.org/publicdomain/mark/1.0/",
        "abbr": "PD",
        "name": "Public Domain",
        "attributionRequired": "false",
        "restrictions": ""
      }
    ],
    "url": "https://commons.wikimedia.org/wiki/File:Karel%20star%C5%A1%C3%AD%20ze%20%C5%BDerot%C3%ADna%2000.jpg?uselang=en",
    "thumbnail": {
      "@id": "https://commons.wikimedia.org/wiki/Special:FilePath/Karel%20star%C5%A1%C3%AD%20ze%20%C5%BDerot%C3%ADna%2000.jpg?width=270"
    }
  },
  "sameAs": [
    {
      "@id": "https://d-nb.info/gnd/118808427/about",
      "collection": {
        "abbr": "DNB",
        "name": "Gemeinsame Normdatei (GND) im Katalog der Deutschen Nationalbibliothek",
        "publisher": "Deutsche Nationalbibliothek",
        "icon": "https://www.dnb.de/SiteGlobals/Frontend/DNBWeb/Images/favicon.png?__blob=normal&v=4"
      }
    },
    {
      "@id": "http://catalogue.bnf.fr/ark:/12148/cb12707145k",
      "collection": {
        "abbr": "BNF",
        "name": "Bibliothe\u0300que nationale de France",
        "publisher": "Bibliothe\u0300que nationale de France",
        "icon": "https://www.bnf.fr/themes/custom/bnfsi/favicon.ico"
      }
    },
    {
      "@id": "https://de.wikipedia.org/wiki/Karl_der_%C3%84ltere_von_%C5%BDerot%C3%ADn",
      "collection": {
        "abbr": "dewiki",
        "name": "Wikipedia (Deutsch)",
        "publisher": "Wikimedia Foundation Inc.",
        "icon": "https://de.wikipedia.org/static/favicon/wikipedia.ico"
      }
    },
    {
      "@id": "https://kaiserhof.geschichte.lmu.de/Q/GND=118808427",
      "collection": {
        "abbr": "KH",
        "name": "Kaiser und H\u00f6fe",
        "publisher": "Ludwig-Maximilians-Universit\u00e4t M\u00fcnchen - Historisches Seminar - Fr\u00fche Neuzeit",
        "icon": "https://kaiserhof.geschichte.lmu.de/favicon.ico"
      }
    },
    {
      "@id": "https://kalliope-verbund.info/gnd/118808427",
      "collection": {
        "abbr": "DE-611",
        "name": "Kalliope Verbundkatalog",
        "publisher": "Staatsbibliothek zu Berlin - Preu\u00dfischer Kulturbesitz",
        "icon": "https://kalliope-verbund.info/img/favicon.ico"
      }
    },
    {
      "@id": "https://raa.gf-franken.de/de/suche-nach-stammbucheintraegen.html?permaLink=1591_brtnicky;131",
      "collection": {
        "abbr": "RAAE",
        "name": "Repertorium Alborum Amicorum (RAA) - Stammbucheintr\u00e4ge",
        "publisher": "Department Germanistik und Komparatistik der Friedrich-Alexander-Universit\u00e4t Erlangen-N\u00fcrnberg in Zusammenarbeit mit der Gesellschaft f\u00fcr Familienforschung in Franken",
        "icon": "https://www.gf-franken.de/favicon.ico"
      }
    },
    {
      "@id": "https://www.deutsche-biographie.de/pnd118808427.html#adbcontent",
      "collection": {
        "abbr": "ADB",
        "name": "Allgemeine Deutsche Biographie (ADB)",
        "publisher": "Historische Kommission bei der Bayerischen Akademie der Wissenschaften und Bayerische Staatsbibliothek",
        "icon": "https://www.deutsche-biographie.de/favicon.ico"
      }
    },
    {
      "@id": "https://www.deutsche-digitale-bibliothek.de/person/gnd/118808427",
      "collection": {
        "abbr": "DDB",
        "name": "Deutsche Digitale Bibliothek",
        "publisher": "Deutsche Digitale Bibliothek",
        "icon": "https://www.deutsche-digitale-bibliothek.de/favicon.ico"
      }
    },
    {
      "@id": "https://www.portraitindex.de/dokumente/pnd/118808427",
      "collection": {
        "abbr": "Portraitindex",
        "name": "Digitaler Portraitindex der druckgraphischen Bildnisse der Fru\u0308hen Neuzeit",
        "publisher": "Deutsches Dokumentationszentrum fu\u0308r Kunstgeschichte - Bildarchiv Foto Marburg",
        "icon": "https://www.portraitindex.de/favicon.ico"
      }
    },
    {
      "@id": "http://id.loc.gov/rwo/agents/n80057173",
      "collection": {
        "abbr": "LC",
        "name": "NACO Authority File",
        "publisher": "Library of Congress",
        "icon": "https://www.loc.gov/favicon.ico"
      }
    },
    {
      "@id": "http://viaf.org/viaf/76439209",
      "collection": {
        "abbr": "VIAF",
        "name": "Virtual International Authority File (VIAF)",
        "publisher": "OCLC",
        "icon": "https://viaf.org/viaf/images/viaf.ico"
      }
    },
    {
      "@id": "http://www.wikidata.org/entity/Q1733550",
      "collection": {
        "abbr": "WIKIDATA",
        "name": "Wikidata",
        "publisher": "Wikimedia Foundation Inc.",
        "icon": "https://www.wikidata.org/static/favicon/wikidata.ico"
      }
    },
    {
      "@id": "https://isni.org/isni/0000000110716465",
      "collection": {
        "abbr": "ISNI",
        "name": "International Standard Name Identifier (ISNI)",
        "publisher": "International Standard Name Identifier (ISNI)",
        "icon": "https://www.isni.org/sites/default/files/isni_new_favicon.ico"
      }
    }
  ]
}