{
  "@context": "http://hub.culturegraph.org/entityfacts/context/v1/entityfacts.jsonld",
  "@id": "https://d-nb.info/gnd/118792415",
  "describedBy": {
    "valid": "2026-04-28T09:23:11Z",
    "license": "https://creativecommons.org/publicdomain/zero/1.0/",
    "@id": "https://hub.culturegraph.org/entityfacts/118792415"
  },
  "preferredName": "Pius IV., Papst",
  "surname": "Pius IV., Papst",
  "@type": "person",
  "earlierName": [
    "Giovannangelo Medici di Marignano"
  ],
  "variantName": [
    "Giovanni A. Medici di Marignano",
    "Giovanni A. de' Medici",
    "Pio IV., Papa",
    "Pie IV., Pape",
    "Pius, IV",
    "Papst Pius IV.",
    "Pius IV., Papa",
    "Giovanni Angelo Medici",
    "Giovanni A. Medici di Marignano, Papst",
    "Giovanni Angelo Medici, Papst",
    "Giovannangelo Medici di Marignano, Papst",
    "Pius IV, Papst",
    "Pius, Papa 4",
    "Papst Pius IV.",
    "Giovanni Angelo de\u2019 Medici",
    "Pius, Papst 4",
    "Pius, Papa, IV."
  ],
  "dateOfBirth": "1499",
  "dateOfDeath": "1565",
  "placeOfBirth": [
    {
      "@id": "https://d-nb.info/gnd/4037100-1",
      "preferredName": "Mailand"
    }
  ],
  "placeOfDeath": [
    {
      "@id": "https://d-nb.info/gnd/4050471-2",
      "preferredName": "Rom"
    }
  ],
  "associatedCountry": [
    {
      "@id": "https://d-nb.info/standards/vocab/gnd/geographic-area-code#XA-VA",
      "preferredName": "Vatikanstadt"
    },
    {
      "@id": "https://d-nb.info/standards/vocab/gnd/geographic-area-code#XA-IT",
      "preferredName": "Italien"
    }
  ],
  "professionOrOccupation": [
    {
      "@id": "https://d-nb.info/gnd/4044561-6",
      "preferredName": "Papst"
    }
  ],
  "gender": {
    "@id": "https://d-nb.info/standards/vocab/gnd/gender#male",
    "label": "Mann"
  },
  "biographicalOrHistoricalInformation": "Papst von 1559-1565; geb. in Mailand ; Papst von 1559-1565",
  "relatedPerson": [
    {
      "@id": "https://d-nb.info/gnd/11917894X",
      "relationship": "VD-16 Mitverf.",
      "preferredName": "Claudio Acquaviva"
    },
    {
      "relationship": "VD-16 Mitverf.",
      "preferredName": "Frans Coster"
    },
    {
      "relationship": "VD-16 Mitverf.",
      "preferredName": "Stanis\u0142aw Hosius"
    },
    {
      "relationship": "Xivry; VD-16 Mitverf.",
      "preferredName": "Jean Perrelle"
    },
    {
      "@id": "https://d-nb.info/gnd/129317438",
      "relationship": "VD-16 Mitverf.",
      "preferredName": "Stanis\u0142aw Orzechowski"
    },
    {
      "relationship": "VD-16 Mitverf.",
      "preferredName": "Andre\u0301 DesFreux"
    },
    {
      "relationship": "VD-16 Mitverf.",
      "preferredName": "Antonius Puteus"
    },
    {
      "@id": "https://d-nb.info/gnd/119645890",
      "relationship": "VD-16 Mitverf.",
      "preferredName": "Aloisius Cornelius"
    },
    {
      "@id": "https://d-nb.info/gnd/119483858",
      "relationship": "VD-16 Mitverf.",
      "preferredName": "Jero\u0301nimo Oso\u0301rio"
    },
    {
      "@id": "https://d-nb.info/gnd/11987654X",
      "relationship": "VD-16 Mitverf.",
      "preferredName": "Martin Zborowosky"
    }
  ],
  "depiction": {
    "@id": "https://commons.wikimedia.org/wiki/Special:FilePath/Portrait%20of%20Pope%20Pius%20IV%2C%20three-quarter-length%2C%20seated%20at%20a%20draped%20table%20%28Circle%20of%20Scipione%20Pulzone%29.jpg",
    "publisher": "Wikimedia Commons",
    "copyrighted": "false",
    "creator": [
      "Circle of Scipione Pulzone"
    ],
    "creditText": [
      "lotsearch.de"
    ],
    "license": [
      {
        "@id": "https://creativecommons.org/publicdomain/mark/1.0/",
        "abbr": "PD",
        "name": "Public Domain",
        "attributionRequired": "false",
        "restrictions": ""
      }
    ],
    "url": "https://commons.wikimedia.org/wiki/File:Portrait%20of%20Pope%20Pius%20IV%2C%20three-quarter-length%2C%20seated%20at%20a%20draped%20table%20%28Circle%20of%20Scipione%20Pulzone%29.jpg?uselang=en",
    "thumbnail": {
      "@id": "https://commons.wikimedia.org/wiki/Special:FilePath/Portrait%20of%20Pope%20Pius%20IV%2C%20three-quarter-length%2C%20seated%20at%20a%20draped%20table%20%28Circle%20of%20Scipione%20Pulzone%29.jpg?width=270"
    }
  },
  "sameAs": [
    {
      "@id": "https://d-nb.info/gnd/118792415/about",
      "collection": {
        "abbr": "DNB",
        "name": "Gemeinsame Normdatei (GND) im Katalog der Deutschen Nationalbibliothek",
        "publisher": "Deutsche Nationalbibliothek",
        "icon": "https://www.dnb.de/SiteGlobals/Frontend/DNBWeb/Images/favicon.png?__blob=normal&v=4"
      }
    },
    {
      "@id": "http://catalogue.bnf.fr/ark:/12148/cb11683138p",
      "collection": {
        "abbr": "BNF",
        "name": "Bibliothe\u0300que nationale de France",
        "publisher": "Bibliothe\u0300que nationale de France",
        "icon": "https://www.bnf.fr/themes/custom/bnfsi/favicon.ico"
      }
    },
    {
      "@id": "https://de.wikipedia.org/wiki/Pius_IV.",
      "collection": {
        "abbr": "dewiki",
        "name": "Wikipedia (Deutsch)",
        "publisher": "Wikimedia Foundation Inc.",
        "icon": "https://de.wikipedia.org/static/favicon/wikipedia.ico"
      }
    },
    {
      "@id": "https://en.wikipedia.org/wiki/Pope_Pius_IV",
      "collection": {
        "abbr": "enwiki",
        "name": "Wikipedia (English)",
        "publisher": "Wikimedia Foundation Inc.",
        "icon": "https://en.wikipedia.org/static/favicon/wikipedia.ico"
      }
    },
    {
      "@id": "https://kaiserhof.geschichte.lmu.de/Q/GND=118792415",
      "collection": {
        "abbr": "KH",
        "name": "Kaiser und H\u00f6fe",
        "publisher": "Ludwig-Maximilians-Universit\u00e4t M\u00fcnchen - Historisches Seminar - Fr\u00fche Neuzeit",
        "icon": "https://kaiserhof.geschichte.lmu.de/favicon.ico"
      }
    },
    {
      "@id": "https://kalliope-verbund.info/gnd/118792415",
      "collection": {
        "abbr": "DE-611",
        "name": "Kalliope Verbundkatalog",
        "publisher": "Staatsbibliothek zu Berlin - Preu\u00dfischer Kulturbesitz",
        "icon": "https://kalliope-verbund.info/img/favicon.ico"
      }
    },
    {
      "@id": "https://www.archivportal-d.de/person/gnd/118792415",
      "collection": {
        "abbr": "ARCHIV-D",
        "name": "Archivportal-D",
        "publisher": "Deutsche Digitale Bibliothek",
        "icon": "https://www.archivportal-d.de/favicon.ico"
      }
    },
    {
      "@id": "https://www.deutsche-digitale-bibliothek.de/person/gnd/118792415",
      "collection": {
        "abbr": "DDB",
        "name": "Deutsche Digitale Bibliothek",
        "publisher": "Deutsche Digitale Bibliothek",
        "icon": "https://www.deutsche-digitale-bibliothek.de/favicon.ico"
      }
    },
    {
      "@id": "https://www.portraitindex.de/dokumente/pnd/118792415",
      "collection": {
        "abbr": "Portraitindex",
        "name": "Digitaler Portraitindex der druckgraphischen Bildnisse der Fru\u0308hen Neuzeit",
        "publisher": "Deutsches Dokumentationszentrum fu\u0308r Kunstgeschichte - Bildarchiv Foto Marburg",
        "icon": "https://www.portraitindex.de/favicon.ico"
      }
    },
    {
      "@id": "http://id.loc.gov/rwo/agents/n84133262",
      "collection": {
        "abbr": "LC",
        "name": "NACO Authority File",
        "publisher": "Library of Congress",
        "icon": "https://www.loc.gov/favicon.ico"
      }
    },
    {
      "@id": "http://viaf.org/viaf/76309925",
      "collection": {
        "abbr": "VIAF",
        "name": "Virtual International Authority File (VIAF)",
        "publisher": "OCLC",
        "icon": "https://viaf.org/viaf/images/viaf.ico"
      }
    },
    {
      "@id": "http://www.wikidata.org/entity/Q161983",
      "collection": {
        "abbr": "WIKIDATA",
        "name": "Wikidata",
        "publisher": "Wikimedia Foundation Inc.",
        "icon": "https://www.wikidata.org/static/favicon/wikidata.ico"
      }
    }
  ]
}