{
  "@context": "http://hub.culturegraph.org/entityfacts/context/v1/entityfacts.jsonld",
  "@id": "https://d-nb.info/gnd/118790528",
  "describedBy": {
    "valid": "2026-05-03T15:00:53Z",
    "license": "https://creativecommons.org/publicdomain/zero/1.0/",
    "@id": "https://hub.culturegraph.org/entityfacts/118790528"
  },
  "preferredName": "Peter I., Kastilien-Leo\u0301n, Ko\u0308nig",
  "surname": "Peter I., Kastilien-Leo\u0301n, Ko\u0308nig",
  "@type": "person",
  "variantName": [
    "Pedro I., Castilia, Rey",
    "Peter der Grausame, Kastilien-Leo\u0301n, Ko\u0308nig",
    "Peter I., der Grausame, Kastilien-Leo\u0301n, Ko\u0308nig",
    "Pedro, el Cruel",
    "Pedro, el Justiciero",
    "Peter, der Grausame",
    "Peter, der Gerechte",
    "Peter I., Leo\u0301n, Ko\u0308nig",
    "Pedro I., Castilla y Leo\u0301n, Rey",
    "Peter I., Kastilien, Ko\u0308nig"
  ],
  "dateOfBirth": "August 30, 1334",
  "dateOfDeath": "March 22, 1369",
  "placeOfBirth": [
    {
      "@id": "https://d-nb.info/gnd/4080584-0",
      "preferredName": "Burgos"
    }
  ],
  "placeOfDeath": [
    {
      "preferredName": "Montiel"
    }
  ],
  "placeOfActivity": [
    {
      "@id": "https://d-nb.info/gnd/4304450-5",
      "preferredName": "Ko\u0308nigreich Kastilien-Leo\u0301n"
    }
  ],
  "associatedCountry": [
    {
      "@id": "https://d-nb.info/standards/vocab/gnd/geographic-area-code#XA-ES",
      "preferredName": "Spanien"
    }
  ],
  "biographicalOrHistoricalInformation": "Sohn Alfons' XI. von Kastilien und Marias von Portugal. Ko\u0308nig von 1350-1369.",
  "familialRelationship": [
    {
      "@id": "https://d-nb.info/gnd/119167573",
      "relationship": "Vater",
      "preferredName": "Alfons XI., Kastilien und Leo\u0301n, Ko\u0308nig"
    },
    {
      "@id": "https://d-nb.info/gnd/1053181795",
      "relationship": "Ehefrau",
      "preferredName": "Mari\u0301a de Padilla"
    }
  ],
  "depiction": {
    "@id": "https://commons.wikimedia.org/wiki/Special:FilePath/Estatua%20de%20Pedro%20I%20el%20Cruel%20%28M.A.N.%29%2001.jpg",
    "publisher": "Wikimedia Commons",
    "copyrighted": "true",
    "creator": [
      "Luis Garc\u00eda&nbsp;"
    ],
    "creditText": [
      "Flickr. Photograph: Luis Garc\u00eda (Zaqarbal), 25 August 2007."
    ],
    "license": [
      {
        "@id": "https://creativecommons.org/licenses/by-sa/2.0",
        "abbr": "CC BY-SA 2.0",
        "name": "Creative Commons Attribution-Share Alike 2.0",
        "attributionRequired": "true",
        "restrictions": ""
      }
    ],
    "url": "https://commons.wikimedia.org/wiki/File:Estatua%20de%20Pedro%20I%20el%20Cruel%20%28M.A.N.%29%2001.jpg?uselang=en",
    "thumbnail": {
      "@id": "https://commons.wikimedia.org/wiki/Special:FilePath/Estatua%20de%20Pedro%20I%20el%20Cruel%20%28M.A.N.%29%2001.jpg?width=270"
    }
  },
  "sameAs": [
    {
      "@id": "https://d-nb.info/gnd/118790528/about",
      "collection": {
        "abbr": "DNB",
        "name": "Gemeinsame Normdatei (GND) im Katalog der Deutschen Nationalbibliothek",
        "publisher": "Deutsche Nationalbibliothek",
        "icon": "https://www.dnb.de/SiteGlobals/Frontend/DNBWeb/Images/favicon.png?__blob=normal&v=4"
      }
    },
    {
      "@id": "https://de.wikipedia.org/wiki/Peter_I._%28Kastilien%29",
      "collection": {
        "abbr": "dewiki",
        "name": "Wikipedia (Deutsch)",
        "publisher": "Wikimedia Foundation Inc.",
        "icon": "https://de.wikipedia.org/static/favicon/wikipedia.ico"
      }
    },
    {
      "@id": "https://en.wikipedia.org/wiki/Peter_of_Castile",
      "collection": {
        "abbr": "enwiki",
        "name": "Wikipedia (English)",
        "publisher": "Wikimedia Foundation Inc.",
        "icon": "https://en.wikipedia.org/static/favicon/wikipedia.ico"
      }
    },
    {
      "@id": "https://kaiserhof.geschichte.lmu.de/Q/GND=118790528",
      "collection": {
        "abbr": "KH",
        "name": "Kaiser und H\u00f6fe",
        "publisher": "Ludwig-Maximilians-Universit\u00e4t M\u00fcnchen - Historisches Seminar - Fr\u00fche Neuzeit",
        "icon": "https://kaiserhof.geschichte.lmu.de/favicon.ico"
      }
    },
    {
      "@id": "https://www.deutsche-digitale-bibliothek.de/person/gnd/118790528",
      "collection": {
        "abbr": "DDB",
        "name": "Deutsche Digitale Bibliothek",
        "publisher": "Deutsche Digitale Bibliothek",
        "icon": "https://www.deutsche-digitale-bibliothek.de/favicon.ico"
      }
    },
    {
      "@id": "https://www.portraitindex.de/dokumente/pnd/118790528",
      "collection": {
        "abbr": "Portraitindex",
        "name": "Digitaler Portraitindex der druckgraphischen Bildnisse der Fru\u0308hen Neuzeit",
        "publisher": "Deutsches Dokumentationszentrum fu\u0308r Kunstgeschichte - Bildarchiv Foto Marburg",
        "icon": "https://www.portraitindex.de/favicon.ico"
      }
    },
    {
      "@id": "http://id.loc.gov/rwo/agents/n50008777",
      "collection": {
        "abbr": "LC",
        "name": "NACO Authority File",
        "publisher": "Library of Congress",
        "icon": "https://www.loc.gov/favicon.ico"
      }
    },
    {
      "@id": "http://viaf.org/viaf/281632578",
      "collection": {
        "abbr": "VIAF",
        "name": "Virtual International Authority File (VIAF)",
        "publisher": "OCLC",
        "icon": "https://viaf.org/viaf/images/viaf.ico"
      }
    },
    {
      "@id": "http://www.wikidata.org/entity/Q310963",
      "collection": {
        "abbr": "WIKIDATA",
        "name": "Wikidata",
        "publisher": "Wikimedia Foundation Inc.",
        "icon": "https://www.wikidata.org/static/favicon/wikidata.ico"
      }
    },
    {
      "@id": "https://isni.org/isni/0000000388450198",
      "collection": {
        "abbr": "ISNI",
        "name": "International Standard Name Identifier (ISNI)",
        "publisher": "International Standard Name Identifier (ISNI)",
        "icon": "https://www.isni.org/sites/default/files/isni_new_favicon.ico"
      }
    }
  ]
}