{
  "@context": "http://hub.culturegraph.org/entityfacts/context/v1/entityfacts.jsonld",
  "@id": "https://d-nb.info/gnd/118771841",
  "describedBy": {
    "valid": "2026-04-27T16:48:56Z",
    "license": "https://creativecommons.org/publicdomain/zero/1.0/",
    "@id": "https://hub.culturegraph.org/entityfacts/118771841"
  },
  "preferredName": "Wilhelm V., Bayern, Herzog",
  "surname": "Wilhelm V., Bayern, Herzog",
  "@type": "person",
  "variantName": [
    "Wilhelm, der Fromme",
    "Wilhelmus V., Bavaria, Dux",
    "Guillaume V., Bavie\u0300re, Duc",
    "Guilielmus V.",
    "Guilielmus, Palatinus Rheni, Comes",
    "Guilhelmus, Palatino Rheni, Comes",
    "Guilielmus V., Bavaria, Dux",
    "Guilhelmus, Bavaria, Dux",
    "Wilhelm, Pfalz, Pfalzgraf",
    "Wilhelm, Pfalzgraf bei Rhein",
    "Wilhelm, Rheinpfalz, Pfalzgraf"
  ],
  "dateOfBirth": "1548",
  "dateOfDeath": "1626",
  "associatedCountry": [
    {
      "@id": "https://d-nb.info/standards/vocab/gnd/geographic-area-code#XA-DE",
      "preferredName": "Deutschland"
    }
  ],
  "biographicalOrHistoricalInformation": "Herzog ab 1579 bis zu seiner Abdankung 1597; verheiratet mit Renata, Prinzessin von Lothringen",
  "relatedPerson": [
    {
      "@id": "https://d-nb.info/gnd/119689162",
      "relationship": "VD-16 Mitverf.",
      "preferredName": "Kaspar Goppelsrieder"
    }
  ],
  "familialRelationship": [
    {
      "@id": "https://d-nb.info/gnd/118647571",
      "relationship": "Vater",
      "preferredName": "Albrecht V., Bayern, Herzog"
    },
    {
      "@id": "https://d-nb.info/gnd/118836218",
      "relationship": "Ehefrau",
      "preferredName": "Renata, Bayern, Herzogin"
    },
    {
      "@id": "https://d-nb.info/gnd/118579355",
      "relationship": "Sohn",
      "preferredName": "Maximilian I., Bayern, Kurfu\u0308rst"
    },
    {
      "@id": "https://d-nb.info/gnd/118532537",
      "relationship": "Sohn",
      "preferredName": "Ferdinand, Ko\u0308ln, Erzbischof"
    },
    {
      "@id": "https://d-nb.info/gnd/120100045",
      "relationship": "Sohn",
      "preferredName": "Albrecht VI., Bayern, Herzog"
    }
  ],
  "depiction": {
    "@id": "https://commons.wikimedia.org/wiki/Special:FilePath/William%20v.jpg",
    "publisher": "Wikimedia Commons",
    "copyrighted": "false",
    "creator": [
      "Hans von Aachen"
    ],
    "creditText": [
      "originally uploaded to en.wikipedia&nbsp;by Gogafax (talk&nbsp;\u00b7 contribs)&nbsp;on 19 September 2007&nbsp;under the file name William v.jpg.(+/\u2212)"
    ],
    "license": [
      {
        "@id": "https://creativecommons.org/publicdomain/mark/1.0/",
        "abbr": "PD",
        "name": "Public Domain",
        "attributionRequired": "false",
        "restrictions": ""
      }
    ],
    "url": "https://commons.wikimedia.org/wiki/File:William%20v.jpg?uselang=en",
    "thumbnail": {
      "@id": "https://commons.wikimedia.org/wiki/Special:FilePath/William%20v.jpg?width=270"
    }
  },
  "sameAs": [
    {
      "@id": "https://d-nb.info/gnd/118771841/about",
      "collection": {
        "abbr": "DNB",
        "name": "Gemeinsame Normdatei (GND) im Katalog der Deutschen Nationalbibliothek",
        "publisher": "Deutsche Nationalbibliothek",
        "icon": "https://www.dnb.de/SiteGlobals/Frontend/DNBWeb/Images/favicon.png?__blob=normal&v=4"
      }
    },
    {
      "@id": "http://catalogue.bnf.fr/ark:/12148/cb14557323s",
      "collection": {
        "abbr": "BNF",
        "name": "Bibliothe\u0300que nationale de France",
        "publisher": "Bibliothe\u0300que nationale de France",
        "icon": "https://www.bnf.fr/themes/custom/bnfsi/favicon.ico"
      }
    },
    {
      "@id": "https://bmlo.de/Q/GND=118771841",
      "collection": {
        "abbr": "DE-M512",
        "name": "Bayerisches Musiker-Lexikon Online",
        "publisher": "Bayerisches Musiker-Lexikon Online",
        "icon": "https://bmlo.de/x/pic/favicon.gif"
      }
    },
    {
      "@id": "https://de.wikipedia.org/wiki/Wilhelm_V._%28Bayern%29",
      "collection": {
        "abbr": "dewiki",
        "name": "Wikipedia (Deutsch)",
        "publisher": "Wikimedia Foundation Inc.",
        "icon": "https://de.wikipedia.org/static/favicon/wikipedia.ico"
      }
    },
    {
      "@id": "https://en.wikipedia.org/wiki/William_V%2C_Duke_of_Bavaria",
      "collection": {
        "abbr": "enwiki",
        "name": "Wikipedia (English)",
        "publisher": "Wikimedia Foundation Inc.",
        "icon": "https://en.wikipedia.org/static/favicon/wikipedia.ico"
      }
    },
    {
      "@id": "https://kaiserhof.geschichte.lmu.de/Q/GND=118771841",
      "collection": {
        "abbr": "KH",
        "name": "Kaiser und H\u00f6fe",
        "publisher": "Ludwig-Maximilians-Universit\u00e4t M\u00fcnchen - Historisches Seminar - Fr\u00fche Neuzeit",
        "icon": "https://kaiserhof.geschichte.lmu.de/favicon.ico"
      }
    },
    {
      "@id": "https://kalliope-verbund.info/gnd/118771841",
      "collection": {
        "abbr": "DE-611",
        "name": "Kalliope Verbundkatalog",
        "publisher": "Staatsbibliothek zu Berlin - Preu\u00dfischer Kulturbesitz",
        "icon": "https://kalliope-verbund.info/img/favicon.ico"
      }
    },
    {
      "@id": "https://www.archivportal-d.de/person/gnd/118771841",
      "collection": {
        "abbr": "ARCHIV-D",
        "name": "Archivportal-D",
        "publisher": "Deutsche Digitale Bibliothek",
        "icon": "https://www.archivportal-d.de/favicon.ico"
      }
    },
    {
      "@id": "https://www.deutsche-biographie.de/pnd118771841.html#adbcontent",
      "collection": {
        "abbr": "ADB",
        "name": "Allgemeine Deutsche Biographie (ADB)",
        "publisher": "Historische Kommission bei der Bayerischen Akademie der Wissenschaften und Bayerische Staatsbibliothek",
        "icon": "https://www.deutsche-biographie.de/favicon.ico"
      }
    },
    {
      "@id": "https://www.deutsche-digitale-bibliothek.de/person/gnd/118771841",
      "collection": {
        "abbr": "DDB",
        "name": "Deutsche Digitale Bibliothek",
        "publisher": "Deutsche Digitale Bibliothek",
        "icon": "https://www.deutsche-digitale-bibliothek.de/favicon.ico"
      }
    },
    {
      "@id": "https://www.pacelli-edition.de/gnd/118771841",
      "collection": {
        "abbr": "PACELLI",
        "name": "Kritische Online-Edition der Nuntiaturberichte Eugenio Pacellis (1917-1929)",
        "publisher": "Kritische Online-Edition der Nuntiaturberichte Eugenio Pacellis (1917-1929)"
      }
    },
    {
      "@id": "https://www.portraitindex.de/dokumente/pnd/118771841",
      "collection": {
        "abbr": "Portraitindex",
        "name": "Digitaler Portraitindex der druckgraphischen Bildnisse der Fru\u0308hen Neuzeit",
        "publisher": "Deutsches Dokumentationszentrum fu\u0308r Kunstgeschichte - Bildarchiv Foto Marburg",
        "icon": "https://www.portraitindex.de/favicon.ico"
      }
    },
    {
      "@id": "http://id.loc.gov/rwo/agents/n88674050",
      "collection": {
        "abbr": "LC",
        "name": "NACO Authority File",
        "publisher": "Library of Congress",
        "icon": "https://www.loc.gov/favicon.ico"
      }
    },
    {
      "@id": "http://viaf.org/viaf/266916562",
      "collection": {
        "abbr": "VIAF",
        "name": "Virtual International Authority File (VIAF)",
        "publisher": "OCLC",
        "icon": "https://viaf.org/viaf/images/viaf.ico"
      }
    },
    {
      "@id": "http://www.wikidata.org/entity/Q60568",
      "collection": {
        "abbr": "WIKIDATA",
        "name": "Wikidata",
        "publisher": "Wikimedia Foundation Inc.",
        "icon": "https://www.wikidata.org/static/favicon/wikidata.ico"
      }
    },
    {
      "@id": "https://isni.org/isni/0000000386826147",
      "collection": {
        "abbr": "ISNI",
        "name": "International Standard Name Identifier (ISNI)",
        "publisher": "International Standard Name Identifier (ISNI)",
        "icon": "https://www.isni.org/sites/default/files/isni_new_favicon.ico"
      }
    }
  ]
}