{
  "@context": "http://hub.culturegraph.org/entityfacts/context/v1/entityfacts.jsonld",
  "@id": "https://d-nb.info/gnd/118768123",
  "describedBy": {
    "valid": "2026-04-26T19:39:56Z",
    "license": "https://creativecommons.org/publicdomain/zero/1.0/",
    "@id": "https://hub.culturegraph.org/entityfacts/118768123"
  },
  "preferredName": "Pietro Martire Vermigli",
  "surname": "Vermigli",
  "forename": "Pietro Martire",
  "@type": "person",
  "variantName": [
    "Pietro M. Vermigli",
    "Petrus V. Martyr",
    "Pierre Martyr",
    "Peter Vermigli",
    "Peter M. Vermigli",
    "Petrus Martyris",
    "Petrus, Martyr",
    "Pierre Martyr Vermilli",
    "Petrus Martyr, Vermilius",
    "Pier Martire Vermigli",
    "Peter, Martyr",
    "Petrus Martyr Vermilius",
    "Peter Martyr Vermili",
    "Petrus Martyr Vermili",
    "Petrus aus Florenz Martyr",
    "P.V.",
    "Petrus Martyr aus Florenz",
    "Pietro Martire Vermigli",
    "Petrus Vermilius Martyr",
    "Petrus Martyr Vermilius",
    "Peter Martyr",
    "Peter Martyr Vermigli",
    "Petrus Vermilius",
    "Pietro Martire Vermiglio",
    "Vermilius Petrus Martyr",
    "Petrus Martyr Florentinus",
    "Pier Martire Vermigli Fiorentino",
    "Petrus Martyr Vermigli",
    "Petrus Martyr"
  ],
  "dateOfBirth": "November 8, 1500",
  "dateOfDeath": "November 12, 1562",
  "placeOfBirth": [
    {
      "@id": "https://d-nb.info/gnd/4017581-9",
      "preferredName": "Florenz"
    }
  ],
  "placeOfDeath": [
    {
      "@id": "https://d-nb.info/gnd/4068038-1",
      "preferredName": "Zu\u0308rich"
    }
  ],
  "associatedCountry": [
    {
      "@id": "https://d-nb.info/standards/vocab/gnd/geographic-area-code#XA-IT",
      "preferredName": "Italien"
    },
    {
      "@id": "https://d-nb.info/standards/vocab/gnd/geographic-area-code#XA-GB",
      "preferredName": "Gro\u00dfbritannien"
    },
    {
      "@id": "https://d-nb.info/standards/vocab/gnd/geographic-area-code#XA-CH",
      "preferredName": "Schweiz"
    }
  ],
  "professionOrOccupation": [
    {
      "@id": "https://d-nb.info/gnd/4059756-8",
      "preferredName": "Theologe"
    }
  ],
  "gender": {
    "@id": "https://d-nb.info/standards/vocab/gnd/gender#male",
    "label": "Mann"
  },
  "biographicalOrHistoricalInformation": "Ital. ref. Theologe; Augustiner-Chorherr, floh 1542 vor der Inquisition aus Italien, Prof. in Stra\u00dfburg, Oxford und Zu\u0308rich",
  "relatedPerson": [
    {
      "@id": "https://d-nb.info/gnd/118518534",
      "relationship": "VD-16 Mitverf.",
      "preferredName": "Jean Calvin"
    },
    {
      "relationship": "VD-16 Mitverf.",
      "preferredName": "Josias Simler"
    },
    {
      "@id": "https://d-nb.info/gnd/129833037",
      "relationship": "VD-16 Mitverf.",
      "preferredName": "Laurence Humphrey"
    },
    {
      "@id": "https://d-nb.info/gnd/118516507",
      "relationship": "VD-16 Mitverf.",
      "preferredName": "Martin Bucer"
    },
    {
      "relationship": "Zu\u0308rich; VD-16 Mitverf.",
      "preferredName": "Johannes Wolf"
    },
    {
      "@id": "https://d-nb.info/gnd/118650130",
      "relationship": "VD-16 Mitverf.",
      "preferredName": "Aristoteles"
    },
    {
      "relationship": "VD-16 Mitverf.",
      "preferredName": "Rudolf Goclenius, der A\u0308ltere"
    },
    {
      "@id": "https://d-nb.info/gnd/119614804",
      "relationship": "VD-16 Mitverf.",
      "preferredName": "Johannes Jakob Baumann"
    },
    {
      "@id": "https://d-nb.info/gnd/12126100X",
      "relationship": "VD-16 Mitverf.",
      "preferredName": "John Jewel"
    },
    {
      "@id": "https://d-nb.info/gnd/11987914X",
      "relationship": "VD-16 Mitverf.",
      "preferredName": "Marx ZumLamb"
    },
    {
      "@id": "https://d-nb.info/gnd/119864010",
      "relationship": "VD-16 Mitverf.",
      "preferredName": "Regula Gwalther"
    }
  ],
  "depiction": {
    "@id": "https://commons.wikimedia.org/wiki/Special:FilePath/Pietro%20Vermigli%20by%20Hans%20Asper.jpg",
    "publisher": "Wikimedia Commons",
    "copyrighted": "false",
    "creator": [
      "Hans Asper"
    ],
    "creditText": [
      "one or more third parties have made copyright claims against Wikimedia Commons in relation to the work from which this is sourced or a purely mechanical reproduction thereof. This may be due to recognition of the \"sweat of the brow\" doctrine, allowing works to be eligible for protection through skill and labour, and not purely by originality as is the case in the United States (where this website is hosted). These claims may or may not be valid in all jurisdictions. As such, use of this image in the jurisdiction of the claimant or other countries may be regarded as copyright infringement. Please see Commons:When to use the PD-Art tag for more information."
    ],
    "license": [
      {
        "@id": "https://creativecommons.org/publicdomain/mark/1.0/",
        "abbr": "PD",
        "name": "Public Domain",
        "attributionRequired": "false",
        "restrictions": ""
      }
    ],
    "url": "https://commons.wikimedia.org/wiki/File:Pietro%20Vermigli%20by%20Hans%20Asper.jpg?uselang=en",
    "thumbnail": {
      "@id": "https://commons.wikimedia.org/wiki/Special:FilePath/Pietro%20Vermigli%20by%20Hans%20Asper.jpg?width=270"
    }
  },
  "sameAs": [
    {
      "@id": "https://d-nb.info/gnd/118768123/about",
      "collection": {
        "abbr": "DNB",
        "name": "Gemeinsame Normdatei (GND) im Katalog der Deutschen Nationalbibliothek",
        "publisher": "Deutsche Nationalbibliothek",
        "icon": "https://www.dnb.de/SiteGlobals/Frontend/DNBWeb/Images/favicon.png?__blob=normal&v=4"
      }
    },
    {
      "@id": "http://catalogue.bnf.fr/ark:/12148/cb11928002w",
      "collection": {
        "abbr": "BNF",
        "name": "Bibliothe\u0300que nationale de France",
        "publisher": "Bibliothe\u0300que nationale de France",
        "icon": "https://www.bnf.fr/themes/custom/bnfsi/favicon.ico"
      }
    },
    {
      "@id": "http://www.hls-dhs-dss.ch/textes/d/D10893.php",
      "collection": {
        "abbr": "CH_HLS",
        "name": "Historisches Lexikon der Schweiz (HLS)",
        "publisher": "Historisches Lexikon der Schweiz (HLS)",
        "icon": "https://www.hls-dhs-dss.ch/favicon.ico"
      }
    },
    {
      "@id": "https://de.wikipedia.org/wiki/Peter_Martyr_Vermigli",
      "collection": {
        "abbr": "dewiki",
        "name": "Wikipedia (Deutsch)",
        "publisher": "Wikimedia Foundation Inc.",
        "icon": "https://de.wikipedia.org/static/favicon/wikipedia.ico"
      }
    },
    {
      "@id": "https://en.wikipedia.org/wiki/Peter_Martyr_Vermigli",
      "collection": {
        "abbr": "enwiki",
        "name": "Wikipedia (English)",
        "publisher": "Wikimedia Foundation Inc.",
        "icon": "https://en.wikipedia.org/static/favicon/wikipedia.ico"
      }
    },
    {
      "@id": "https://kalliope-verbund.info/gnd/118768123",
      "collection": {
        "abbr": "DE-611",
        "name": "Kalliope Verbundkatalog",
        "publisher": "Staatsbibliothek zu Berlin - Preu\u00dfischer Kulturbesitz",
        "icon": "https://kalliope-verbund.info/img/favicon.ico"
      }
    },
    {
      "@id": "https://raa.gf-franken.de/de/suche-nach-stammbucheintraegen.html?permaLink=1545_senarclens;8",
      "collection": {
        "abbr": "RAAE",
        "name": "Repertorium Alborum Amicorum (RAA) - Stammbucheintr\u00e4ge",
        "publisher": "Department Germanistik und Komparatistik der Friedrich-Alexander-Universit\u00e4t Erlangen-N\u00fcrnberg in Zusammenarbeit mit der Gesellschaft f\u00fcr Familienforschung in Franken",
        "icon": "https://www.gf-franken.de/favicon.ico"
      }
    },
    {
      "@id": "https://www.deutsche-digitale-bibliothek.de/person/gnd/118768123",
      "collection": {
        "abbr": "DDB",
        "name": "Deutsche Digitale Bibliothek",
        "publisher": "Deutsche Digitale Bibliothek",
        "icon": "https://www.deutsche-digitale-bibliothek.de/favicon.ico"
      }
    },
    {
      "@id": "https://www.portraitindex.de/dokumente/pnd/118768123",
      "collection": {
        "abbr": "Portraitindex",
        "name": "Digitaler Portraitindex der druckgraphischen Bildnisse der Fru\u0308hen Neuzeit",
        "publisher": "Deutsches Dokumentationszentrum fu\u0308r Kunstgeschichte - Bildarchiv Foto Marburg",
        "icon": "https://www.portraitindex.de/favicon.ico"
      }
    },
    {
      "@id": "http://id.loc.gov/rwo/agents/n50053097",
      "collection": {
        "abbr": "LC",
        "name": "NACO Authority File",
        "publisher": "Library of Congress",
        "icon": "https://www.loc.gov/favicon.ico"
      }
    },
    {
      "@id": "http://viaf.org/viaf/95213458",
      "collection": {
        "abbr": "VIAF",
        "name": "Virtual International Authority File (VIAF)",
        "publisher": "OCLC",
        "icon": "https://viaf.org/viaf/images/viaf.ico"
      }
    },
    {
      "@id": "http://www.wikidata.org/entity/Q598060",
      "collection": {
        "abbr": "WIKIDATA",
        "name": "Wikidata",
        "publisher": "Wikimedia Foundation Inc.",
        "icon": "https://www.wikidata.org/static/favicon/wikidata.ico"
      }
    },
    {
      "@id": "https://isni.org/isni/0000000122831583",
      "collection": {
        "abbr": "ISNI",
        "name": "International Standard Name Identifier (ISNI)",
        "publisher": "International Standard Name Identifier (ISNI)",
        "icon": "https://www.isni.org/sites/default/files/isni_new_favicon.ico"
      }
    }
  ]
}