{
  "@context": "http://hub.culturegraph.org/entityfacts/context/v1/entityfacts.jsonld",
  "@id": "https://d-nb.info/gnd/118757598",
  "describedBy": {
    "valid": "2026-05-01T21:30:04Z",
    "license": "https://creativecommons.org/publicdomain/zero/1.0/",
    "@id": "https://hub.culturegraph.org/entityfacts/118757598"
  },
  "preferredName": "Johannes Sturm",
  "surname": "Sturm",
  "forename": "Johannes",
  "@type": "person",
  "academicDegree": [
    "Prof."
  ],
  "variantName": [
    "Johannes Aeschines Sturmius",
    "Io. Sturmius",
    "Johannes Sturm, aus Schleiden",
    "Jean Sturm",
    "Johann Sturm",
    "Johannes Sturmius",
    "Aeschines Johannes Sturmius",
    "Johannes Sturm, von Schleiden",
    "Joannes Sturmius",
    "Baptista Persius"
  ],
  "dateOfBirth": "October 1, 1507",
  "dateOfDeath": "March 3, 1589",
  "placeOfBirth": [
    {
      "@id": "https://d-nb.info/gnd/4315285-5",
      "preferredName": "Schleiden"
    }
  ],
  "placeOfDeath": [
    {
      "@id": "https://d-nb.info/gnd/4057878-1",
      "preferredName": "Stra\u00dfburg"
    }
  ],
  "placeOfActivity": [
    {
      "@id": "https://d-nb.info/gnd/4044660-8",
      "preferredName": "Paris"
    },
    {
      "@id": "https://d-nb.info/gnd/4074300-7",
      "preferredName": "Lo\u0308wen"
    },
    {
      "@id": "https://d-nb.info/gnd/4057878-1",
      "preferredName": "Stra\u00dfburg"
    }
  ],
  "associatedCountry": [
    {
      "@id": "https://d-nb.info/standards/vocab/gnd/geographic-area-code#XA-DE",
      "preferredName": "Deutschland"
    }
  ],
  "professionOrOccupation": [
    {
      "@id": "https://d-nb.info/gnd/4044300-0",
      "preferredName": "Pa\u0308dagoge"
    },
    {
      "@id": "https://d-nb.info/gnd/4160777-6",
      "preferredName": "Humanist"
    },
    {
      "@id": "https://d-nb.info/gnd/4059756-8",
      "preferredName": "Theologe"
    },
    {
      "@id": "https://d-nb.info/gnd/4158589-6",
      "preferredName": "Gymnasiallehrer"
    },
    {
      "@id": "https://d-nb.info/gnd/4013091-5",
      "preferredName": "Drucker"
    }
  ],
  "gender": {
    "@id": "https://d-nb.info/standards/vocab/gnd/gender#male",
    "label": "Mann"
  },
  "biographicalOrHistoricalInformation": "Schulreformer; gru\u0308ndete wa\u0308hrend des Studiums in Lo\u0308wen eine Druckerei; 1529 Professor fu\u0308r klassische Sprachen und Logik am Colle\u0300ge Royal in Paris; 1537 Gymnasialrektor in Stra\u00dfburg, 1581 abgesetzt als Calvinist",
  "relatedPerson": [
    {
      "@id": "https://d-nb.info/gnd/118530666",
      "relationship": "VD-16 Mitverf.",
      "preferredName": "Desiderius Erasmus"
    },
    {
      "relationship": "VD-16 Mitverf.",
      "preferredName": "Konrad Goclenius"
    },
    {
      "@id": "https://d-nb.info/gnd/116568674",
      "relationship": "VD-16 Mitverf.",
      "preferredName": "Valentin Erythraeus"
    },
    {
      "@id": "https://d-nb.info/gnd/123880645",
      "relationship": "VD-16 Mitverf.",
      "preferredName": "Bartholomaeus Latomus"
    },
    {
      "relationship": "VD-16 Mitverf.",
      "preferredName": "Jodocus Willich, der A\u0308ltere"
    },
    {
      "@id": "https://d-nb.info/gnd/124579248",
      "relationship": "VD-16 Mitverf.",
      "preferredName": "Antonius van Schore"
    }
  ],
  "depiction": {
    "@id": "https://commons.wikimedia.org/wiki/Special:FilePath/Johannes%20Sturm%20by%20Jacob%20van%20der%20Heyden.jpg",
    "publisher": "Wikimedia Commons",
    "copyrighted": "false",
    "creator": [
      "Jacob van der Heyden after Tobias Stimmer"
    ],
    "creditText": [
      "Biblioth\u00e8que nationale de France"
    ],
    "license": [
      {
        "@id": "https://creativecommons.org/publicdomain/mark/1.0/",
        "abbr": "PD",
        "name": "Public Domain",
        "attributionRequired": "false",
        "restrictions": ""
      }
    ],
    "url": "https://commons.wikimedia.org/wiki/File:Johannes%20Sturm%20by%20Jacob%20van%20der%20Heyden.jpg?uselang=en",
    "thumbnail": {
      "@id": "https://commons.wikimedia.org/wiki/Special:FilePath/Johannes%20Sturm%20by%20Jacob%20van%20der%20Heyden.jpg?width=270"
    }
  },
  "sameAs": [
    {
      "@id": "https://d-nb.info/gnd/118757598/about",
      "collection": {
        "abbr": "DNB",
        "name": "Gemeinsame Normdatei (GND) im Katalog der Deutschen Nationalbibliothek",
        "publisher": "Deutsche Nationalbibliothek",
        "icon": "https://www.dnb.de/SiteGlobals/Frontend/DNBWeb/Images/favicon.png?__blob=normal&v=4"
      }
    },
    {
      "@id": "https://de.wikipedia.org/wiki/Johannes_Sturm",
      "collection": {
        "abbr": "dewiki",
        "name": "Wikipedia (Deutsch)",
        "publisher": "Wikimedia Foundation Inc.",
        "icon": "https://de.wikipedia.org/static/favicon/wikipedia.ico"
      }
    },
    {
      "@id": "https://en.wikipedia.org/wiki/Johannes_Sturm",
      "collection": {
        "abbr": "enwiki",
        "name": "Wikipedia (English)",
        "publisher": "Wikimedia Foundation Inc.",
        "icon": "https://en.wikipedia.org/static/favicon/wikipedia.ico"
      }
    },
    {
      "@id": "https://kalliope-verbund.info/gnd/118757598",
      "collection": {
        "abbr": "DE-611",
        "name": "Kalliope Verbundkatalog",
        "publisher": "Staatsbibliothek zu Berlin - Preu\u00dfischer Kulturbesitz",
        "icon": "https://kalliope-verbund.info/img/favicon.ico"
      }
    },
    {
      "@id": "https://raa.gf-franken.de/de/suche-nach-stammbucheintraegen.html?permaLink=1575_nne;10",
      "collection": {
        "abbr": "RAAE",
        "name": "Repertorium Alborum Amicorum (RAA) - Stammbucheintr\u00e4ge",
        "publisher": "Department Germanistik und Komparatistik der Friedrich-Alexander-Universit\u00e4t Erlangen-N\u00fcrnberg in Zusammenarbeit mit der Gesellschaft f\u00fcr Familienforschung in Franken",
        "icon": "https://www.gf-franken.de/favicon.ico"
      }
    },
    {
      "@id": "https://www.deutsche-biographie.de/pnd118757598.html#adbcontent",
      "collection": {
        "abbr": "ADB",
        "name": "Allgemeine Deutsche Biographie (ADB)",
        "publisher": "Historische Kommission bei der Bayerischen Akademie der Wissenschaften und Bayerische Staatsbibliothek",
        "icon": "https://www.deutsche-biographie.de/favicon.ico"
      }
    },
    {
      "@id": "https://www.deutsche-biographie.de/pnd118757598.html#ndbcontent",
      "collection": {
        "abbr": "NDB",
        "name": "Neue Deutsche Biographie (NDB)",
        "publisher": "Historische Kommission bei der Bayerischen Akademie der Wissenschaften und Bayerische Staatsbibliothek",
        "icon": "https://www.deutsche-biographie.de/favicon.ico"
      }
    },
    {
      "@id": "https://www.deutsche-digitale-bibliothek.de/person/gnd/118757598",
      "collection": {
        "abbr": "DDB",
        "name": "Deutsche Digitale Bibliothek",
        "publisher": "Deutsche Digitale Bibliothek",
        "icon": "https://www.deutsche-digitale-bibliothek.de/favicon.ico"
      }
    },
    {
      "@id": "https://www.portraitindex.de/dokumente/pnd/118757598",
      "collection": {
        "abbr": "Portraitindex",
        "name": "Digitaler Portraitindex der druckgraphischen Bildnisse der Fru\u0308hen Neuzeit",
        "publisher": "Deutsches Dokumentationszentrum fu\u0308r Kunstgeschichte - Bildarchiv Foto Marburg",
        "icon": "https://www.portraitindex.de/favicon.ico"
      }
    },
    {
      "@id": "http://id.loc.gov/rwo/agents/n85809940",
      "collection": {
        "abbr": "LC",
        "name": "NACO Authority File",
        "publisher": "Library of Congress",
        "icon": "https://www.loc.gov/favicon.ico"
      }
    },
    {
      "@id": "http://viaf.org/viaf/19692723",
      "collection": {
        "abbr": "VIAF",
        "name": "Virtual International Authority File (VIAF)",
        "publisher": "OCLC",
        "icon": "https://viaf.org/viaf/images/viaf.ico"
      }
    },
    {
      "@id": "http://www.wikidata.org/entity/Q66382",
      "collection": {
        "abbr": "WIKIDATA",
        "name": "Wikidata",
        "publisher": "Wikimedia Foundation Inc.",
        "icon": "https://www.wikidata.org/static/favicon/wikidata.ico"
      }
    },
    {
      "@id": "https://isni.org/isni/0000000122771701",
      "collection": {
        "abbr": "ISNI",
        "name": "International Standard Name Identifier (ISNI)",
        "publisher": "International Standard Name Identifier (ISNI)",
        "icon": "https://www.isni.org/sites/default/files/isni_new_favicon.ico"
      }
    }
  ]
}