{
  "@context": "http://hub.culturegraph.org/entityfacts/context/v1/entityfacts.jsonld",
  "@id": "https://d-nb.info/gnd/118747622",
  "describedBy": {
    "valid": "2026-04-27T23:45:40Z",
    "license": "https://creativecommons.org/publicdomain/zero/1.0/",
    "@id": "https://hub.culturegraph.org/entityfacts/118747622"
  },
  "preferredName": "Joachim Mu\u0308nsinger von Frundeck",
  "surname": "Mu\u0308nsinger von Frundeck",
  "forename": "Joachim",
  "@type": "person",
  "academicDegree": [
    "Prof."
  ],
  "variantName": [
    "Joachim Mynsinger a\u0300 Frundeck",
    "Joachimus Mynsingerus a Frondeck",
    "Joachimus Mynsingerus a Frondeck",
    "Joachim Mynsinger von Frundeck",
    "Joachimus Mensinger a Frondeck",
    "Joachim Munsinger",
    "Joachim M. von Frundeck",
    "Joachimus Mynsingerus von Frundeck",
    "Joachimus Mynsingerus a\u0300 Frundech",
    "Joachimus M. a Frundeck",
    "Joachim Mynsinger Von Frundeck",
    "Ioachimus Mynsingerus a Frundeck",
    "Joachimus Mynsinger a Frundeck",
    "Joachimus Mynsingerus",
    "Ioachimus Mynsingerus a Frundeck",
    "Joachim Minsinger",
    "Joachim Mynsinger",
    "Joachimus Mynsinger",
    "Joachim Mynsinger von Frundeck",
    "Joachimus Mynsingerus a Frundeck",
    "Joachimus Mynsingerus a Frundeck",
    "Ioachimus Mynsingerus",
    "Joachim Mu\u0308nsinger von Frundeck",
    "Joachim Mynsinger von Frundeck",
    "Joachim Mu\u0308nsinger",
    "Joachim Mu\u0308nsinger",
    "Joachim Mu\u0308nsinger von Frundeck",
    "Joachim Mynsinger von Frundeck",
    "Joachim Mynsinger"
  ],
  "dateOfBirth": "August 13, 1514",
  "dateOfDeath": "May 3, 1588",
  "placeOfBirth": [
    {
      "@id": "https://d-nb.info/gnd/4058282-6",
      "preferredName": "Stuttgart"
    }
  ],
  "placeOfDeath": [
    {
      "@id": "https://d-nb.info/gnd/1138387193",
      "preferredName": "Gro\u00dfalsleben"
    }
  ],
  "placeOfActivity": [
    {
      "@id": "https://d-nb.info/gnd/4018272-1",
      "preferredName": "Freiburg im Breisgau"
    },
    {
      "@id": "https://d-nb.info/gnd/4066832-0",
      "preferredName": "Wolfenbu\u0308ttel"
    }
  ],
  "associatedCountry": [
    {
      "@id": "https://d-nb.info/standards/vocab/gnd/geographic-area-code#XA-DE",
      "preferredName": "Deutschland"
    }
  ],
  "professionOrOccupation": [
    {
      "@id": "https://d-nb.info/gnd/4029050-5",
      "preferredName": "Jurist"
    },
    {
      "@id": "https://d-nb.info/gnd/4123488-1",
      "preferredName": "Kanzler"
    },
    {
      "@id": "https://d-nb.info/gnd/4025243-7",
      "preferredName": "Hochschullehrer"
    },
    {
      "@id": "https://d-nb.info/gnd/4053309-8",
      "preferredName": "Schriftsteller"
    }
  ],
  "gender": {
    "@id": "https://d-nb.info/standards/vocab/gnd/gender#male",
    "label": "Mann"
  },
  "biographicalOrHistoricalInformation": "Dt. Jurist, Politiker und Dichter; Richter am Reichskammergericht in Speyer; Kanzler von Braunschweig-Wolfenbu\u0308ttel; Professor in Helmstedt",
  "relatedPerson": [
    {
      "@id": "https://d-nb.info/gnd/119699818",
      "relationship": "VD-16 Mitverf.",
      "preferredName": "Johannes Hartung"
    },
    {
      "@id": "https://d-nb.info/gnd/118575449",
      "relationship": "VD-16 Mitverf.",
      "preferredName": "Martin Luther"
    },
    {
      "@id": "https://d-nb.info/gnd/119671433",
      "relationship": "VD-16 Mitverf.",
      "preferredName": "Johannes Michael Fickler"
    },
    {
      "relationship": "VD-16 Mitverf.",
      "preferredName": "Arnoul de Reyger"
    },
    {
      "@id": "https://d-nb.info/gnd/119759799",
      "relationship": "VD-16 Mitverf.",
      "preferredName": "Simon Menz"
    },
    {
      "relationship": "VD-16 Mitverf.",
      "preferredName": "Jakob Andreae, der A\u0308ltere"
    },
    {
      "@id": "https://d-nb.info/gnd/119707896",
      "relationship": "VD-16 Mitverf.",
      "preferredName": "Samson Hertzog"
    },
    {
      "relationship": "Nordhausen; VD-16 Mitverf.",
      "preferredName": "Adam Krafft"
    },
    {
      "relationship": "VD-16 Mitverf.",
      "preferredName": "Nikolaus Selneccer"
    },
    {
      "@id": "https://d-nb.info/gnd/119661756",
      "relationship": "VD-16 Mitverf.",
      "preferredName": "Wilhelm Eisengrein"
    }
  ],
  "familialRelationship": [
    {
      "@id": "https://d-nb.info/gnd/137899750",
      "relationship": "Vater",
      "preferredName": "Joseph Mynsinger von Frundeck"
    },
    {
      "@id": "https://d-nb.info/gnd/121593886",
      "relationship": "Ehefrau",
      "preferredName": "Agnes Mu\u0308nsinger von Frundeck"
    },
    {
      "@id": "https://d-nb.info/gnd/1012403661",
      "relationship": "Ehefrau",
      "preferredName": "Barbara Keller"
    },
    {
      "@id": "https://d-nb.info/gnd/121033422",
      "relationship": "Sohn",
      "preferredName": "Sigismund Julius Mynsinger"
    },
    {
      "@id": "https://d-nb.info/gnd/120303795",
      "relationship": "Sohn",
      "preferredName": "Heinrich Albrecht Mynsinger"
    },
    {
      "@id": "https://d-nb.info/gnd/1320869106",
      "relationship": "Tochter",
      "preferredName": "Elisabeth Hedwig von Stammer"
    },
    {
      "@id": "https://d-nb.info/gnd/136539831",
      "relationship": "Schwiegersohn",
      "preferredName": "Heinrich von Stammer"
    }
  ],
  "depiction": {
    "@id": "https://commons.wikimedia.org/wiki/Special:FilePath/Joachim%20Mynsinger%20von%20Frundeck%20%28Tripota%29%20%28cropped%29.jpg",
    "publisher": "Wikimedia Commons",
    "copyrighted": "false",
    "creator": [
      "Unknown authorUnknown author"
    ],
    "creditText": [
      "Datenbank Tripota in der Wissenschaftlichen Bibliothek der Stadt Trier/Stadtarchiv"
    ],
    "license": [
      {
        "@id": "https://creativecommons.org/publicdomain/mark/1.0/",
        "abbr": "PD",
        "name": "Public Domain",
        "attributionRequired": "false",
        "restrictions": ""
      }
    ],
    "url": "https://commons.wikimedia.org/wiki/File:Joachim%20Mynsinger%20von%20Frundeck%20%28Tripota%29%20%28cropped%29.jpg?uselang=en",
    "thumbnail": {
      "@id": "https://commons.wikimedia.org/wiki/Special:FilePath/Joachim%20Mynsinger%20von%20Frundeck%20%28Tripota%29%20%28cropped%29.jpg?width=270"
    }
  },
  "sameAs": [
    {
      "@id": "https://d-nb.info/gnd/118747622/about",
      "collection": {
        "abbr": "DNB",
        "name": "Gemeinsame Normdatei (GND) im Katalog der Deutschen Nationalbibliothek",
        "publisher": "Deutsche Nationalbibliothek",
        "icon": "https://www.dnb.de/SiteGlobals/Frontend/DNBWeb/Images/favicon.png?__blob=normal&v=4"
      }
    },
    {
      "@id": "http://catalogue.bnf.fr/ark:/12148/cb11887075x",
      "collection": {
        "abbr": "BNF",
        "name": "Bibliothe\u0300que nationale de France",
        "publisher": "Bibliothe\u0300que nationale de France",
        "icon": "https://www.bnf.fr/themes/custom/bnfsi/favicon.ico"
      }
    },
    {
      "@id": "https://de.wikipedia.org/wiki/Joachim_Mynsinger_von_Frundeck",
      "collection": {
        "abbr": "dewiki",
        "name": "Wikipedia (Deutsch)",
        "publisher": "Wikimedia Foundation Inc.",
        "icon": "https://de.wikipedia.org/static/favicon/wikipedia.ico"
      }
    },
    {
      "@id": "https://kalliope-verbund.info/gnd/118747622",
      "collection": {
        "abbr": "DE-611",
        "name": "Kalliope Verbundkatalog",
        "publisher": "Staatsbibliothek zu Berlin - Preu\u00dfischer Kulturbesitz",
        "icon": "https://kalliope-verbund.info/img/favicon.ico"
      }
    },
    {
      "@id": "https://raa.gf-franken.de/de/suche-nach-stammbucheintraegen.html?permaLink=1549_ulrich;18",
      "collection": {
        "abbr": "RAAE",
        "name": "Repertorium Alborum Amicorum (RAA) - Stammbucheintr\u00e4ge",
        "publisher": "Department Germanistik und Komparatistik der Friedrich-Alexander-Universit\u00e4t Erlangen-N\u00fcrnberg in Zusammenarbeit mit der Gesellschaft f\u00fcr Familienforschung in Franken",
        "icon": "https://www.gf-franken.de/favicon.ico"
      }
    },
    {
      "@id": "https://raa.gf-franken.de/de/suche-nach-stammbucheintraegen.html?permaLink=1565_gutt;29",
      "collection": {
        "abbr": "RAAE",
        "name": "Repertorium Alborum Amicorum (RAA) - Stammbucheintr\u00e4ge",
        "publisher": "Department Germanistik und Komparatistik der Friedrich-Alexander-Universit\u00e4t Erlangen-N\u00fcrnberg in Zusammenarbeit mit der Gesellschaft f\u00fcr Familienforschung in Franken",
        "icon": "https://www.gf-franken.de/favicon.ico"
      }
    },
    {
      "@id": "https://raa.gf-franken.de/de/suche-nach-stammbucheintraegen.html?permaLink=1584_zott;69",
      "collection": {
        "abbr": "RAAE",
        "name": "Repertorium Alborum Amicorum (RAA) - Stammbucheintr\u00e4ge",
        "publisher": "Department Germanistik und Komparatistik der Friedrich-Alexander-Universit\u00e4t Erlangen-N\u00fcrnberg in Zusammenarbeit mit der Gesellschaft f\u00fcr Familienforschung in Franken",
        "icon": "https://www.gf-franken.de/favicon.ico"
      }
    },
    {
      "@id": "https://raa.gf-franken.de/de/suche-nach-stammbucheintraegen.html?permaLink=1590_mithoff;11",
      "collection": {
        "abbr": "RAAE",
        "name": "Repertorium Alborum Amicorum (RAA) - Stammbucheintr\u00e4ge",
        "publisher": "Department Germanistik und Komparatistik der Friedrich-Alexander-Universit\u00e4t Erlangen-N\u00fcrnberg in Zusammenarbeit mit der Gesellschaft f\u00fcr Familienforschung in Franken",
        "icon": "https://www.gf-franken.de/favicon.ico"
      }
    },
    {
      "@id": "https://www.archivportal-d.de/person/gnd/118747622",
      "collection": {
        "abbr": "ARCHIV-D",
        "name": "Archivportal-D",
        "publisher": "Deutsche Digitale Bibliothek",
        "icon": "https://www.archivportal-d.de/favicon.ico"
      }
    },
    {
      "@id": "https://www.deutsche-biographie.de/pnd118747622.html#adbcontent",
      "collection": {
        "abbr": "ADB",
        "name": "Allgemeine Deutsche Biographie (ADB)",
        "publisher": "Historische Kommission bei der Bayerischen Akademie der Wissenschaften und Bayerische Staatsbibliothek",
        "icon": "https://www.deutsche-biographie.de/favicon.ico"
      }
    },
    {
      "@id": "https://www.deutsche-biographie.de/pnd118747622.html#ndbcontent",
      "collection": {
        "abbr": "NDB",
        "name": "Neue Deutsche Biographie (NDB)",
        "publisher": "Historische Kommission bei der Bayerischen Akademie der Wissenschaften und Bayerische Staatsbibliothek",
        "icon": "https://www.deutsche-biographie.de/favicon.ico"
      }
    },
    {
      "@id": "https://www.deutsche-digitale-bibliothek.de/person/gnd/118747622",
      "collection": {
        "abbr": "DDB",
        "name": "Deutsche Digitale Bibliothek",
        "publisher": "Deutsche Digitale Bibliothek",
        "icon": "https://www.deutsche-digitale-bibliothek.de/favicon.ico"
      }
    },
    {
      "@id": "https://www.portraitindex.de/dokumente/pnd/118747622",
      "collection": {
        "abbr": "Portraitindex",
        "name": "Digitaler Portraitindex der druckgraphischen Bildnisse der Fru\u0308hen Neuzeit",
        "publisher": "Deutsches Dokumentationszentrum fu\u0308r Kunstgeschichte - Bildarchiv Foto Marburg",
        "icon": "https://www.portraitindex.de/favicon.ico"
      }
    },
    {
      "@id": "http://id.loc.gov/rwo/agents/n83300517",
      "collection": {
        "abbr": "LC",
        "name": "NACO Authority File",
        "publisher": "Library of Congress",
        "icon": "https://www.loc.gov/favicon.ico"
      }
    },
    {
      "@id": "http://viaf.org/viaf/76310587",
      "collection": {
        "abbr": "VIAF",
        "name": "Virtual International Authority File (VIAF)",
        "publisher": "OCLC",
        "icon": "https://viaf.org/viaf/images/viaf.ico"
      }
    },
    {
      "@id": "http://www.wikidata.org/entity/Q1690329",
      "collection": {
        "abbr": "WIKIDATA",
        "name": "Wikidata",
        "publisher": "Wikimedia Foundation Inc.",
        "icon": "https://www.wikidata.org/static/favicon/wikidata.ico"
      }
    },
    {
      "@id": "https://isni.org/isni/0000000118450446",
      "collection": {
        "abbr": "ISNI",
        "name": "International Standard Name Identifier (ISNI)",
        "publisher": "International Standard Name Identifier (ISNI)",
        "icon": "https://www.isni.org/sites/default/files/isni_new_favicon.ico"
      }
    }
  ]
}