{
  "@context": "http://hub.culturegraph.org/entityfacts/context/v1/entityfacts.jsonld",
  "@id": "https://d-nb.info/gnd/118731912",
  "describedBy": {
    "valid": "2026-04-26T19:41:06Z",
    "license": "https://creativecommons.org/publicdomain/zero/1.0/",
    "@id": "https://hub.culturegraph.org/entityfacts/118731912"
  },
  "preferredName": "Pietro Andrea Mattioli",
  "surname": "Mattioli",
  "forename": "Pietro Andrea",
  "@type": "person",
  "variantName": [
    "Andreas Matthiolus",
    "Petrus Andreas Matthioli",
    "Pietro Andrea Mattiolo",
    "Petrus Andreas Matthaeolus",
    "Pierre Andre\u0301 Matthioli",
    "Pietro Andrea Matthiolus",
    "Pietro Andrea Matteolo",
    "Pierandrea Mattioli",
    "Pietro A. Mattioli",
    "Petr Ondrej Matthioli",
    "Andreas Mathiolus",
    "Petra Ondrej Mathiola",
    "Petrus Andreas Mathaeolus",
    "Pier Andres Matthioli",
    "Pier Andrea Mattioli",
    "Petr Ondr\u030cej Matthioli",
    "Andrea Mattioli",
    "Pietro Andrea Matthioli",
    "Pierre Andre\u0301 Matthiole",
    "Petrus Andreas Mathiolus",
    "Petrus Andreas Mattheolus",
    "Petrus Andreas Matthiolus",
    "Petrus A. Mathiolus",
    "Petrus A. Mattheolus",
    "Petro Andrea Matthiolo"
  ],
  "dateOfBirth": "1501",
  "dateOfDeath": "1577",
  "placeOfBirth": [
    {
      "@id": "https://d-nb.info/gnd/4054903-3",
      "preferredName": "Siena"
    }
  ],
  "placeOfDeath": [
    {
      "@id": "https://d-nb.info/gnd/4078405-8",
      "preferredName": "Trient"
    }
  ],
  "associatedCountry": [
    {
      "@id": "https://d-nb.info/standards/vocab/gnd/geographic-area-code#XA-IT",
      "preferredName": "Italien"
    }
  ],
  "professionOrOccupation": [
    {
      "@id": "https://d-nb.info/gnd/4003157-3",
      "preferredName": "Arzt"
    },
    {
      "@id": "https://d-nb.info/gnd/4146402-3",
      "preferredName": "Botaniker"
    },
    {
      "@id": "https://d-nb.info/gnd/4268052-9",
      "preferredName": "Leibarzt"
    }
  ],
  "gender": {
    "@id": "https://d-nb.info/standards/vocab/gnd/gender#male",
    "label": "Mann"
  },
  "biographicalOrHistoricalInformation": "Ital. Mediziner und Botaniker; kaiserl. Leibarzt, Botaniker; Kommentator des Dioskurides",
  "relatedPerson": [
    {
      "@id": "https://d-nb.info/gnd/119368390",
      "relationship": "VD-16 Mitverf.",
      "preferredName": "Georg Am Wald"
    },
    {
      "@id": "https://d-nb.info/gnd/11884962X",
      "relationship": "VD-16 Mitverf.",
      "preferredName": "Caspar Bauhin"
    },
    {
      "@id": "https://d-nb.info/gnd/119635593",
      "relationship": "VD-16 Mitverf.",
      "preferredName": "Francesco Calzolari"
    },
    {
      "@id": "https://d-nb.info/gnd/118694413",
      "relationship": "VD-16 Mitverf.",
      "preferredName": "Conrad Gessner"
    },
    {
      "@id": "https://d-nb.info/gnd/100750222",
      "relationship": "VD-16 Mitverf.",
      "preferredName": "Georg Handsch"
    },
    {
      "@id": "https://d-nb.info/gnd/128633662",
      "relationship": "VD-16 Mitverf.",
      "preferredName": "Melchior Guilandinus"
    },
    {
      "@id": "https://d-nb.info/gnd/12363119X",
      "relationship": "VD-16 Mitverf.",
      "preferredName": "Erhard Hering"
    },
    {
      "@id": "https://d-nb.info/gnd/119637308",
      "relationship": "VD-16 Mitverf.",
      "preferredName": "James Cargill"
    },
    {
      "@id": "https://d-nb.info/gnd/123124786",
      "relationship": "VD-16 Mitverf.",
      "preferredName": "Laurentius Stephan"
    },
    {
      "@id": "https://d-nb.info/gnd/119101459",
      "relationship": "VD-16 Mitverf.",
      "preferredName": "Joachim Camerarius"
    }
  ],
  "depiction": {
    "@id": "https://commons.wikimedia.org/wiki/Special:FilePath/Pietro%20Andrea%20Mattioli%2C%20by%20Alessandro%20Bonvicino%20called%20il%20Moretto.jpg",
    "publisher": "Wikimedia Commons",
    "copyrighted": "false",
    "creator": [
      "Moretto da Brescia"
    ],
    "creditText": [
      "Musei di Strada Nuova - Palazzo Rosso"
    ],
    "license": [
      {
        "@id": "https://creativecommons.org/publicdomain/mark/1.0/",
        "abbr": "PD",
        "name": "Public Domain",
        "attributionRequired": "false",
        "restrictions": ""
      }
    ],
    "url": "https://commons.wikimedia.org/wiki/File:Pietro%20Andrea%20Mattioli%2C%20by%20Alessandro%20Bonvicino%20called%20il%20Moretto.jpg?uselang=en",
    "thumbnail": {
      "@id": "https://commons.wikimedia.org/wiki/Special:FilePath/Pietro%20Andrea%20Mattioli%2C%20by%20Alessandro%20Bonvicino%20called%20il%20Moretto.jpg?width=270"
    }
  },
  "sameAs": [
    {
      "@id": "https://d-nb.info/gnd/118731912/about",
      "collection": {
        "abbr": "DNB",
        "name": "Gemeinsame Normdatei (GND) im Katalog der Deutschen Nationalbibliothek",
        "publisher": "Deutsche Nationalbibliothek",
        "icon": "https://www.dnb.de/SiteGlobals/Frontend/DNBWeb/Images/favicon.png?__blob=normal&v=4"
      }
    },
    {
      "@id": "http://catalogue.bnf.fr/ark:/12148/cb119151712",
      "collection": {
        "abbr": "BNF",
        "name": "Bibliothe\u0300que nationale de France",
        "publisher": "Bibliothe\u0300que nationale de France",
        "icon": "https://www.bnf.fr/themes/custom/bnfsi/favicon.ico"
      }
    },
    {
      "@id": "https://de.wikipedia.org/wiki/Pietro_Andrea_Mattioli",
      "collection": {
        "abbr": "dewiki",
        "name": "Wikipedia (Deutsch)",
        "publisher": "Wikimedia Foundation Inc.",
        "icon": "https://de.wikipedia.org/static/favicon/wikipedia.ico"
      }
    },
    {
      "@id": "https://en.wikipedia.org/wiki/Pietro_Andrea_Mattioli",
      "collection": {
        "abbr": "enwiki",
        "name": "Wikipedia (English)",
        "publisher": "Wikimedia Foundation Inc.",
        "icon": "https://en.wikipedia.org/static/favicon/wikipedia.ico"
      }
    },
    {
      "@id": "https://kaiserhof.geschichte.lmu.de/Q/GND=118731912",
      "collection": {
        "abbr": "KH",
        "name": "Kaiser und H\u00f6fe",
        "publisher": "Ludwig-Maximilians-Universit\u00e4t M\u00fcnchen - Historisches Seminar - Fr\u00fche Neuzeit",
        "icon": "https://kaiserhof.geschichte.lmu.de/favicon.ico"
      }
    },
    {
      "@id": "https://kalliope-verbund.info/gnd/118731912",
      "collection": {
        "abbr": "DE-611",
        "name": "Kalliope Verbundkatalog",
        "publisher": "Staatsbibliothek zu Berlin - Preu\u00dfischer Kulturbesitz",
        "icon": "https://kalliope-verbund.info/img/favicon.ico"
      }
    },
    {
      "@id": "https://www.archivportal-d.de/person/gnd/118731912",
      "collection": {
        "abbr": "ARCHIV-D",
        "name": "Archivportal-D",
        "publisher": "Deutsche Digitale Bibliothek",
        "icon": "https://www.archivportal-d.de/favicon.ico"
      }
    },
    {
      "@id": "https://www.deutsche-digitale-bibliothek.de/person/gnd/118731912",
      "collection": {
        "abbr": "DDB",
        "name": "Deutsche Digitale Bibliothek",
        "publisher": "Deutsche Digitale Bibliothek",
        "icon": "https://www.deutsche-digitale-bibliothek.de/favicon.ico"
      }
    },
    {
      "@id": "https://www.portraitindex.de/dokumente/pnd/118731912",
      "collection": {
        "abbr": "Portraitindex",
        "name": "Digitaler Portraitindex der druckgraphischen Bildnisse der Fru\u0308hen Neuzeit",
        "publisher": "Deutsches Dokumentationszentrum fu\u0308r Kunstgeschichte - Bildarchiv Foto Marburg",
        "icon": "https://www.portraitindex.de/favicon.ico"
      }
    },
    {
      "@id": "http://id.loc.gov/rwo/agents/n81007084",
      "collection": {
        "abbr": "LC",
        "name": "NACO Authority File",
        "publisher": "Library of Congress",
        "icon": "https://www.loc.gov/favicon.ico"
      }
    },
    {
      "@id": "http://viaf.org/viaf/61549376",
      "collection": {
        "abbr": "VIAF",
        "name": "Virtual International Authority File (VIAF)",
        "publisher": "OCLC",
        "icon": "https://viaf.org/viaf/images/viaf.ico"
      }
    },
    {
      "@id": "http://www.wikidata.org/entity/Q457191",
      "collection": {
        "abbr": "WIKIDATA",
        "name": "Wikidata",
        "publisher": "Wikimedia Foundation Inc.",
        "icon": "https://www.wikidata.org/static/favicon/wikidata.ico"
      }
    },
    {
      "@id": "https://isni.org/isni/0000000109069133",
      "collection": {
        "abbr": "ISNI",
        "name": "International Standard Name Identifier (ISNI)",
        "publisher": "International Standard Name Identifier (ISNI)",
        "icon": "https://www.isni.org/sites/default/files/isni_new_favicon.ico"
      }
    }
  ]
}