{
  "@context": "http://hub.culturegraph.org/entityfacts/context/v1/entityfacts.jsonld",
  "@id": "https://d-nb.info/gnd/118729187",
  "describedBy": {
    "valid": "2026-05-01T14:55:28Z",
    "license": "https://creativecommons.org/publicdomain/zero/1.0/",
    "@id": "https://hub.culturegraph.org/entityfacts/118729187"
  },
  "preferredName": "Lothar Franz, Mainz, Erzbischof, Kurfu\u0308rst",
  "surname": "Lothar Franz, Mainz, Erzbischof, Kurfu\u0308rst",
  "@type": "person",
  "titleOfNobility": [
    "Graf"
  ],
  "variantName": [
    "Lothar Franz, Mainz, Erzbischof",
    "Lothar Franz, Mainz, Kurfu\u0308rst",
    "Lothar Franz, Reichserzkanzler",
    "Lothar Franz, Erzkanzler",
    "Lothar Franz, Bamberg, Bischof",
    "Lothar Franz von Scho\u0308nborn",
    "Lotharius Franciscus, Moguntina, Archiepiscopus, Princeps Elector",
    "Lotharius Franciscus, Moguntina, Archiepiscopus",
    "Lotharius Franciscus, Archiepiscopus Moguntinensis",
    "Lotharius Franciscus, Moguntina, Princeps Elector",
    "Lotharius Franciscus, Princeps Elector Moguntinensis",
    "Lotharius Franciscus, Aarchicancellarius",
    "Lotharius Franciscus, Bamberga, Episcopus",
    "Lotharius Franciscus, Episcopus Bambergensis",
    "Lotharius Franciscus, a Scho\u0308nborn",
    "Lotharius Franciscus a Scho\u0308nborn",
    "Lothar Franz, von Scho\u0308nborn",
    "Lothar Franz, Mainz, Kurfu\u0308rst"
  ],
  "dateOfBirth": "October 4, 1655",
  "dateOfDeath": "January 30, 1729",
  "placeOfBirth": [
    {
      "@id": "https://d-nb.info/gnd/2022920-3",
      "preferredName": "Steinheim am Main"
    }
  ],
  "placeOfDeath": [
    {
      "@id": "https://d-nb.info/gnd/4037124-4",
      "preferredName": "Mainz"
    }
  ],
  "placeOfActivity": [
    {
      "@id": "https://d-nb.info/gnd/4004391-5",
      "preferredName": "Bamberg"
    },
    {
      "@id": "https://d-nb.info/gnd/4037124-4",
      "preferredName": "Mainz"
    },
    {
      "@id": "https://d-nb.info/gnd/4080249-8",
      "preferredName": "Hochstift Bamberg"
    },
    {
      "@id": "https://d-nb.info/gnd/4100026-2",
      "preferredName": "Erzstift Mainz"
    }
  ],
  "associatedCountry": [
    {
      "@id": "https://d-nb.info/standards/vocab/gnd/geographic-area-code#XA-DE",
      "preferredName": "Deutschland"
    }
  ],
  "professionOrOccupation": [
    {
      "@id": "https://d-nb.info/gnd/4015471-3",
      "preferredName": "Erzbischof"
    },
    {
      "@id": "https://d-nb.info/gnd/4166203-9",
      "preferredName": "Kurfu\u0308rst"
    },
    {
      "@id": "https://d-nb.info/gnd/4123488-1",
      "preferredName": "Kanzler"
    },
    {
      "@id": "https://d-nb.info/gnd/4006949-7",
      "preferredName": "Bischof"
    },
    {
      "@id": "https://d-nb.info/gnd/4304876-6",
      "preferredName": "Fu\u0308rstbischof"
    },
    {
      "@id": "https://d-nb.info/gnd/4156371-2",
      "preferredName": "Geistlicher Fu\u0308rst"
    }
  ],
  "gender": {
    "@id": "https://d-nb.info/standards/vocab/gnd/gender#male",
    "label": "Mann"
  },
  "biographicalOrHistoricalInformation": "1694-1729 Bischof von Bamberg; 1694-1695 Koadjutor des Erzbischofs von Mainz; 1695-1729 Kurfu\u0308rst und Erzbischof von Mainz, damit auch Erzkanzler (archicancellarius) des Heiligen Ro\u0308mischen Reichs; begraben im Dom Mainz",
  "affiliation": [
    {
      "@id": "https://d-nb.info/gnd/1080665633",
      "preferredName": "Katholische Kirche. Dio\u0308zese Bamberg"
    },
    {
      "@id": "https://d-nb.info/gnd/1081209038",
      "preferredName": "Katholische Kirche. Erzdio\u0308zese Mainz"
    },
    {
      "@id": "https://d-nb.info/gnd/4035985-2",
      "preferredName": "Erzkanzler"
    }
  ],
  "relatedPerson": [
    {
      "@id": "https://d-nb.info/gnd/118610082",
      "preferredName": "Scho\u0308nborn, Familie, Adel"
    }
  ],
  "familialRelationship": [
    {
      "@id": "https://d-nb.info/gnd/138413525",
      "relationship": "Vater",
      "preferredName": "Philipp Erwein von Scho\u0308nborn"
    },
    {
      "@id": "https://d-nb.info/gnd/119475936",
      "relationship": "Bruder",
      "preferredName": "Melchior Friedrich von Scho\u0308nborn"
    },
    {
      "@id": "https://d-nb.info/gnd/136851398",
      "relationship": "Bruder",
      "preferredName": "Franz Georg von Scho\u0308nborn"
    },
    {
      "@id": "https://d-nb.info/gnd/118610066",
      "relationship": "Onkel",
      "preferredName": "Johann Philipp, Mainz, Erzbischof"
    },
    {
      "@id": "https://d-nb.info/gnd/118610058",
      "relationship": "Neffe",
      "preferredName": "Friedrich Karl, Bamberg, Bischof"
    }
  ],
  "depiction": {
    "@id": "https://commons.wikimedia.org/wiki/Special:FilePath/Kurf%C3%BCrst%20Lothar%20Franz%20von%20Sch%C3%B6nborn.jpg",
    "publisher": "Wikimedia Commons",
    "copyrighted": "false",
    "creator": [
      "Christian Schilbach"
    ],
    "creditText": [
      "Bildindex der Kunst und Architektur: object 05021771&nbsp;\u2013 image file koeln_1407023a.jpg"
    ],
    "license": [
      {
        "@id": "https://creativecommons.org/publicdomain/mark/1.0/",
        "abbr": "PD",
        "name": "Public Domain",
        "attributionRequired": "false",
        "restrictions": ""
      }
    ],
    "url": "https://commons.wikimedia.org/wiki/File:Kurf%C3%BCrst%20Lothar%20Franz%20von%20Sch%C3%B6nborn.jpg?uselang=en",
    "thumbnail": {
      "@id": "https://commons.wikimedia.org/wiki/Special:FilePath/Kurf%C3%BCrst%20Lothar%20Franz%20von%20Sch%C3%B6nborn.jpg?width=270"
    }
  },
  "sameAs": [
    {
      "@id": "https://d-nb.info/gnd/118729187/about",
      "collection": {
        "abbr": "DNB",
        "name": "Gemeinsame Normdatei (GND) im Katalog der Deutschen Nationalbibliothek",
        "publisher": "Deutsche Nationalbibliothek",
        "icon": "https://www.dnb.de/SiteGlobals/Frontend/DNBWeb/Images/favicon.png?__blob=normal&v=4"
      }
    },
    {
      "@id": "http://catalogue.bnf.fr/ark:/12148/cb15052076m",
      "collection": {
        "abbr": "BNF",
        "name": "Bibliothe\u0300que nationale de France",
        "publisher": "Bibliothe\u0300que nationale de France",
        "icon": "https://www.bnf.fr/themes/custom/bnfsi/favicon.ico"
      }
    },
    {
      "@id": "https://bmlo.de/Q/GND=118729187",
      "collection": {
        "abbr": "DE-M512",
        "name": "Bayerisches Musiker-Lexikon Online",
        "publisher": "Bayerisches Musiker-Lexikon Online",
        "icon": "https://bmlo.de/x/pic/favicon.gif"
      }
    },
    {
      "@id": "https://de.wikipedia.org/wiki/Lothar_Franz_von_Sch%C3%B6nborn",
      "collection": {
        "abbr": "dewiki",
        "name": "Wikipedia (Deutsch)",
        "publisher": "Wikimedia Foundation Inc.",
        "icon": "https://de.wikipedia.org/static/favicon/wikipedia.ico"
      }
    },
    {
      "@id": "https://en.wikipedia.org/wiki/Lothar_Franz_von_Sch%C3%B6nborn",
      "collection": {
        "abbr": "enwiki",
        "name": "Wikipedia (English)",
        "publisher": "Wikimedia Foundation Inc.",
        "icon": "https://en.wikipedia.org/static/favicon/wikipedia.ico"
      }
    },
    {
      "@id": "https://kaiserhof.geschichte.lmu.de/Q/GND=118729187",
      "collection": {
        "abbr": "KH",
        "name": "Kaiser und H\u00f6fe",
        "publisher": "Ludwig-Maximilians-Universit\u00e4t M\u00fcnchen - Historisches Seminar - Fr\u00fche Neuzeit",
        "icon": "https://kaiserhof.geschichte.lmu.de/favicon.ico"
      }
    },
    {
      "@id": "https://kalliope-verbund.info/gnd/118729187",
      "collection": {
        "abbr": "DE-611",
        "name": "Kalliope Verbundkatalog",
        "publisher": "Staatsbibliothek zu Berlin - Preu\u00dfischer Kulturbesitz",
        "icon": "https://kalliope-verbund.info/img/favicon.ico"
      }
    },
    {
      "@id": "https://www.archivportal-d.de/person/gnd/118729187",
      "collection": {
        "abbr": "ARCHIV-D",
        "name": "Archivportal-D",
        "publisher": "Deutsche Digitale Bibliothek",
        "icon": "https://www.archivportal-d.de/favicon.ico"
      }
    },
    {
      "@id": "https://www.deutsche-biographie.de/pnd118729187.html#adbcontent",
      "collection": {
        "abbr": "ADB",
        "name": "Allgemeine Deutsche Biographie (ADB)",
        "publisher": "Historische Kommission bei der Bayerischen Akademie der Wissenschaften und Bayerische Staatsbibliothek",
        "icon": "https://www.deutsche-biographie.de/favicon.ico"
      }
    },
    {
      "@id": "https://www.deutsche-biographie.de/pnd118729187.html#ndbcontent",
      "collection": {
        "abbr": "NDB",
        "name": "Neue Deutsche Biographie (NDB)",
        "publisher": "Historische Kommission bei der Bayerischen Akademie der Wissenschaften und Bayerische Staatsbibliothek",
        "icon": "https://www.deutsche-biographie.de/favicon.ico"
      }
    },
    {
      "@id": "https://www.deutsche-digitale-bibliothek.de/person/gnd/118729187",
      "collection": {
        "abbr": "DDB",
        "name": "Deutsche Digitale Bibliothek",
        "publisher": "Deutsche Digitale Bibliothek",
        "icon": "https://www.deutsche-digitale-bibliothek.de/favicon.ico"
      }
    },
    {
      "@id": "https://www.portraitindex.de/dokumente/pnd/118729187",
      "collection": {
        "abbr": "Portraitindex",
        "name": "Digitaler Portraitindex der druckgraphischen Bildnisse der Fru\u0308hen Neuzeit",
        "publisher": "Deutsches Dokumentationszentrum fu\u0308r Kunstgeschichte - Bildarchiv Foto Marburg",
        "icon": "https://www.portraitindex.de/favicon.ico"
      }
    },
    {
      "@id": "http://id.loc.gov/rwo/agents/n81099205",
      "collection": {
        "abbr": "LC",
        "name": "NACO Authority File",
        "publisher": "Library of Congress",
        "icon": "https://www.loc.gov/favicon.ico"
      }
    },
    {
      "@id": "http://viaf.org/viaf/15056893",
      "collection": {
        "abbr": "VIAF",
        "name": "Virtual International Authority File (VIAF)",
        "publisher": "OCLC",
        "icon": "https://viaf.org/viaf/images/viaf.ico"
      }
    },
    {
      "@id": "http://www.wikidata.org/entity/Q71715",
      "collection": {
        "abbr": "WIKIDATA",
        "name": "Wikidata",
        "publisher": "Wikimedia Foundation Inc.",
        "icon": "https://www.wikidata.org/static/favicon/wikidata.ico"
      }
    },
    {
      "@id": "https://isni.org/isni/0000000061510259",
      "collection": {
        "abbr": "ISNI",
        "name": "International Standard Name Identifier (ISNI)",
        "publisher": "International Standard Name Identifier (ISNI)",
        "icon": "https://www.isni.org/sites/default/files/isni_new_favicon.ico"
      }
    }
  ]
}