{
  "@context": "http://hub.culturegraph.org/entityfacts/context/v1/entityfacts.jsonld",
  "@id": "https://d-nb.info/gnd/118726714",
  "describedBy": {
    "valid": "2026-04-27T06:51:24Z",
    "license": "https://creativecommons.org/publicdomain/zero/1.0/",
    "@id": "https://hub.culturegraph.org/entityfacts/118726714"
  },
  "preferredName": "Johann Lauremberg",
  "surname": "Lauremberg",
  "forename": "Johann",
  "@type": "person",
  "variantName": [
    "L. Willmsen",
    "Ianne Laurenbergio",
    "Joannes Laurenbergius",
    "Joan Laurenbergius",
    "Johannes Laurenbergius",
    "Janus Laurenbergius",
    "Jan Laurenberg",
    "Hans Wilhelm Lauremberg",
    "Hans V. Laurenberg",
    "Johannes Laurenberg",
    "Janus Guglielmus Laurenbergius",
    "Johann W. Lauremberg",
    "Joannes Laurenbergus",
    "Johannes Wilhelm Lauremberg",
    "Ioannes Laurenberg",
    "Johann Wilhelm Lauremberg",
    "Hans Wilmsen Laurenberg",
    "Hans Willmsen L., Rost.",
    "Han\u00df Willmsen L., Rost.",
    "Hans Willmsen L. Rost.",
    "Han\u00df Willmsen L. Rost.",
    "Hans Wilhelm L. Rost",
    "Hans Willmsen L. Rost.",
    "Johannes Laurembergius",
    "Joannes Laurembergius",
    "Johann. Lauremb.",
    "Joannes Lavrenbergius",
    "J. L.",
    "L. J.",
    "Johann W. Laurenberg",
    "Hans Villumsen Laurenberg",
    "Johannes Laurenbergus",
    "Ianus Laurenbergius",
    "Hans Willmsen Laurenbergius Rostochiensis",
    "Johann Laurenberg",
    "Janus Lauremberg",
    "Johannes Lauremberg",
    "Johannes Laurenberg"
  ],
  "pseudonym": [
    {
      "preferredName": "Hans Willmsen"
    },
    {
      "preferredName": "L. Rost"
    },
    {
      "preferredName": "Hans Wilmson"
    },
    {
      "preferredName": "Hays Willmsey"
    },
    {
      "preferredName": "Jeckel von Achtern"
    },
    {
      "preferredName": "Jeckel von Achtern"
    }
  ],
  "dateOfBirth": "February 26, 1590",
  "dateOfDeath": "February 28, 1658",
  "placeOfBirth": [
    {
      "@id": "https://d-nb.info/gnd/4050610-1",
      "preferredName": "Rostock"
    }
  ],
  "placeOfDeath": [
    {
      "@id": "https://d-nb.info/gnd/4271890-9",
      "preferredName": "Sor\u00f8"
    }
  ],
  "associatedCountry": [
    {
      "@id": "https://d-nb.info/standards/vocab/gnd/geographic-area-code#XA-DE",
      "preferredName": "Deutschland"
    }
  ],
  "professionOrOccupation": [
    {
      "@id": "https://d-nb.info/gnd/4053309-8",
      "preferredName": "Schriftsteller"
    },
    {
      "@id": "https://d-nb.info/gnd/4029820-6",
      "preferredName": "Kartograf"
    },
    {
      "@id": "https://d-nb.info/gnd/4037945-0",
      "preferredName": "Mathematiker"
    },
    {
      "@id": "https://d-nb.info/gnd/4025243-7",
      "preferredName": "Hochschullehrer"
    }
  ],
  "gender": {
    "@id": "https://d-nb.info/standards/vocab/gnd/gender#male",
    "label": "Mann"
  },
  "biographicalOrHistoricalInformation": "Dt. Spa\u0308thumanist, Schriftsteller und Satirendichter; ab 1618 Professor der Poesie an der Univ. Rostock; ab 1623 Professor fu\u0308r Mathematik an der Ritterakademie in Sor\u00f8",
  "familialRelationship": [
    {
      "@id": "https://d-nb.info/gnd/123077257",
      "relationship": "Vater",
      "preferredName": "Wilhelm Lauremberg"
    },
    {
      "@id": "https://d-nb.info/gnd/100810977",
      "relationship": "Bruder",
      "preferredName": "Peter Lauremberg"
    },
    {
      "@id": "https://d-nb.info/gnd/136355773",
      "relationship": "Sohn",
      "preferredName": "Sebastian Lauremberg"
    }
  ],
  "sameAs": [
    {
      "@id": "https://d-nb.info/gnd/118726714/about",
      "collection": {
        "abbr": "DNB",
        "name": "Gemeinsame Normdatei (GND) im Katalog der Deutschen Nationalbibliothek",
        "publisher": "Deutsche Nationalbibliothek",
        "icon": "https://www.dnb.de/SiteGlobals/Frontend/DNBWeb/Images/favicon.png?__blob=normal&v=4"
      }
    },
    {
      "@id": "http://catalogue.bnf.fr/ark:/12148/cb15377794m",
      "collection": {
        "abbr": "BNF",
        "name": "Bibliothe\u0300que nationale de France",
        "publisher": "Bibliothe\u0300que nationale de France",
        "icon": "https://www.bnf.fr/themes/custom/bnfsi/favicon.ico"
      }
    },
    {
      "@id": "https://cpr.uni-rostock.de/resolve/gnd/118726714",
      "collection": {
        "abbr": "DE-28",
        "name": "Catalogus Professorum Rostochiensium (CPR)",
        "publisher": "Forschungsstelle Universita\u0308tsgeschichte Rostock"
      }
    },
    {
      "@id": "https://de.wikipedia.org/wiki/Johann_Lauremberg",
      "collection": {
        "abbr": "dewiki",
        "name": "Wikipedia (Deutsch)",
        "publisher": "Wikimedia Foundation Inc.",
        "icon": "https://de.wikipedia.org/static/favicon/wikipedia.ico"
      }
    },
    {
      "@id": "https://kalliope-verbund.info/gnd/118726714",
      "collection": {
        "abbr": "DE-611",
        "name": "Kalliope Verbundkatalog",
        "publisher": "Staatsbibliothek zu Berlin - Preu\u00dfischer Kulturbesitz",
        "icon": "https://kalliope-verbund.info/img/favicon.ico"
      }
    },
    {
      "@id": "https://raa.gf-franken.de/de/suche-nach-stammbucheintraegen.html?permaLink=1630_naestved;2",
      "collection": {
        "abbr": "RAAE",
        "name": "Repertorium Alborum Amicorum (RAA) - Stammbucheintr\u00e4ge",
        "publisher": "Department Germanistik und Komparatistik der Friedrich-Alexander-Universit\u00e4t Erlangen-N\u00fcrnberg in Zusammenarbeit mit der Gesellschaft f\u00fcr Familienforschung in Franken",
        "icon": "https://www.gf-franken.de/favicon.ico"
      }
    },
    {
      "@id": "https://www.deutsche-biographie.de/pnd118726714.html#adbcontent",
      "collection": {
        "abbr": "ADB",
        "name": "Allgemeine Deutsche Biographie (ADB)",
        "publisher": "Historische Kommission bei der Bayerischen Akademie der Wissenschaften und Bayerische Staatsbibliothek",
        "icon": "https://www.deutsche-biographie.de/favicon.ico"
      }
    },
    {
      "@id": "https://www.deutsche-biographie.de/pnd118726714.html#ndbcontent",
      "collection": {
        "abbr": "NDB",
        "name": "Neue Deutsche Biographie (NDB)",
        "publisher": "Historische Kommission bei der Bayerischen Akademie der Wissenschaften und Bayerische Staatsbibliothek",
        "icon": "https://www.deutsche-biographie.de/favicon.ico"
      }
    },
    {
      "@id": "https://www.deutsche-digitale-bibliothek.de/person/gnd/118726714",
      "collection": {
        "abbr": "DDB",
        "name": "Deutsche Digitale Bibliothek",
        "publisher": "Deutsche Digitale Bibliothek",
        "icon": "https://www.deutsche-digitale-bibliothek.de/favicon.ico"
      }
    },
    {
      "@id": "http://id.loc.gov/rwo/agents/n90681167",
      "collection": {
        "abbr": "LC",
        "name": "NACO Authority File",
        "publisher": "Library of Congress",
        "icon": "https://www.loc.gov/favicon.ico"
      }
    },
    {
      "@id": "http://viaf.org/viaf/34758305",
      "collection": {
        "abbr": "VIAF",
        "name": "Virtual International Authority File (VIAF)",
        "publisher": "OCLC",
        "icon": "https://viaf.org/viaf/images/viaf.ico"
      }
    },
    {
      "@id": "http://www.wikidata.org/entity/Q97596",
      "collection": {
        "abbr": "WIKIDATA",
        "name": "Wikidata",
        "publisher": "Wikimedia Foundation Inc.",
        "icon": "https://www.wikidata.org/static/favicon/wikidata.ico"
      }
    },
    {
      "@id": "https://isni.org/isni/000000045878790X",
      "collection": {
        "abbr": "ISNI",
        "name": "International Standard Name Identifier (ISNI)",
        "publisher": "International Standard Name Identifier (ISNI)",
        "icon": "https://www.isni.org/sites/default/files/isni_new_favicon.ico"
      }
    }
  ]
}