{
  "@context": "http://hub.culturegraph.org/entityfacts/context/v1/entityfacts.jsonld",
  "@id": "https://d-nb.info/gnd/11871693X",
  "describedBy": {
    "valid": "2026-05-02T02:18:56Z",
    "license": "https://creativecommons.org/publicdomain/zero/1.0/",
    "@id": "https://hub.culturegraph.org/entityfacts/11871693X"
  },
  "preferredName": "Georg Friedrich, Baden-Durlach, Markgraf",
  "surname": "Georg Friedrich, Baden-Durlach, Markgraf",
  "@type": "person",
  "titleOfNobility": [
    "Markgraf"
  ],
  "variantName": [
    "Georg Friedrich, Baden, Markgraf",
    "Georgius Fridericus, Badena, Marchio",
    "Georgius Fridericus, Marchio Badensis",
    "Georgius Fridericus, Marchionatus Badensis, Marchio",
    "Georg Friedrich, Baden-Hochberg, Markgraf",
    "Georg Friedrich, von Baden zu Hachberg"
  ],
  "dateOfBirth": "January 30, 1573",
  "dateOfDeath": "September 24, 1638",
  "placeOfBirth": [
    {
      "@id": "https://d-nb.info/gnd/4070638-2",
      "preferredName": "Durlach"
    }
  ],
  "placeOfDeath": [
    {
      "@id": "https://d-nb.info/gnd/4057878-1",
      "preferredName": "Stra\u00dfburg"
    }
  ],
  "associatedCountry": [
    {
      "@id": "https://d-nb.info/standards/vocab/gnd/geographic-area-code#XA-DE",
      "preferredName": "Deutschland"
    }
  ],
  "professionOrOccupation": [
    {
      "preferredName": "Markgraf von Baden-Durlach, folgt 1604, verzichtet 1622"
    }
  ],
  "gender": {
    "@id": "https://d-nb.info/standards/vocab/gnd/gender#male",
    "label": "Mann"
  },
  "biographicalOrHistoricalInformation": "Hauptvertreter des polit. Protestantismus; protestant. Heerfu\u0308hrer im Drei\u00dfigja\u0308hrigen Krieg; regierender Markgraf von Baden-Durlach von 1604 bis 1622",
  "familialRelationship": [
    {
      "@id": "https://d-nb.info/gnd/130875554",
      "relationship": "Vater",
      "preferredName": "Karl II., Baden-Durlach, Markgraf"
    },
    {
      "@id": "https://d-nb.info/gnd/143906062",
      "relationship": "Mutter",
      "preferredName": "Anna, Baden-Durlach, Markgra\u0308fin"
    },
    {
      "@id": "https://d-nb.info/gnd/102479135",
      "relationship": "Bruder",
      "preferredName": "Jakob III., Baden-Hachberg, Markgraf"
    },
    {
      "@id": "https://d-nb.info/gnd/10003148X",
      "relationship": "Bruder",
      "preferredName": "Ernst Friedrich, Baden-Durlach, Markgraf"
    },
    {
      "@id": "https://d-nb.info/gnd/1202536956",
      "relationship": "1. Ehefrau",
      "preferredName": "Juliane Ursula, Baden-Durlach, Markgra\u0308fin"
    },
    {
      "@id": "https://d-nb.info/gnd/104193441",
      "relationship": "Tochter aus 1. Ehe",
      "preferredName": "Katharina Ursula, Hessen-Kassel, Landgra\u0308fin"
    },
    {
      "@id": "https://d-nb.info/gnd/115857400",
      "relationship": "Sohn aus 1. Ehe, sein Nachfolger",
      "preferredName": "Friedrich V., Baden-Durlach, Markgraf"
    },
    {
      "@id": "https://d-nb.info/gnd/136118038",
      "relationship": "Tochter aus 1. Ehe",
      "preferredName": "Anna Amalia, Nassau-Saarbru\u0308cken, Gra\u0308fin"
    },
    {
      "@id": "https://d-nb.info/gnd/124440800",
      "relationship": "Sohn aus 1. Ehe",
      "preferredName": "Karl, Baden-Durlach, Markgraf"
    },
    {
      "@id": "https://d-nb.info/gnd/1202584632",
      "relationship": "Sohn aus 1. Ehe",
      "preferredName": "Rudolf, Baden-Durlach, Markgraf"
    },
    {
      "@id": "https://d-nb.info/gnd/136695183",
      "relationship": "Sohn aus 1. Ehe",
      "preferredName": "Christoph, Baden-Durlach, Markgraf"
    },
    {
      "@id": "https://d-nb.info/gnd/1202580300",
      "relationship": "Tochter aus 1. Ehe",
      "preferredName": "Anna Auguste, Baden-Durlach, Markgra\u0308fin"
    },
    {
      "@id": "https://d-nb.info/gnd/1202745830",
      "relationship": "Tochter aus 1. Ehe",
      "preferredName": "Sibylle Magdalene, Nassau-Idstein, Gra\u0308fin"
    },
    {
      "@id": "https://d-nb.info/gnd/1202541631",
      "relationship": "Tochter aus 1. Ehe",
      "preferredName": "Sophie Dorothea, Baden-Durlach, Markgra\u0308fin"
    },
    {
      "@id": "https://d-nb.info/gnd/120249269X",
      "relationship": "Tochter aus 1. Ehe",
      "preferredName": "Ernestine Sofie, Baden-Durlach, Markgra\u0308fin"
    },
    {
      "@id": "https://d-nb.info/gnd/129103128",
      "relationship": "2. Ehefrau",
      "preferredName": "Agathe, Baden-Durlach, Markgra\u0308fin"
    },
    {
      "@id": "https://d-nb.info/gnd/1202578586",
      "relationship": "Tochter aus 2. Ehe",
      "preferredName": "Agathe, Baden-Durlach, Prinzessin"
    },
    {
      "@id": "https://d-nb.info/gnd/1017917337",
      "relationship": "Tochter aus 2. Ehe",
      "preferredName": "Anna, Baden-Durlach, Markgra\u0308fin"
    },
    {
      "@id": "https://d-nb.info/gnd/125828934",
      "relationship": "Tochter aus 2. Ehe",
      "preferredName": "Elisabeth, Baden-Durlach, Markgra\u0308fin"
    },
    {
      "@id": "https://d-nb.info/gnd/1202821898",
      "relationship": "3. Ehefrau, morganatisch",
      "preferredName": "Elisabeth Stolz"
    }
  ],
  "depiction": {
    "@id": "https://commons.wikimedia.org/wiki/Special:FilePath/Georg%20Friedrich%20von%20Baden-Durlach.jpg",
    "publisher": "Wikimedia Commons",
    "copyrighted": "false",
    "creator": [
      ""
    ],
    "creditText": [
      "http://de.wikipedia.org/wiki/Bild:Georg_Friedrich_Baden.jpg"
    ],
    "license": [
      {
        "@id": "https://creativecommons.org/publicdomain/mark/1.0/",
        "abbr": "PD",
        "name": "Public Domain",
        "attributionRequired": "false",
        "restrictions": ""
      }
    ],
    "url": "https://commons.wikimedia.org/wiki/File:Georg%20Friedrich%20von%20Baden-Durlach.jpg?uselang=en",
    "thumbnail": {
      "@id": "https://commons.wikimedia.org/wiki/Special:FilePath/Georg%20Friedrich%20von%20Baden-Durlach.jpg?width=270"
    }
  },
  "sameAs": [
    {
      "@id": "https://d-nb.info/gnd/11871693X/about",
      "collection": {
        "abbr": "DNB",
        "name": "Gemeinsame Normdatei (GND) im Katalog der Deutschen Nationalbibliothek",
        "publisher": "Deutsche Nationalbibliothek",
        "icon": "https://www.dnb.de/SiteGlobals/Frontend/DNBWeb/Images/favicon.png?__blob=normal&v=4"
      }
    },
    {
      "@id": "https://de.wikipedia.org/wiki/Georg_Friedrich_%28Baden-Durlach%29",
      "collection": {
        "abbr": "dewiki",
        "name": "Wikipedia (Deutsch)",
        "publisher": "Wikimedia Foundation Inc.",
        "icon": "https://de.wikipedia.org/static/favicon/wikipedia.ico"
      }
    },
    {
      "@id": "https://en.wikipedia.org/wiki/George_Frederick%2C_Margrave_of_Baden-Durlach",
      "collection": {
        "abbr": "enwiki",
        "name": "Wikipedia (English)",
        "publisher": "Wikimedia Foundation Inc.",
        "icon": "https://en.wikipedia.org/static/favicon/wikipedia.ico"
      }
    },
    {
      "@id": "https://kalliope-verbund.info/gnd/11871693X",
      "collection": {
        "abbr": "DE-611",
        "name": "Kalliope Verbundkatalog",
        "publisher": "Staatsbibliothek zu Berlin - Preu\u00dfischer Kulturbesitz",
        "icon": "https://kalliope-verbund.info/img/favicon.ico"
      }
    },
    {
      "@id": "https://raa.gf-franken.de/de/suche-nach-stammbucheintraegen.html?permaLink=1597_rueber;18",
      "collection": {
        "abbr": "RAAE",
        "name": "Repertorium Alborum Amicorum (RAA) - Stammbucheintr\u00e4ge",
        "publisher": "Department Germanistik und Komparatistik der Friedrich-Alexander-Universit\u00e4t Erlangen-N\u00fcrnberg in Zusammenarbeit mit der Gesellschaft f\u00fcr Familienforschung in Franken",
        "icon": "https://www.gf-franken.de/favicon.ico"
      }
    },
    {
      "@id": "https://www.archivportal-d.de/person/gnd/11871693X",
      "collection": {
        "abbr": "ARCHIV-D",
        "name": "Archivportal-D",
        "publisher": "Deutsche Digitale Bibliothek",
        "icon": "https://www.archivportal-d.de/favicon.ico"
      }
    },
    {
      "@id": "https://www.deutsche-biographie.de/pnd11871693X.html#adbcontent",
      "collection": {
        "abbr": "ADB",
        "name": "Allgemeine Deutsche Biographie (ADB)",
        "publisher": "Historische Kommission bei der Bayerischen Akademie der Wissenschaften und Bayerische Staatsbibliothek",
        "icon": "https://www.deutsche-biographie.de/favicon.ico"
      }
    },
    {
      "@id": "https://www.deutsche-biographie.de/pnd11871693X.html#ndbcontent",
      "collection": {
        "abbr": "NDB",
        "name": "Neue Deutsche Biographie (NDB)",
        "publisher": "Historische Kommission bei der Bayerischen Akademie der Wissenschaften und Bayerische Staatsbibliothek",
        "icon": "https://www.deutsche-biographie.de/favicon.ico"
      }
    },
    {
      "@id": "https://www.deutsche-digitale-bibliothek.de/person/gnd/11871693X",
      "collection": {
        "abbr": "DDB",
        "name": "Deutsche Digitale Bibliothek",
        "publisher": "Deutsche Digitale Bibliothek",
        "icon": "https://www.deutsche-digitale-bibliothek.de/favicon.ico"
      }
    },
    {
      "@id": "https://www.portraitindex.de/dokumente/pnd/11871693X",
      "collection": {
        "abbr": "Portraitindex",
        "name": "Digitaler Portraitindex der druckgraphischen Bildnisse der Fru\u0308hen Neuzeit",
        "publisher": "Deutsches Dokumentationszentrum fu\u0308r Kunstgeschichte - Bildarchiv Foto Marburg",
        "icon": "https://www.portraitindex.de/favicon.ico"
      }
    },
    {
      "@id": "http://viaf.org/viaf/42632772",
      "collection": {
        "abbr": "VIAF",
        "name": "Virtual International Authority File (VIAF)",
        "publisher": "OCLC",
        "icon": "https://viaf.org/viaf/images/viaf.ico"
      }
    },
    {
      "@id": "http://www.wikidata.org/entity/Q65236",
      "collection": {
        "abbr": "WIKIDATA",
        "name": "Wikidata",
        "publisher": "Wikimedia Foundation Inc.",
        "icon": "https://www.wikidata.org/static/favicon/wikidata.ico"
      }
    },
    {
      "@id": "https://isni.org/isni/0000000010006415",
      "collection": {
        "abbr": "ISNI",
        "name": "International Standard Name Identifier (ISNI)",
        "publisher": "International Standard Name Identifier (ISNI)",
        "icon": "https://www.isni.org/sites/default/files/isni_new_favicon.ico"
      }
    }
  ]
}