{
  "@context": "http://hub.culturegraph.org/entityfacts/context/v1/entityfacts.jsonld",
  "@id": "https://d-nb.info/gnd/118709496",
  "describedBy": {
    "valid": "2026-04-28T10:29:42Z",
    "license": "https://creativecommons.org/publicdomain/zero/1.0/",
    "@id": "https://hub.culturegraph.org/entityfacts/118709496"
  },
  "preferredName": "Hedwig, Polen, Ko\u0308nigin",
  "surname": "Hedwig, Polen, Ko\u0308nigin",
  "@type": "person",
  "titleOfNobility": [
    "Ko\u0308nigin"
  ],
  "variantName": [
    "Jadwiga, Polen, Ko\u0308nigin",
    "Jadwiga Andegweriska",
    "Jadwiga Andegawen\u0301ska",
    "Jadwiga of Anjou",
    "Szent Hedvig, Ungarn, Ko\u0308nigin",
    "Jadviga Anz\u030cuvinska, Kroatien, Ko\u0308nigin",
    "Hedwig, von Anjou"
  ],
  "dateOfBirth": "October 3, 1373",
  "dateOfDeath": "July 17, 1399",
  "placeOfBirth": [
    {
      "@id": "https://d-nb.info/gnd/4137173-2",
      "preferredName": "Buda"
    }
  ],
  "placeOfDeath": [
    {
      "@id": "https://d-nb.info/gnd/4073760-3",
      "preferredName": "Krakau"
    }
  ],
  "associatedCountry": [
    {
      "@id": "https://d-nb.info/standards/vocab/gnd/geographic-area-code#XA-PL",
      "preferredName": "Polen"
    }
  ],
  "gender": {
    "@id": "https://d-nb.info/standards/vocab/gnd/gender#female",
    "label": "Frau"
  },
  "biographicalOrHistoricalInformation": "Poln. Ko\u0308nigin aus der Familie der Anjou; Ko\u0308nigin von Ungarn u. Kroatien; Heilige",
  "familialRelationship": [
    {
      "@id": "https://d-nb.info/gnd/118834681",
      "preferredName": "Anjou, Familie"
    },
    {
      "@id": "https://d-nb.info/gnd/119015757",
      "relationship": "Vater",
      "preferredName": "Ludwig I., Ungarn, Ko\u0308nig"
    },
    {
      "@id": "https://d-nb.info/gnd/119009927",
      "relationship": "Ehemann",
      "preferredName": "Jagie\u0142\u0142o, Polen, Ko\u0308nig"
    }
  ],
  "depiction": {
    "@id": "https://commons.wikimedia.org/wiki/Special:FilePath/Jadwiga%20by%20Bacciarelli.jpg",
    "publisher": "Wikimedia Commons",
    "copyrighted": "false",
    "creator": [
      "Marcello Bacciarelli"
    ],
    "creditText": [
      "Poczet kr\u00f3l\u00f3w polskich z Zamku Kr\u00f3lewskiego w Warszawie Marcelego Bacciarellego [1]"
    ],
    "license": [
      {
        "@id": "https://creativecommons.org/publicdomain/mark/1.0/",
        "abbr": "PD",
        "name": "Public Domain",
        "attributionRequired": "false",
        "restrictions": ""
      }
    ],
    "url": "https://commons.wikimedia.org/wiki/File:Jadwiga%20by%20Bacciarelli.jpg?uselang=en",
    "thumbnail": {
      "@id": "https://commons.wikimedia.org/wiki/Special:FilePath/Jadwiga%20by%20Bacciarelli.jpg?width=270"
    }
  },
  "sameAs": [
    {
      "@id": "https://d-nb.info/gnd/118709496/about",
      "collection": {
        "abbr": "DNB",
        "name": "Gemeinsame Normdatei (GND) im Katalog der Deutschen Nationalbibliothek",
        "publisher": "Deutsche Nationalbibliothek",
        "icon": "https://www.dnb.de/SiteGlobals/Frontend/DNBWeb/Images/favicon.png?__blob=normal&v=4"
      }
    },
    {
      "@id": "https://www.deutsche-digitale-bibliothek.de/person/gnd/118709496",
      "collection": {
        "abbr": "DDB",
        "name": "Deutsche Digitale Bibliothek",
        "publisher": "Deutsche Digitale Bibliothek",
        "icon": "https://www.deutsche-digitale-bibliothek.de/favicon.ico"
      }
    },
    {
      "@id": "https://www.herder-institut.de/bildkatalog/gnd/118709496",
      "collection": {
        "abbr": "ba-herder",
        "name": "Bildarchiv / Herder-Institut",
        "publisher": "Herder-Institut f\u00fcr historische Ostmitteleuropaforschung \u2013 Institut der Leibniz-Gemeinschaft",
        "icon": "https://www.herder-institut.de/themes/custom/herder-institut/images/favicons/favicon.ico"
      }
    },
    {
      "@id": "https://www.portraitindex.de/dokumente/pnd/118709496",
      "collection": {
        "abbr": "Portraitindex",
        "name": "Digitaler Portraitindex der druckgraphischen Bildnisse der Fru\u0308hen Neuzeit",
        "publisher": "Deutsches Dokumentationszentrum fu\u0308r Kunstgeschichte - Bildarchiv Foto Marburg",
        "icon": "https://www.portraitindex.de/favicon.ico"
      }
    },
    {
      "@id": "http://viaf.org/viaf/3570159477664627990005",
      "collection": {
        "abbr": "VIAF",
        "name": "Virtual International Authority File (VIAF)",
        "publisher": "OCLC",
        "icon": "https://viaf.org/viaf/images/viaf.ico"
      }
    },
    {
      "@id": "http://www.wikidata.org/entity/Q53449",
      "collection": {
        "abbr": "WIKIDATA",
        "name": "Wikidata",
        "publisher": "Wikimedia Foundation Inc.",
        "icon": "https://www.wikidata.org/static/favicon/wikidata.ico"
      }
    },
    {
      "@id": "https://isni.org/isni/0000000115851236",
      "collection": {
        "abbr": "ISNI",
        "name": "International Standard Name Identifier (ISNI)",
        "publisher": "International Standard Name Identifier (ISNI)",
        "icon": "https://www.isni.org/sites/default/files/isni_new_favicon.ico"
      }
    }
  ]
}