{
  "@context": "http://hub.culturegraph.org/entityfacts/context/v1/entityfacts.jsonld",
  "@id": "https://d-nb.info/gnd/118703188",
  "describedBy": {
    "valid": "2026-04-27T11:17:55Z",
    "license": "https://creativecommons.org/publicdomain/zero/1.0/",
    "@id": "https://hub.culturegraph.org/entityfacts/118703188"
  },
  "preferredName": "Friedrich II., Da\u0308nemark, Ko\u0308nig",
  "surname": "Friedrich II., Da\u0308nemark, Ko\u0308nig",
  "@type": "person",
  "variantName": [
    "Fre\u0301de\u0301ric II., Danemark, Roi",
    "Frederick II., Denmark, King",
    "Fredericus II., Dania et Norvegia, Rex",
    "Frederik II., Da\u0308nemark und Norwegen, Ko\u0308nig",
    "Frederik II., Da\u0308nemark, Ko\u0308nig",
    "Frederik II., Danmark og Norge, Konge",
    "Frederik II., Danmark, Konge",
    "Frederich II., Danmark, Konge",
    "Fridericus II., Dania et Norvegia, Rex",
    "Fridericus II., Dania, Rex",
    "Fridrich II., Dennenmarck, Ko\u0308nig",
    "Friedrich II., Da\u0308nemark und Norwegen, Ko\u0308nig",
    "Friedrich II., Schleswig-Holstein, Herzog",
    "Frederik, Danmark-Norge, Konge, II.",
    "Friedrich, Da\u0308nemark-Norwegen, Ko\u0308nig, II.",
    "Friedrich II., Ko\u0308nig von Da\u0308nemark",
    "Frederik II."
  ],
  "dateOfBirth": "July 1, 1534",
  "dateOfDeath": "April 4, 1588",
  "associatedCountry": [
    {
      "@id": "https://d-nb.info/standards/vocab/gnd/geographic-area-code#XA-DK",
      "preferredName": "D\u00e4nemark"
    }
  ],
  "gender": {
    "@id": "https://d-nb.info/standards/vocab/gnd/gender#male",
    "label": "Mann"
  },
  "biographicalOrHistoricalInformation": "regierte 1559-1588; Ko\u0308nig von Da\u0308nemark und Norwegen, Herzog von Schleswig und Holstein",
  "familialRelationship": [
    {
      "@id": "https://d-nb.info/gnd/119217120",
      "relationship": "Vater",
      "preferredName": "Christian III., Da\u0308nemark, Ko\u0308nig"
    },
    {
      "@id": "https://d-nb.info/gnd/124970826",
      "relationship": "Ehefrau ab 1572",
      "preferredName": "Sophie, Da\u0308nemark, Ko\u0308nigin"
    },
    {
      "@id": "https://d-nb.info/gnd/118676059",
      "relationship": "Sohn",
      "preferredName": "Christian IV., Da\u0308nemark, Ko\u0308nig"
    },
    {
      "@id": "https://d-nb.info/gnd/120844648",
      "relationship": "Tochter",
      "preferredName": "Anna, England, Ko\u0308nigin"
    },
    {
      "@id": "https://d-nb.info/gnd/115842047",
      "relationship": "Tochter",
      "preferredName": "Hedwig, Sachsen, Kurfu\u0308rstin"
    },
    {
      "@id": "https://d-nb.info/gnd/12112357X",
      "relationship": "Tochter",
      "preferredName": "Augusta, Schleswig-Holstein-Gottorf, Herzogin"
    },
    {
      "@id": "https://d-nb.info/gnd/101042515",
      "relationship": "Tochter",
      "preferredName": "Elisabeth, Braunschweig-Wolfenbu\u0308ttel, Herzogin"
    }
  ],
  "depiction": {
    "@id": "https://commons.wikimedia.org/wiki/Special:FilePath/1581%20Frederik%202..jpg",
    "publisher": "Wikimedia Commons",
    "copyrighted": "false",
    "creator": [
      "Hans Knieper"
    ],
    "creditText": [
      "https://dnm.dk/opslag/frederik-2/"
    ],
    "license": [
      {
        "@id": "https://creativecommons.org/publicdomain/mark/1.0/",
        "abbr": "PD",
        "name": "Public Domain",
        "attributionRequired": "false",
        "restrictions": ""
      }
    ],
    "url": "https://commons.wikimedia.org/wiki/File:1581%20Frederik%202..jpg?uselang=en",
    "thumbnail": {
      "@id": "https://commons.wikimedia.org/wiki/Special:FilePath/1581%20Frederik%202..jpg?width=270"
    }
  },
  "sameAs": [
    {
      "@id": "https://d-nb.info/gnd/118703188/about",
      "collection": {
        "abbr": "DNB",
        "name": "Gemeinsame Normdatei (GND) im Katalog der Deutschen Nationalbibliothek",
        "publisher": "Deutsche Nationalbibliothek",
        "icon": "https://www.dnb.de/SiteGlobals/Frontend/DNBWeb/Images/favicon.png?__blob=normal&v=4"
      }
    },
    {
      "@id": "http://catalogue.bnf.fr/ark:/12148/cb14599622k",
      "collection": {
        "abbr": "BNF",
        "name": "Bibliothe\u0300que nationale de France",
        "publisher": "Bibliothe\u0300que nationale de France",
        "icon": "https://www.bnf.fr/themes/custom/bnfsi/favicon.ico"
      }
    },
    {
      "@id": "https://de.wikipedia.org/wiki/Friedrich_II._%28D%C3%A4nemark_und_Norwegen%29",
      "collection": {
        "abbr": "dewiki",
        "name": "Wikipedia (Deutsch)",
        "publisher": "Wikimedia Foundation Inc.",
        "icon": "https://de.wikipedia.org/static/favicon/wikipedia.ico"
      }
    },
    {
      "@id": "https://en.wikipedia.org/wiki/Frederick_II_of_Denmark",
      "collection": {
        "abbr": "enwiki",
        "name": "Wikipedia (English)",
        "publisher": "Wikimedia Foundation Inc.",
        "icon": "https://en.wikipedia.org/static/favicon/wikipedia.ico"
      }
    },
    {
      "@id": "https://kaiserhof.geschichte.lmu.de/Q/GND=118703188",
      "collection": {
        "abbr": "KH",
        "name": "Kaiser und H\u00f6fe",
        "publisher": "Ludwig-Maximilians-Universit\u00e4t M\u00fcnchen - Historisches Seminar - Fr\u00fche Neuzeit",
        "icon": "https://kaiserhof.geschichte.lmu.de/favicon.ico"
      }
    },
    {
      "@id": "https://kalliope-verbund.info/gnd/118703188",
      "collection": {
        "abbr": "DE-611",
        "name": "Kalliope Verbundkatalog",
        "publisher": "Staatsbibliothek zu Berlin - Preu\u00dfischer Kulturbesitz",
        "icon": "https://kalliope-verbund.info/img/favicon.ico"
      }
    },
    {
      "@id": "https://www.archivportal-d.de/person/gnd/118703188",
      "collection": {
        "abbr": "ARCHIV-D",
        "name": "Archivportal-D",
        "publisher": "Deutsche Digitale Bibliothek",
        "icon": "https://www.archivportal-d.de/favicon.ico"
      }
    },
    {
      "@id": "https://www.deutsche-biographie.de/pnd118703188.html#ndbcontent",
      "collection": {
        "abbr": "NDB",
        "name": "Neue Deutsche Biographie (NDB)",
        "publisher": "Historische Kommission bei der Bayerischen Akademie der Wissenschaften und Bayerische Staatsbibliothek",
        "icon": "https://www.deutsche-biographie.de/favicon.ico"
      }
    },
    {
      "@id": "https://www.deutsche-digitale-bibliothek.de/person/gnd/118703188",
      "collection": {
        "abbr": "DDB",
        "name": "Deutsche Digitale Bibliothek",
        "publisher": "Deutsche Digitale Bibliothek",
        "icon": "https://www.deutsche-digitale-bibliothek.de/favicon.ico"
      }
    },
    {
      "@id": "https://www.portraitindex.de/dokumente/pnd/118703188",
      "collection": {
        "abbr": "Portraitindex",
        "name": "Digitaler Portraitindex der druckgraphischen Bildnisse der Fru\u0308hen Neuzeit",
        "publisher": "Deutsches Dokumentationszentrum fu\u0308r Kunstgeschichte - Bildarchiv Foto Marburg",
        "icon": "https://www.portraitindex.de/favicon.ico"
      }
    },
    {
      "@id": "http://id.loc.gov/rwo/agents/n88222644",
      "collection": {
        "abbr": "LC",
        "name": "NACO Authority File",
        "publisher": "Library of Congress",
        "icon": "https://www.loc.gov/favicon.ico"
      }
    },
    {
      "@id": "http://viaf.org/viaf/76289325",
      "collection": {
        "abbr": "VIAF",
        "name": "Virtual International Authority File (VIAF)",
        "publisher": "OCLC",
        "icon": "https://viaf.org/viaf/images/viaf.ico"
      }
    },
    {
      "@id": "http://www.wikidata.org/entity/Q154041",
      "collection": {
        "abbr": "WIKIDATA",
        "name": "Wikidata",
        "publisher": "Wikimedia Foundation Inc.",
        "icon": "https://www.wikidata.org/static/favicon/wikidata.ico"
      }
    },
    {
      "@id": "https://isni.org/isni/0000000061299035",
      "collection": {
        "abbr": "ISNI",
        "name": "International Standard Name Identifier (ISNI)",
        "publisher": "International Standard Name Identifier (ISNI)",
        "icon": "https://www.isni.org/sites/default/files/isni_new_favicon.ico"
      }
    }
  ]
}