{
  "@context": "http://hub.culturegraph.org/entityfacts/context/v1/entityfacts.jsonld",
  "@id": "https://d-nb.info/gnd/118694413",
  "describedBy": {
    "valid": "2026-04-26T19:17:39Z",
    "license": "https://creativecommons.org/publicdomain/zero/1.0/",
    "@id": "https://hub.culturegraph.org/entityfacts/118694413"
  },
  "preferredName": "Conrad Gessner",
  "surname": "Gessner",
  "forename": "Conrad",
  "@type": "person",
  "academicDegree": [
    "Prof."
  ],
  "variantName": [
    "Conradt Gessner",
    "Conradus Gessner",
    "Cunrat Gessner",
    "Konrad Gessner",
    "Thrasybulus Gessnerus",
    "Conrad Gesner",
    "Conradus Gesner",
    "Konrad Gesner",
    "Thrasybul Gesner",
    "Conradus Gesnerius",
    "Conrad Gesnerus",
    "Conradus Gesnerus",
    "Konrad Ge\u00dfner",
    "Cunradt Ga\u0308ssner",
    "Konrad Ga\u0308\u00dfner",
    "Philiatrus, Evonymus",
    "Philiater Evonymus",
    "Philiatrus Evonymus",
    "Philiatrus Euonymus",
    "Philiatros Euonymus",
    "Evonymus Philiatrus",
    "Evonymus Philiater",
    "Euonymus Philiater",
    "Euonymus Philiatrus",
    "Euonymus Philiater",
    "Conrad Bolovesus",
    "Conradus Bolovesus",
    "Konrad Bolovesus",
    "Conradus Bolovesus Fridemontanus",
    "Jacobus Carronus",
    "Jakob Carronus"
  ],
  "pseudonym": [
    {
      "preferredName": "Philiater Euonymus"
    },
    {
      "preferredName": "Conrado Boloveso"
    },
    {
      "preferredName": "Jacob Carronus"
    }
  ],
  "dateOfBirth": "March 16, 1516",
  "dateOfDeath": "December 13, 1565",
  "placeOfBirth": [
    {
      "@id": "https://d-nb.info/gnd/4068038-1",
      "preferredName": "Zu\u0308rich"
    }
  ],
  "placeOfDeath": [
    {
      "@id": "https://d-nb.info/gnd/4068038-1",
      "preferredName": "Zu\u0308rich"
    }
  ],
  "placeOfActivity": [
    {
      "@id": "https://d-nb.info/gnd/4068038-1",
      "preferredName": "Zu\u0308rich"
    }
  ],
  "associatedCountry": [
    {
      "@id": "https://d-nb.info/standards/vocab/gnd/geographic-area-code#XA-CH",
      "preferredName": "Schweiz"
    }
  ],
  "professionOrOccupation": [
    {
      "@id": "https://d-nb.info/gnd/4504156-8",
      "preferredName": "Polyhistor"
    },
    {
      "@id": "https://d-nb.info/gnd/4199241-6",
      "preferredName": "Klassischer Philologe"
    },
    {
      "@id": "https://d-nb.info/gnd/4041423-1",
      "preferredName": "Naturwissenschaftler"
    },
    {
      "@id": "https://d-nb.info/gnd/4045968-8",
      "preferredName": "Physiker"
    },
    {
      "@id": "https://d-nb.info/gnd/4003157-3",
      "preferredName": "Arzt"
    }
  ],
  "gender": {
    "@id": "https://d-nb.info/standards/vocab/gnd/gender#male",
    "label": "Mann"
  },
  "biographicalOrHistoricalInformation": "Schweizer Arzt, Naturforscher, Altphilologe, Humanist, Polyhistor und Enzyklopa\u0308dist",
  "relatedPerson": [
    {
      "relationship": "VD-16 Mitverf.",
      "preferredName": "Ambrosius Calepinus"
    },
    {
      "relationship": "VD-16 Mitverf.",
      "preferredName": "Jean Bauhin"
    },
    {
      "relationship": "VD-16 Mitverf.",
      "preferredName": "Gaspard Bauhin"
    },
    {
      "@id": "https://d-nb.info/gnd/119774518",
      "relationship": "VD-16 Mitverf.",
      "preferredName": "Hieronymus Niger"
    },
    {
      "@id": "https://d-nb.info/gnd/118732188",
      "relationship": "VD-16 Mitverf.",
      "preferredName": "Maximus, Confessor, Heiliger"
    },
    {
      "@id": "https://d-nb.info/gnd/11690240X",
      "relationship": "VD-16 Mitverf.",
      "preferredName": "Simon Gryna\u0308us"
    },
    {
      "@id": "https://d-nb.info/gnd/11962558X",
      "relationship": "VD-16 Mitverf.",
      "preferredName": "Bartolomeo Bolognini"
    },
    {
      "relationship": "VD-16 Mitverf.",
      "preferredName": "Benedikt Marty"
    },
    {
      "@id": "https://d-nb.info/gnd/124960812",
      "relationship": "VD-16 Mitverf.",
      "preferredName": "Jodocus Willich"
    },
    {
      "relationship": "VD-16 Mitverf.",
      "preferredName": "Dio Chrysostomos"
    }
  ],
  "depiction": {
    "@id": "https://commons.wikimedia.org/wiki/Special:FilePath/Conrad%20Gesner%20by%20Tobias%20Stimmer2.jpg",
    "publisher": "Wikimedia Commons",
    "copyrighted": "false",
    "creator": [
      "Tobias Stimmer"
    ],
    "creditText": [
      "[1] [2] (merged two versions)"
    ],
    "license": [
      {
        "@id": "https://creativecommons.org/publicdomain/mark/1.0/",
        "abbr": "PD",
        "name": "Public Domain",
        "attributionRequired": "false",
        "restrictions": ""
      }
    ],
    "url": "https://commons.wikimedia.org/wiki/File:Conrad%20Gesner%20by%20Tobias%20Stimmer2.jpg?uselang=en",
    "thumbnail": {
      "@id": "https://commons.wikimedia.org/wiki/Special:FilePath/Conrad%20Gesner%20by%20Tobias%20Stimmer2.jpg?width=270"
    }
  },
  "sameAs": [
    {
      "@id": "https://d-nb.info/gnd/118694413/about",
      "collection": {
        "abbr": "DNB",
        "name": "Gemeinsame Normdatei (GND) im Katalog der Deutschen Nationalbibliothek",
        "publisher": "Deutsche Nationalbibliothek",
        "icon": "https://www.dnb.de/SiteGlobals/Frontend/DNBWeb/Images/favicon.png?__blob=normal&v=4"
      }
    },
    {
      "@id": "http://catalogue.bnf.fr/ark:/12148/cb11904766p",
      "collection": {
        "abbr": "BNF",
        "name": "Bibliothe\u0300que nationale de France",
        "publisher": "Bibliothe\u0300que nationale de France",
        "icon": "https://www.bnf.fr/themes/custom/bnfsi/favicon.ico"
      }
    },
    {
      "@id": "http://www.hls-dhs-dss.ch/textes/d/D14376.php",
      "collection": {
        "abbr": "CH_HLS",
        "name": "Historisches Lexikon der Schweiz (HLS)",
        "publisher": "Historisches Lexikon der Schweiz (HLS)",
        "icon": "https://www.hls-dhs-dss.ch/favicon.ico"
      }
    },
    {
      "@id": "https://de.wikipedia.org/wiki/Conrad_Gessner",
      "collection": {
        "abbr": "dewiki",
        "name": "Wikipedia (Deutsch)",
        "publisher": "Wikimedia Foundation Inc.",
        "icon": "https://de.wikipedia.org/static/favicon/wikipedia.ico"
      }
    },
    {
      "@id": "https://en.wikipedia.org/wiki/Conrad_Gessner",
      "collection": {
        "abbr": "enwiki",
        "name": "Wikipedia (English)",
        "publisher": "Wikimedia Foundation Inc.",
        "icon": "https://en.wikipedia.org/static/favicon/wikipedia.ico"
      }
    },
    {
      "@id": "https://kalliope-verbund.info/gnd/118694413",
      "collection": {
        "abbr": "DE-611",
        "name": "Kalliope Verbundkatalog",
        "publisher": "Staatsbibliothek zu Berlin - Preu\u00dfischer Kulturbesitz",
        "icon": "https://kalliope-verbund.info/img/favicon.ico"
      }
    },
    {
      "@id": "https://raa.gf-franken.de/de/suche-nach-stammbuechern.html?permaLink=1555_gesner",
      "collection": {
        "abbr": "RAAS",
        "name": "Repertorium Alborum Amicorum (RAA) - Stammb\u00fccher",
        "publisher": "Department Germanistik und Komparatistik der Friedrich-Alexander-Universit\u00e4t Erlangen-N\u00fcrnberg in Zusammenarbeit mit der Gesellschaft f\u00fcr Familienforschung in Franken",
        "icon": "https://www.gf-franken.de/favicon.ico"
      }
    },
    {
      "@id": "https://www.archivportal-d.de/person/gnd/118694413",
      "collection": {
        "abbr": "ARCHIV-D",
        "name": "Archivportal-D",
        "publisher": "Deutsche Digitale Bibliothek",
        "icon": "https://www.archivportal-d.de/favicon.ico"
      }
    },
    {
      "@id": "https://www.deutsche-biographie.de/pnd118694413.html#adbcontent",
      "collection": {
        "abbr": "ADB",
        "name": "Allgemeine Deutsche Biographie (ADB)",
        "publisher": "Historische Kommission bei der Bayerischen Akademie der Wissenschaften und Bayerische Staatsbibliothek",
        "icon": "https://www.deutsche-biographie.de/favicon.ico"
      }
    },
    {
      "@id": "https://www.deutsche-biographie.de/pnd118694413.html#ndbcontent",
      "collection": {
        "abbr": "NDB",
        "name": "Neue Deutsche Biographie (NDB)",
        "publisher": "Historische Kommission bei der Bayerischen Akademie der Wissenschaften und Bayerische Staatsbibliothek",
        "icon": "https://www.deutsche-biographie.de/favicon.ico"
      }
    },
    {
      "@id": "https://www.deutsche-digitale-bibliothek.de/person/gnd/118694413",
      "collection": {
        "abbr": "DDB",
        "name": "Deutsche Digitale Bibliothek",
        "publisher": "Deutsche Digitale Bibliothek",
        "icon": "https://www.deutsche-digitale-bibliothek.de/favicon.ico"
      }
    },
    {
      "@id": "https://www.portraitindex.de/dokumente/pnd/118694413",
      "collection": {
        "abbr": "Portraitindex",
        "name": "Digitaler Portraitindex der druckgraphischen Bildnisse der Fru\u0308hen Neuzeit",
        "publisher": "Deutsches Dokumentationszentrum fu\u0308r Kunstgeschichte - Bildarchiv Foto Marburg",
        "icon": "https://www.portraitindex.de/favicon.ico"
      }
    },
    {
      "@id": "http://id.loc.gov/rwo/agents/n50016525",
      "collection": {
        "abbr": "LC",
        "name": "NACO Authority File",
        "publisher": "Library of Congress",
        "icon": "https://www.loc.gov/favicon.ico"
      }
    },
    {
      "@id": "http://viaf.org/viaf/49226033",
      "collection": {
        "abbr": "VIAF",
        "name": "Virtual International Authority File (VIAF)",
        "publisher": "OCLC",
        "icon": "https://viaf.org/viaf/images/viaf.ico"
      }
    },
    {
      "@id": "http://www.wikidata.org/entity/Q60116",
      "collection": {
        "abbr": "WIKIDATA",
        "name": "Wikidata",
        "publisher": "Wikimedia Foundation Inc.",
        "icon": "https://www.wikidata.org/static/favicon/wikidata.ico"
      }
    },
    {
      "@id": "https://isni.org/isni/0000000121318163",
      "collection": {
        "abbr": "ISNI",
        "name": "International Standard Name Identifier (ISNI)",
        "publisher": "International Standard Name Identifier (ISNI)",
        "icon": "https://www.isni.org/sites/default/files/isni_new_favicon.ico"
      }
    }
  ]
}