{
  "@context": "http://hub.culturegraph.org/entityfacts/context/v1/entityfacts.jsonld",
  "@id": "https://d-nb.info/gnd/118690299",
  "describedBy": {
    "valid": "2026-04-29T02:15:25Z",
    "license": "https://creativecommons.org/publicdomain/zero/1.0/",
    "@id": "https://hub.culturegraph.org/entityfacts/118690299"
  },
  "preferredName": "Lucas Geizkofler",
  "surname": "Geizkofler",
  "forename": "Lucas",
  "@type": "person",
  "academicDegree": [
    "Dr. jur. utr."
  ],
  "variantName": [
    "Lukas Geizkofler",
    "Lucas Geitzkofler",
    "Lucas Geizkoflerus",
    "Lukas Geizkofler von Reiffenegg",
    "Lukas Geizkofler von Reiffenegg",
    "Lukas Geizkofler von Reiffenegg"
  ],
  "dateOfBirth": "March 18, 1550",
  "dateOfDeath": "July 7, 1620",
  "placeOfBirth": [
    {
      "@id": "https://d-nb.info/gnd/4057382-5",
      "preferredName": "Sterzing"
    }
  ],
  "placeOfDeath": [
    {
      "@id": "https://d-nb.info/gnd/4003614-5",
      "preferredName": "Augsburg"
    }
  ],
  "placeOfActivity": [
    {
      "@id": "https://d-nb.info/gnd/4057878-1",
      "preferredName": "Stra\u00dfburg"
    },
    {
      "@id": "https://d-nb.info/gnd/4044660-8",
      "preferredName": "Paris"
    },
    {
      "@id": "https://d-nb.info/gnd/4226788-2",
      "preferredName": "Dole"
    },
    {
      "@id": "https://d-nb.info/gnd/4003614-5",
      "preferredName": "Augsburg"
    }
  ],
  "associatedCountry": [
    {
      "@id": "https://d-nb.info/standards/vocab/gnd/geographic-area-code#XA-IT",
      "preferredName": "Italien"
    },
    {
      "@id": "https://d-nb.info/standards/vocab/gnd/geographic-area-code#XA-FR",
      "preferredName": "Frankreich"
    },
    {
      "@id": "https://d-nb.info/standards/vocab/gnd/geographic-area-code#XA-DE",
      "preferredName": "Deutschland"
    }
  ],
  "professionOrOccupation": [
    {
      "@id": "https://d-nb.info/gnd/4029050-5",
      "preferredName": "Jurist"
    },
    {
      "@id": "https://d-nb.info/gnd/4048755-6",
      "preferredName": "Rechtsanwalt"
    }
  ],
  "gender": {
    "@id": "https://d-nb.info/standards/vocab/gnd/gender#male",
    "label": "Mann"
  },
  "biographicalOrHistoricalInformation": "Protestant, 1572 Augenzeuge der \u00bbBartholoma\u0308usnacht\u00ab in Paris; ab 1578 Rat und Anwalt der Fugger in Augsburg",
  "relatedPerson": [
    {
      "@id": "https://d-nb.info/gnd/11853677X",
      "preferredName": "Fugger, Familie : 14. Jh.-: Augsburg"
    }
  ],
  "sameAs": [
    {
      "@id": "https://d-nb.info/gnd/118690299/about",
      "collection": {
        "abbr": "DNB",
        "name": "Gemeinsame Normdatei (GND) im Katalog der Deutschen Nationalbibliothek",
        "publisher": "Deutsche Nationalbibliothek",
        "icon": "https://www.dnb.de/SiteGlobals/Frontend/DNBWeb/Images/favicon.png?__blob=normal&v=4"
      }
    },
    {
      "@id": "https://kaiserhof.geschichte.lmu.de/Q/GND=118690299",
      "collection": {
        "abbr": "KH",
        "name": "Kaiser und H\u00f6fe",
        "publisher": "Ludwig-Maximilians-Universit\u00e4t M\u00fcnchen - Historisches Seminar - Fr\u00fche Neuzeit",
        "icon": "https://kaiserhof.geschichte.lmu.de/favicon.ico"
      }
    },
    {
      "@id": "https://kalliope-verbund.info/gnd/118690299",
      "collection": {
        "abbr": "DE-611",
        "name": "Kalliope Verbundkatalog",
        "publisher": "Staatsbibliothek zu Berlin - Preu\u00dfischer Kulturbesitz",
        "icon": "https://kalliope-verbund.info/img/favicon.ico"
      }
    },
    {
      "@id": "https://www.archivportal-d.de/person/gnd/118690299",
      "collection": {
        "abbr": "ARCHIV-D",
        "name": "Archivportal-D",
        "publisher": "Deutsche Digitale Bibliothek",
        "icon": "https://www.archivportal-d.de/favicon.ico"
      }
    },
    {
      "@id": "https://www.deutsche-biographie.de/pnd118690299.html#adbcontent",
      "collection": {
        "abbr": "ADB",
        "name": "Allgemeine Deutsche Biographie (ADB)",
        "publisher": "Historische Kommission bei der Bayerischen Akademie der Wissenschaften und Bayerische Staatsbibliothek",
        "icon": "https://www.deutsche-biographie.de/favicon.ico"
      }
    },
    {
      "@id": "https://www.deutsche-digitale-bibliothek.de/person/gnd/118690299",
      "collection": {
        "abbr": "DDB",
        "name": "Deutsche Digitale Bibliothek",
        "publisher": "Deutsche Digitale Bibliothek",
        "icon": "https://www.deutsche-digitale-bibliothek.de/favicon.ico"
      }
    },
    {
      "@id": "http://id.loc.gov/rwo/agents/no2023021439",
      "collection": {
        "abbr": "LC",
        "name": "NACO Authority File",
        "publisher": "Library of Congress",
        "icon": "https://www.loc.gov/favicon.ico"
      }
    },
    {
      "@id": "http://viaf.org/viaf/806556",
      "collection": {
        "abbr": "VIAF",
        "name": "Virtual International Authority File (VIAF)",
        "publisher": "OCLC",
        "icon": "https://viaf.org/viaf/images/viaf.ico"
      }
    },
    {
      "@id": "http://www.wikidata.org/entity/Q55124256",
      "collection": {
        "abbr": "WIKIDATA",
        "name": "Wikidata",
        "publisher": "Wikimedia Foundation Inc.",
        "icon": "https://www.wikidata.org/static/favicon/wikidata.ico"
      }
    },
    {
      "@id": "https://isni.org/isni/0000000020108458",
      "collection": {
        "abbr": "ISNI",
        "name": "International Standard Name Identifier (ISNI)",
        "publisher": "International Standard Name Identifier (ISNI)",
        "icon": "https://www.isni.org/sites/default/files/isni_new_favicon.ico"
      }
    }
  ]
}