{
  "@context": "http://hub.culturegraph.org/entityfacts/context/v1/entityfacts.jsonld",
  "@id": "https://d-nb.info/gnd/118685066",
  "describedBy": {
    "valid": "2026-04-27T06:36:22Z",
    "license": "https://creativecommons.org/publicdomain/zero/1.0/",
    "@id": "https://hub.culturegraph.org/entityfacts/118685066"
  },
  "preferredName": "Thomas Erastus",
  "surname": "Erastus",
  "forename": "Thomas",
  "@type": "person",
  "variantName": [
    "Thomas Liebler",
    "Thomas Lu\u0308ber",
    "Thomas Lu\u0308bler",
    "Thomas Erast",
    "Thomas Luberus",
    "Thomas Lu\u0308ber"
  ],
  "realIdentity": [
    {
      "preferredName": "Thomas Lieber"
    }
  ],
  "dateOfBirth": "September 7, 1524",
  "dateOfDeath": "December 31, 1583",
  "placeOfBirth": [
    {
      "@id": "https://d-nb.info/gnd/4004164-5",
      "preferredName": "Baden (Aargau)"
    }
  ],
  "placeOfDeath": [
    {
      "@id": "https://d-nb.info/gnd/4004617-5",
      "preferredName": "Basel"
    }
  ],
  "placeOfActivity": [
    {
      "@id": "https://d-nb.info/gnd/4023996-2",
      "preferredName": "Heidelberg"
    },
    {
      "@id": "https://d-nb.info/gnd/4004617-5",
      "preferredName": "Basel"
    }
  ],
  "associatedCountry": [
    {
      "@id": "https://d-nb.info/standards/vocab/gnd/geographic-area-code#XA-DE",
      "preferredName": "Deutschland"
    },
    {
      "@id": "https://d-nb.info/standards/vocab/gnd/geographic-area-code#XA-CH",
      "preferredName": "Schweiz"
    }
  ],
  "professionOrOccupation": [
    {
      "@id": "https://d-nb.info/gnd/4003157-3",
      "preferredName": "Arzt"
    },
    {
      "@id": "https://d-nb.info/gnd/4160777-6",
      "preferredName": "Humanist"
    },
    {
      "@id": "https://d-nb.info/gnd/4025243-7",
      "preferredName": "Hochschullehrer"
    },
    {
      "preferredName": "Prof.med."
    },
    {
      "preferredName": "Leibarzt d. Kurfu\u0308rsten v. d. Pfalz"
    }
  ],
  "gender": {
    "@id": "https://d-nb.info/standards/vocab/gnd/gender#male",
    "label": "Mann"
  },
  "biographicalOrHistoricalInformation": "Humanist, Mediziner, reform. Theologe; Studium in Basel (1542 imm.) und Bologna, 1555-1558 Leibarzt des Grafen von Henneberg; ab 1558 Prof. med. an der Univ. Heidelberg und Kirchenrat; ab 1580 Professor in Basel, 1581 Aggregatus im Collegium medicorum und Consiliarius, 1582 auch Dekan der Med. Fakulta\u0308t, 1583 ordentlicher Professor fu\u0308r Ethik",
  "affiliation": [
    {
      "@id": "https://d-nb.info/gnd/2024349-2",
      "preferredName": "Universita\u0308t Heidelberg"
    }
  ],
  "relatedPerson": [
    {
      "@id": "https://d-nb.info/gnd/119818221",
      "relationship": "VD-16 Mitverf.",
      "preferredName": "Michael Schenck"
    },
    {
      "@id": "https://d-nb.info/gnd/12425831X",
      "relationship": "VD-16 Mitverf.",
      "preferredName": "Lazarus Mayenschein"
    },
    {
      "relationship": "VD-16 Mitverf.",
      "preferredName": "Johannes Beat Hummel"
    },
    {
      "@id": "https://d-nb.info/gnd/119634899",
      "relationship": "VD-16 Mitverf.",
      "preferredName": "Sebastian Caesar"
    },
    {
      "@id": "https://d-nb.info/gnd/136808786",
      "relationship": "VD-16 Mitverf.",
      "preferredName": "Siegmund Melanchthon"
    },
    {
      "@id": "https://d-nb.info/gnd/119661845",
      "relationship": "VD-16 Mitverf.",
      "preferredName": "Jeremias Eisenmenger"
    },
    {
      "@id": "https://d-nb.info/gnd/119853434",
      "relationship": "VD-16 Mitverf.",
      "preferredName": "Peter Turner"
    },
    {
      "@id": "https://d-nb.info/gnd/121887014",
      "relationship": "VD-16 Mitverf.",
      "preferredName": "Jakob Seidel"
    },
    {
      "@id": "https://d-nb.info/gnd/12310260X",
      "relationship": "VD-16 Mitverf.",
      "preferredName": "Anders Christensen"
    },
    {
      "@id": "https://d-nb.info/gnd/104362855",
      "relationship": "VD-16 Mitverf.",
      "preferredName": "Daniel Obrecht"
    }
  ],
  "depiction": {
    "@id": "https://commons.wikimedia.org/wiki/Special:FilePath/Bildnis%20des%20Thomas%20Erastus.jpg",
    "publisher": "Wikimedia Commons",
    "copyrighted": "true",
    "creator": [
      "Tobias Stimmer (?)"
    ],
    "creditText": [
      "http://sammlungonline.kunstmuseumbasel.ch/eMuseumPlus?service=ExternalInterface&amp;module=collection&amp;objectId=1075&amp;viewType=detailView"
    ],
    "license": [
      {
        "@id": "http://creativecommons.org/publicdomain/zero/1.0/deed.en",
        "abbr": "CC0",
        "name": "Creative Commons Zero, Public Domain Dedication",
        "attributionRequired": "false",
        "restrictions": ""
      }
    ],
    "url": "https://commons.wikimedia.org/wiki/File:Bildnis%20des%20Thomas%20Erastus.jpg?uselang=en",
    "thumbnail": {
      "@id": "https://commons.wikimedia.org/wiki/Special:FilePath/Bildnis%20des%20Thomas%20Erastus.jpg?width=270"
    }
  },
  "sameAs": [
    {
      "@id": "https://d-nb.info/gnd/118685066/about",
      "collection": {
        "abbr": "DNB",
        "name": "Gemeinsame Normdatei (GND) im Katalog der Deutschen Nationalbibliothek",
        "publisher": "Deutsche Nationalbibliothek",
        "icon": "https://www.dnb.de/SiteGlobals/Frontend/DNBWeb/Images/favicon.png?__blob=normal&v=4"
      }
    },
    {
      "@id": "http://catalogue.bnf.fr/ark:/12148/cb12234488q",
      "collection": {
        "abbr": "BNF",
        "name": "Bibliothe\u0300que nationale de France",
        "publisher": "Bibliothe\u0300que nationale de France",
        "icon": "https://www.bnf.fr/themes/custom/bnfsi/favicon.ico"
      }
    },
    {
      "@id": "http://www.hls-dhs-dss.ch/textes/d/D25282.php",
      "collection": {
        "abbr": "CH_HLS",
        "name": "Historisches Lexikon der Schweiz (HLS)",
        "publisher": "Historisches Lexikon der Schweiz (HLS)",
        "icon": "https://www.hls-dhs-dss.ch/favicon.ico"
      }
    },
    {
      "@id": "https://de.wikipedia.org/wiki/Thomas_Erastus",
      "collection": {
        "abbr": "dewiki",
        "name": "Wikipedia (Deutsch)",
        "publisher": "Wikimedia Foundation Inc.",
        "icon": "https://de.wikipedia.org/static/favicon/wikipedia.ico"
      }
    },
    {
      "@id": "https://en.wikipedia.org/wiki/Thomas_Erastus",
      "collection": {
        "abbr": "enwiki",
        "name": "Wikipedia (English)",
        "publisher": "Wikimedia Foundation Inc.",
        "icon": "https://en.wikipedia.org/static/favicon/wikipedia.ico"
      }
    },
    {
      "@id": "https://kalliope-verbund.info/gnd/118685066",
      "collection": {
        "abbr": "DE-611",
        "name": "Kalliope Verbundkatalog",
        "publisher": "Staatsbibliothek zu Berlin - Preu\u00dfischer Kulturbesitz",
        "icon": "https://kalliope-verbund.info/img/favicon.ico"
      }
    },
    {
      "@id": "https://raa.gf-franken.de/de/suche-nach-stammbucheintraegen.html?permaLink=1578_amman;173",
      "collection": {
        "abbr": "RAAE",
        "name": "Repertorium Alborum Amicorum (RAA) - Stammbucheintr\u00e4ge",
        "publisher": "Department Germanistik und Komparatistik der Friedrich-Alexander-Universit\u00e4t Erlangen-N\u00fcrnberg in Zusammenarbeit mit der Gesellschaft f\u00fcr Familienforschung in Franken",
        "icon": "https://www.gf-franken.de/favicon.ico"
      }
    },
    {
      "@id": "https://raa.gf-franken.de/de/suche-nach-stammbucheintraegen.html?permaLink=1580_nn_ott;7",
      "collection": {
        "abbr": "RAAE",
        "name": "Repertorium Alborum Amicorum (RAA) - Stammbucheintr\u00e4ge",
        "publisher": "Department Germanistik und Komparatistik der Friedrich-Alexander-Universit\u00e4t Erlangen-N\u00fcrnberg in Zusammenarbeit mit der Gesellschaft f\u00fcr Familienforschung in Franken",
        "icon": "https://www.gf-franken.de/favicon.ico"
      }
    },
    {
      "@id": "https://www.deutsche-biographie.de/pnd118685066.html#adbcontent",
      "collection": {
        "abbr": "ADB",
        "name": "Allgemeine Deutsche Biographie (ADB)",
        "publisher": "Historische Kommission bei der Bayerischen Akademie der Wissenschaften und Bayerische Staatsbibliothek",
        "icon": "https://www.deutsche-biographie.de/favicon.ico"
      }
    },
    {
      "@id": "https://www.deutsche-biographie.de/pnd118685066.html#ndbcontent",
      "collection": {
        "abbr": "NDB",
        "name": "Neue Deutsche Biographie (NDB)",
        "publisher": "Historische Kommission bei der Bayerischen Akademie der Wissenschaften und Bayerische Staatsbibliothek",
        "icon": "https://www.deutsche-biographie.de/favicon.ico"
      }
    },
    {
      "@id": "https://www.deutsche-digitale-bibliothek.de/person/gnd/118685066",
      "collection": {
        "abbr": "DDB",
        "name": "Deutsche Digitale Bibliothek",
        "publisher": "Deutsche Digitale Bibliothek",
        "icon": "https://www.deutsche-digitale-bibliothek.de/favicon.ico"
      }
    },
    {
      "@id": "https://www.portraitindex.de/dokumente/pnd/118685066",
      "collection": {
        "abbr": "Portraitindex",
        "name": "Digitaler Portraitindex der druckgraphischen Bildnisse der Fru\u0308hen Neuzeit",
        "publisher": "Deutsches Dokumentationszentrum fu\u0308r Kunstgeschichte - Bildarchiv Foto Marburg",
        "icon": "https://www.portraitindex.de/favicon.ico"
      }
    },
    {
      "@id": "http://id.loc.gov/rwo/agents/n85144309",
      "collection": {
        "abbr": "LC",
        "name": "NACO Authority File",
        "publisher": "Library of Congress",
        "icon": "https://www.loc.gov/favicon.ico"
      }
    },
    {
      "@id": "http://viaf.org/viaf/36971358",
      "collection": {
        "abbr": "VIAF",
        "name": "Virtual International Authority File (VIAF)",
        "publisher": "OCLC",
        "icon": "https://viaf.org/viaf/images/viaf.ico"
      }
    },
    {
      "@id": "http://www.wikidata.org/entity/Q123417",
      "collection": {
        "abbr": "WIKIDATA",
        "name": "Wikidata",
        "publisher": "Wikimedia Foundation Inc.",
        "icon": "https://www.wikidata.org/static/favicon/wikidata.ico"
      }
    },
    {
      "@id": "https://isni.org/isni/0000000110249123",
      "collection": {
        "abbr": "ISNI",
        "name": "International Standard Name Identifier (ISNI)",
        "publisher": "International Standard Name Identifier (ISNI)",
        "icon": "https://www.isni.org/sites/default/files/isni_new_favicon.ico"
      }
    }
  ]
}