{
  "@context": "http://hub.culturegraph.org/entityfacts/context/v1/entityfacts.jsonld",
  "@id": "https://d-nb.info/gnd/118662864",
  "describedBy": {
    "valid": "2026-04-26T19:42:07Z",
    "license": "https://creativecommons.org/publicdomain/zero/1.0/",
    "@id": "https://hub.culturegraph.org/entityfacts/118662864"
  },
  "preferredName": "The\u0301odore de Be\u0300ze",
  "surname": "Be\u0300ze",
  "prefix": "de",
  "forename": "The\u0301odore",
  "@type": "person",
  "variantName": [
    "The\u0301odore Besze",
    "... de Beze",
    "Theodorus Bezam",
    "Theodore Beza",
    "Theodoro Beza",
    "The\u0301odore Be\u0300ze",
    "Theodore de Besze",
    "Theodorus von Beza",
    "Theodorus de Beze",
    "Theodorus B. Vezelius",
    "The\u0301odore de Beza",
    "The\u0301odore Debesze",
    "Theodor von Besse",
    "T. B.",
    "Th. B.",
    "The\u0301odore de Be\u0300ze",
    "Theodorus Beza Vezelius",
    "The\u0301odore de Besse",
    "Benedict Passavant",
    "The\u0301odore de Besze",
    "Theodorus Beza",
    "The\u0301odore, de Be\u0300ze",
    "Theodorus Beza Vezellius",
    "Theodor Beza",
    "The\u0301odore de Beze"
  ],
  "pseudonym": [
    {
      "preferredName": "Thrasibule Phenice"
    },
    {
      "preferredName": "Benedictus Passavantius"
    },
    {
      "preferredName": "Eusebius Philadelphus"
    },
    {
      "preferredName": "Eusebius, Philadelphus"
    },
    {
      "preferredName": "Challonay"
    },
    {
      "@id": "https://d-nb.info/gnd/1271452472",
      "preferredName": "Nathanael Nesekius"
    }
  ],
  "dateOfBirth": "June 24, 1519",
  "dateOfDeath": "October 13, 1605",
  "placeOfBirth": [
    {
      "@id": "https://d-nb.info/gnd/4063430-9",
      "preferredName": "Ve\u0301zelay"
    }
  ],
  "placeOfDeath": [
    {
      "@id": "https://d-nb.info/gnd/4020137-5",
      "preferredName": "Genf"
    }
  ],
  "placeOfActivity": [
    {
      "@id": "https://d-nb.info/gnd/4020137-5",
      "preferredName": "Genf"
    }
  ],
  "associatedCountry": [
    {
      "@id": "https://d-nb.info/standards/vocab/gnd/geographic-area-code#XA-FR",
      "preferredName": "Frankreich"
    },
    {
      "@id": "https://d-nb.info/standards/vocab/gnd/geographic-area-code#XA-CH",
      "preferredName": "Schweiz"
    }
  ],
  "professionOrOccupation": [
    {
      "@id": "https://d-nb.info/gnd/4059756-8",
      "preferredName": "Theologe"
    },
    {
      "@id": "https://d-nb.info/gnd/4177347-0",
      "preferredName": "Reformator"
    },
    {
      "@id": "https://d-nb.info/gnd/4132592-8",
      "preferredName": "Pfarrer"
    },
    {
      "@id": "https://d-nb.info/gnd/4025243-7",
      "preferredName": "Hochschullehrer"
    },
    {
      "@id": "https://d-nb.info/gnd/4158589-6",
      "preferredName": "Gymnasiallehrer"
    },
    {
      "@id": "https://d-nb.info/gnd/4163940-6",
      "preferredName": "Kirchenvorstand"
    }
  ],
  "gender": {
    "@id": "https://d-nb.info/standards/vocab/gnd/gender#male",
    "label": "Mann"
  },
  "biographicalOrHistoricalInformation": "Reformierter Theologe; Jurastudium in Orleans, Lic. iuris (1537); 1548 Konversion zur reformierten Kirche; Lehrer fu\u0308r Griechisch in Lausanne (ca. 1550-1558); Pfarrer (1558-1600) und Prof. theol. (-1598) in Genf; Rektor am Genfer Gymnasium; Feldprediger in den Hugenottenkriegen; nach dem Tod Calvins (1564) Vorsitzender des Konsistoriums; Genfer Reformatorund Hauptpastor ; bis 1580, Pra\u0308sident der \"Companie des Ministers et Professerus\"",
  "relatedPerson": [
    {
      "relationship": "VD-16 Mitverf.",
      "preferredName": "Ulrich Zwingli, der A\u0308ltere"
    },
    {
      "relationship": "VD-16 Mitverf.",
      "preferredName": "Abraham Bucholzer"
    },
    {
      "relationship": "VD-16 Mitverf.",
      "preferredName": "Peder Hegelund"
    },
    {
      "@id": "https://d-nb.info/gnd/119814951",
      "relationship": "VD-16 Mitverf.",
      "preferredName": "Jean Antoine Sarazin"
    },
    {
      "relationship": "VD-16 Mitverf.",
      "preferredName": "Philipp Melanchthon"
    },
    {
      "relationship": "VD-16 Mitverf.",
      "preferredName": "Johannes Brenz, der A\u0308ltere"
    },
    {
      "@id": "https://d-nb.info/gnd/116960469",
      "relationship": "VD-16 Mitverf.",
      "preferredName": "Wilhelm Holder"
    },
    {
      "@id": "https://d-nb.info/gnd/11960616X",
      "relationship": "VD-16 Mitverf.",
      "preferredName": "Valentin Ampelander"
    },
    {
      "@id": "https://d-nb.info/gnd/129833037",
      "relationship": "VD-16 Mitverf.",
      "preferredName": "Laurence Humphrey"
    },
    {
      "relationship": "VD-16 Mitverf.",
      "preferredName": "Emanuele Tremellio"
    },
    {
      "@id": "https://d-nb.info/gnd/119006464",
      "relationship": "VD-16 Mitverf.",
      "preferredName": "Johannes Posthius"
    },
    {
      "relationship": "VD-16 Mitverf.",
      "preferredName": "Isaak Memmius"
    },
    {
      "relationship": "VD-16 Mitverf.",
      "preferredName": "Michaeas Ubiser"
    },
    {
      "relationship": "Schwandorf; VD-16 Mitverf.",
      "preferredName": "Johannes O\u0308rtel"
    },
    {
      "@id": "https://d-nb.info/gnd/11966822X",
      "relationship": "VD-16 Mitverf.",
      "preferredName": "Paul Fabricius"
    },
    {
      "relationship": "VD-16 Mitverf.",
      "preferredName": "Martin Brasch, der Ju\u0308ngere"
    },
    {
      "@id": "https://d-nb.info/gnd/119756110",
      "relationship": "VD-16 Mitverf.",
      "preferredName": "Johannes Maudaeus"
    },
    {
      "@id": "https://d-nb.info/gnd/124650074",
      "relationship": "VD-16 Mitverf.",
      "preferredName": "Jean Passerat"
    },
    {
      "@id": "https://d-nb.info/gnd/131562738",
      "relationship": "VD-16 Mitverf.",
      "preferredName": "Daniel Hermann"
    },
    {
      "@id": "https://d-nb.info/gnd/119646528",
      "relationship": "VD-16 Mitverf.",
      "preferredName": "Elias Corvinus"
    },
    {
      "relationship": "VD-16 Mitverf.",
      "preferredName": "Cyprian von Leowitz"
    },
    {
      "relationship": "VD-16 Mitverf.",
      "preferredName": "Paul Schede"
    },
    {
      "relationship": "VD-16 Mitverf.",
      "preferredName": "Rudolf Walther, der A\u0308ltere"
    },
    {
      "@id": "https://d-nb.info/gnd/118828495",
      "relationship": "VD-16 Mitverf.",
      "preferredName": "William Perkins"
    }
  ],
  "depiction": {
    "@id": "https://commons.wikimedia.org/wiki/Special:FilePath/Theodore-de-Beze-2.jpg",
    "publisher": "Wikimedia Commons",
    "copyrighted": "false",
    "creator": [
      ""
    ],
    "creditText": [
      ""
    ],
    "license": [
      {
        "@id": "https://creativecommons.org/publicdomain/mark/1.0/",
        "abbr": "PD",
        "name": "Public Domain",
        "attributionRequired": "false",
        "restrictions": ""
      }
    ],
    "url": "https://commons.wikimedia.org/wiki/File:Theodore-de-Beze-2.jpg?uselang=en",
    "thumbnail": {
      "@id": "https://commons.wikimedia.org/wiki/Special:FilePath/Theodore-de-Beze-2.jpg?width=270"
    }
  },
  "sameAs": [
    {
      "@id": "https://d-nb.info/gnd/118662864/about",
      "collection": {
        "abbr": "DNB",
        "name": "Gemeinsame Normdatei (GND) im Katalog der Deutschen Nationalbibliothek",
        "publisher": "Deutsche Nationalbibliothek",
        "icon": "https://www.dnb.de/SiteGlobals/Frontend/DNBWeb/Images/favicon.png?__blob=normal&v=4"
      }
    },
    {
      "@id": "http://www.hls-dhs-dss.ch/textes/d/D11048.php",
      "collection": {
        "abbr": "CH_HLS",
        "name": "Historisches Lexikon der Schweiz (HLS)",
        "publisher": "Historisches Lexikon der Schweiz (HLS)",
        "icon": "https://www.hls-dhs-dss.ch/favicon.ico"
      }
    },
    {
      "@id": "https://de.wikipedia.org/wiki/Th%C3%A9odore_de_B%C3%A8ze",
      "collection": {
        "abbr": "dewiki",
        "name": "Wikipedia (Deutsch)",
        "publisher": "Wikimedia Foundation Inc.",
        "icon": "https://de.wikipedia.org/static/favicon/wikipedia.ico"
      }
    },
    {
      "@id": "https://en.wikipedia.org/wiki/Theodore_Beza",
      "collection": {
        "abbr": "enwiki",
        "name": "Wikipedia (English)",
        "publisher": "Wikimedia Foundation Inc.",
        "icon": "https://en.wikipedia.org/static/favicon/wikipedia.ico"
      }
    },
    {
      "@id": "https://kalliope-verbund.info/gnd/118662864",
      "collection": {
        "abbr": "DE-611",
        "name": "Kalliope Verbundkatalog",
        "publisher": "Staatsbibliothek zu Berlin - Preu\u00dfischer Kulturbesitz",
        "icon": "https://kalliope-verbund.info/img/favicon.ico"
      }
    },
    {
      "@id": "https://raa.gf-franken.de/de/suche-nach-stammbucheintraegen.html?permaLink=1574_rosmutius;3",
      "collection": {
        "abbr": "RAAE",
        "name": "Repertorium Alborum Amicorum (RAA) - Stammbucheintr\u00e4ge",
        "publisher": "Department Germanistik und Komparatistik der Friedrich-Alexander-Universit\u00e4t Erlangen-N\u00fcrnberg in Zusammenarbeit mit der Gesellschaft f\u00fcr Familienforschung in Franken",
        "icon": "https://www.gf-franken.de/favicon.ico"
      }
    },
    {
      "@id": "https://raa.gf-franken.de/de/suche-nach-stammbucheintraegen.html?permaLink=1583_gerardszoon;17",
      "collection": {
        "abbr": "RAAE",
        "name": "Repertorium Alborum Amicorum (RAA) - Stammbucheintr\u00e4ge",
        "publisher": "Department Germanistik und Komparatistik der Friedrich-Alexander-Universit\u00e4t Erlangen-N\u00fcrnberg in Zusammenarbeit mit der Gesellschaft f\u00fcr Familienforschung in Franken",
        "icon": "https://www.gf-franken.de/favicon.ico"
      }
    },
    {
      "@id": "https://raa.gf-franken.de/de/suche-nach-stammbucheintraegen.html?permaLink=1602_craig;30",
      "collection": {
        "abbr": "RAAE",
        "name": "Repertorium Alborum Amicorum (RAA) - Stammbucheintr\u00e4ge",
        "publisher": "Department Germanistik und Komparatistik der Friedrich-Alexander-Universit\u00e4t Erlangen-N\u00fcrnberg in Zusammenarbeit mit der Gesellschaft f\u00fcr Familienforschung in Franken",
        "icon": "https://www.gf-franken.de/favicon.ico"
      }
    },
    {
      "@id": "https://www.archivportal-d.de/person/gnd/118662864",
      "collection": {
        "abbr": "ARCHIV-D",
        "name": "Archivportal-D",
        "publisher": "Deutsche Digitale Bibliothek",
        "icon": "https://www.archivportal-d.de/favicon.ico"
      }
    },
    {
      "@id": "https://www.deutsche-digitale-bibliothek.de/person/gnd/118662864",
      "collection": {
        "abbr": "DDB",
        "name": "Deutsche Digitale Bibliothek",
        "publisher": "Deutsche Digitale Bibliothek",
        "icon": "https://www.deutsche-digitale-bibliothek.de/favicon.ico"
      }
    },
    {
      "@id": "https://www.portraitindex.de/dokumente/pnd/118662864",
      "collection": {
        "abbr": "Portraitindex",
        "name": "Digitaler Portraitindex der druckgraphischen Bildnisse der Fru\u0308hen Neuzeit",
        "publisher": "Deutsches Dokumentationszentrum fu\u0308r Kunstgeschichte - Bildarchiv Foto Marburg",
        "icon": "https://www.portraitindex.de/favicon.ico"
      }
    },
    {
      "@id": "http://id.loc.gov/rwo/agents/n50011153",
      "collection": {
        "abbr": "LC",
        "name": "NACO Authority File",
        "publisher": "Library of Congress",
        "icon": "https://www.loc.gov/favicon.ico"
      }
    },
    {
      "@id": "http://viaf.org/viaf/66463755",
      "collection": {
        "abbr": "VIAF",
        "name": "Virtual International Authority File (VIAF)",
        "publisher": "OCLC",
        "icon": "https://viaf.org/viaf/images/viaf.ico"
      }
    },
    {
      "@id": "http://www.wikidata.org/entity/Q314981",
      "collection": {
        "abbr": "WIKIDATA",
        "name": "Wikidata",
        "publisher": "Wikimedia Foundation Inc.",
        "icon": "https://www.wikidata.org/static/favicon/wikidata.ico"
      }
    },
    {
      "@id": "https://isni.org/isni/0000000121371511",
      "collection": {
        "abbr": "ISNI",
        "name": "International Standard Name Identifier (ISNI)",
        "publisher": "International Standard Name Identifier (ISNI)",
        "icon": "https://www.isni.org/sites/default/files/isni_new_favicon.ico"
      }
    }
  ]
}