{
  "@context": "http://hub.culturegraph.org/entityfacts/context/v1/entityfacts.jsonld",
  "@id": "https://d-nb.info/gnd/118661957",
  "describedBy": {
    "valid": "2026-04-28T20:12:02Z",
    "license": "https://creativecommons.org/publicdomain/zero/1.0/",
    "@id": "https://hub.culturegraph.org/entityfacts/118661957"
  },
  "preferredName": "Carlo Borromeo",
  "surname": "Borromeo",
  "forename": "Carlo",
  "@type": "person",
  "academicDegree": [
    "Dr. iur. utr."
  ],
  "variantName": [
    "Carlo Borromeo, Archbishop, Saint",
    "Carlo Borromeo, Archeve\u0302que, Saint",
    "Carolus, Borromeus",
    "Carlo, Borromeo",
    "Carolus Borromeus",
    "Karl Borromeus",
    "Karl, Borromeus",
    "Carl Borromaeus",
    "Karl Borroma\u0308us",
    "Charles, Borromeo",
    "Carlo, Archiepiscopus Mediolanensis",
    "Carlo, Milano, Arcivescovo",
    "Carolus, Boromaeus",
    "Carolus Boromaeus",
    "Charles Borromee\u0301, Saint",
    "Carolus Borrhomaeus",
    "Carolus, Borromaeus",
    "Caroli Borromei",
    "Carlo Borromeo, Heiliger",
    "Carlo Borromeo, San",
    "Carolus Borromaeus",
    "Charles Borromeo",
    "Carlo Borromeo, Erzbischof, Heiliger",
    "Karl Borroma\u0308us, Heiliger",
    "Carolus, Boroma\u0308us",
    "Carli Borromeo"
  ],
  "dateOfBirth": "October 2, 1538",
  "dateOfDeath": "November 3, 1584",
  "placeOfBirth": [
    {
      "@id": "https://d-nb.info/gnd/4235311-7",
      "preferredName": "Arona (Piemont)"
    }
  ],
  "placeOfDeath": [
    {
      "@id": "https://d-nb.info/gnd/4037100-1",
      "preferredName": "Mailand"
    }
  ],
  "placeOfActivity": [
    {
      "@id": "https://d-nb.info/gnd/4050471-2",
      "preferredName": "Rom"
    },
    {
      "@id": "https://d-nb.info/gnd/4037100-1",
      "preferredName": "Mailand"
    }
  ],
  "associatedCountry": [
    {
      "@id": "https://d-nb.info/standards/vocab/gnd/geographic-area-code#XA-IT",
      "preferredName": "Italien"
    }
  ],
  "professionOrOccupation": [
    {
      "@id": "https://d-nb.info/gnd/4015471-3",
      "preferredName": "Erzbischof"
    },
    {
      "@id": "https://d-nb.info/gnd/4163313-1",
      "preferredName": "Kardinal"
    },
    {
      "@id": "https://d-nb.info/gnd/4030020-1",
      "preferredName": "Katholischer Theologe"
    }
  ],
  "gender": {
    "@id": "https://d-nb.info/standards/vocab/gnd/gender#male",
    "label": "Mann"
  },
  "affiliation": [
    {
      "@id": "https://d-nb.info/gnd/1099119332",
      "preferredName": "Katholische Kirche. Erzdio\u0308zese Mailand"
    }
  ],
  "relatedPerson": [
    {
      "@id": "https://d-nb.info/gnd/119610671",
      "relationship": "VD-16 Mitverf.",
      "preferredName": "Augustinus, aus Vicenza"
    },
    {
      "@id": "https://d-nb.info/gnd/118661450",
      "relationship": "VD-16 Mitverf.",
      "preferredName": "Giovanni Francesco Bonomi"
    },
    {
      "@id": "https://d-nb.info/gnd/118775006",
      "relationship": "VD-16 Mitverf.",
      "preferredName": "Stanislaus Hosius"
    },
    {
      "@id": "https://d-nb.info/gnd/119731924",
      "relationship": "VD-16 Mitverf.",
      "preferredName": "Johannes Egolf von Kno\u0308ringen"
    },
    {
      "@id": "https://d-nb.info/gnd/118595954",
      "relationship": "VD-16 Mitverf.",
      "preferredName": "Antonio Possevino"
    },
    {
      "@id": "https://d-nb.info/gnd/118795929",
      "relationship": "VD-16 Mitverf.",
      "preferredName": "Sebastian I., Portugal, Ko\u0308nig"
    },
    {
      "@id": "https://d-nb.info/gnd/118853082",
      "relationship": "VD-16 Mitverf.",
      "preferredName": "Lazzaro Buonamici"
    },
    {
      "@id": "https://d-nb.info/gnd/119640619",
      "relationship": "VD-16 Mitverf.",
      "preferredName": "Maternus Cholinus"
    },
    {
      "@id": "https://d-nb.info/gnd/118792415",
      "relationship": "VD-16 Mitverf.",
      "preferredName": "Pius IV., Papst"
    },
    {
      "@id": "https://d-nb.info/gnd/12460305X",
      "relationship": "VD-16 Mitverf.",
      "preferredName": "Francisco de Torres"
    }
  ],
  "familialRelationship": [
    {
      "@id": "https://d-nb.info/gnd/119139170",
      "relationship": "Cousin",
      "preferredName": "Federico Borromeo"
    }
  ],
  "depiction": {
    "@id": "https://commons.wikimedia.org/wiki/Special:FilePath/Carlo%20Borromeo.jpg",
    "publisher": "Wikimedia Commons",
    "copyrighted": "false",
    "creator": [
      "Attributed to Giovanni Ambrogio Figino"
    ],
    "creditText": [
      "Current version: Pinacoteca Ambrosiana [1] (direct link) Museo Diocesano di Milano (arteecarte.it,italian) (Uploaded by User:Lupo to en.wikipedia)"
    ],
    "license": [
      {
        "@id": "https://creativecommons.org/publicdomain/mark/1.0/",
        "abbr": "PD",
        "name": "Public Domain",
        "attributionRequired": "false",
        "restrictions": ""
      }
    ],
    "url": "https://commons.wikimedia.org/wiki/File:Carlo%20Borromeo.jpg?uselang=en",
    "thumbnail": {
      "@id": "https://commons.wikimedia.org/wiki/Special:FilePath/Carlo%20Borromeo.jpg?width=270"
    }
  },
  "sameAs": [
    {
      "@id": "https://d-nb.info/gnd/118661957/about",
      "collection": {
        "abbr": "DNB",
        "name": "Gemeinsame Normdatei (GND) im Katalog der Deutschen Nationalbibliothek",
        "publisher": "Deutsche Nationalbibliothek",
        "icon": "https://www.dnb.de/SiteGlobals/Frontend/DNBWeb/Images/favicon.png?__blob=normal&v=4"
      }
    },
    {
      "@id": "http://catalogue.bnf.fr/ark:/12148/cb12355795n",
      "collection": {
        "abbr": "BNF",
        "name": "Bibliothe\u0300que nationale de France",
        "publisher": "Bibliothe\u0300que nationale de France",
        "icon": "https://www.bnf.fr/themes/custom/bnfsi/favicon.ico"
      }
    },
    {
      "@id": "http://www.hls-dhs-dss.ch/textes/d/D10211.php",
      "collection": {
        "abbr": "CH_HLS",
        "name": "Historisches Lexikon der Schweiz (HLS)",
        "publisher": "Historisches Lexikon der Schweiz (HLS)",
        "icon": "https://www.hls-dhs-dss.ch/favicon.ico"
      }
    },
    {
      "@id": "https://de.wikipedia.org/wiki/Karl_Borrom%C3%A4us",
      "collection": {
        "abbr": "dewiki",
        "name": "Wikipedia (Deutsch)",
        "publisher": "Wikimedia Foundation Inc.",
        "icon": "https://de.wikipedia.org/static/favicon/wikipedia.ico"
      }
    },
    {
      "@id": "https://en.wikipedia.org/wiki/Charles_Borromeo",
      "collection": {
        "abbr": "enwiki",
        "name": "Wikipedia (English)",
        "publisher": "Wikimedia Foundation Inc.",
        "icon": "https://en.wikipedia.org/static/favicon/wikipedia.ico"
      }
    },
    {
      "@id": "https://kaiserhof.geschichte.lmu.de/Q/GND=118661957",
      "collection": {
        "abbr": "KH",
        "name": "Kaiser und H\u00f6fe",
        "publisher": "Ludwig-Maximilians-Universit\u00e4t M\u00fcnchen - Historisches Seminar - Fr\u00fche Neuzeit",
        "icon": "https://kaiserhof.geschichte.lmu.de/favicon.ico"
      }
    },
    {
      "@id": "https://kalliope-verbund.info/gnd/118661957",
      "collection": {
        "abbr": "DE-611",
        "name": "Kalliope Verbundkatalog",
        "publisher": "Staatsbibliothek zu Berlin - Preu\u00dfischer Kulturbesitz",
        "icon": "https://kalliope-verbund.info/img/favicon.ico"
      }
    },
    {
      "@id": "https://www.archivportal-d.de/person/gnd/118661957",
      "collection": {
        "abbr": "ARCHIV-D",
        "name": "Archivportal-D",
        "publisher": "Deutsche Digitale Bibliothek",
        "icon": "https://www.archivportal-d.de/favicon.ico"
      }
    },
    {
      "@id": "https://www.deutsche-digitale-bibliothek.de/person/gnd/118661957",
      "collection": {
        "abbr": "DDB",
        "name": "Deutsche Digitale Bibliothek",
        "publisher": "Deutsche Digitale Bibliothek",
        "icon": "https://www.deutsche-digitale-bibliothek.de/favicon.ico"
      }
    },
    {
      "@id": "https://www.herder-institut.de/bildkatalog/gnd/118661957",
      "collection": {
        "abbr": "ba-herder",
        "name": "Bildarchiv / Herder-Institut",
        "publisher": "Herder-Institut f\u00fcr historische Ostmitteleuropaforschung \u2013 Institut der Leibniz-Gemeinschaft",
        "icon": "https://www.herder-institut.de/themes/custom/herder-institut/images/favicons/favicon.ico"
      }
    },
    {
      "@id": "https://www.portraitindex.de/dokumente/pnd/118661957",
      "collection": {
        "abbr": "Portraitindex",
        "name": "Digitaler Portraitindex der druckgraphischen Bildnisse der Fru\u0308hen Neuzeit",
        "publisher": "Deutsches Dokumentationszentrum fu\u0308r Kunstgeschichte - Bildarchiv Foto Marburg",
        "icon": "https://www.portraitindex.de/favicon.ico"
      }
    },
    {
      "@id": "http://id.loc.gov/rwo/agents/n50032432",
      "collection": {
        "abbr": "LC",
        "name": "NACO Authority File",
        "publisher": "Library of Congress",
        "icon": "https://www.loc.gov/favicon.ico"
      }
    },
    {
      "@id": "http://viaf.org/viaf/69005084",
      "collection": {
        "abbr": "VIAF",
        "name": "Virtual International Authority File (VIAF)",
        "publisher": "OCLC",
        "icon": "https://viaf.org/viaf/images/viaf.ico"
      }
    },
    {
      "@id": "http://www.wikidata.org/entity/Q216946",
      "collection": {
        "abbr": "WIKIDATA",
        "name": "Wikidata",
        "publisher": "Wikimedia Foundation Inc.",
        "icon": "https://www.wikidata.org/static/favicon/wikidata.ico"
      }
    },
    {
      "@id": "https://isni.org/isni/0000000121381226",
      "collection": {
        "abbr": "ISNI",
        "name": "International Standard Name Identifier (ISNI)",
        "publisher": "International Standard Name Identifier (ISNI)",
        "icon": "https://www.isni.org/sites/default/files/isni_new_favicon.ico"
      }
    }
  ]
}