{
  "@context": "http://hub.culturegraph.org/entityfacts/context/v1/entityfacts.jsonld",
  "@id": "https://d-nb.info/gnd/118649469",
  "describedBy": {
    "valid": "2026-05-02T07:49:10Z",
    "license": "https://creativecommons.org/publicdomain/zero/1.0/",
    "@id": "https://hub.culturegraph.org/entityfacts/118649469"
  },
  "preferredName": "Anna, Frankreich, Ko\u0308nigin",
  "surname": "Anna, Frankreich, Ko\u0308nigin",
  "@type": "person",
  "titleOfNobility": [
    "Ko\u0308nigin"
  ],
  "variantName": [
    "Anna, von O\u0308sterreich",
    "Anna Maria Mauricia, von O\u0308sterreich",
    "Anna, Espa\u0303na, Princesa",
    "Anna, Frankreich, Ko\u0308nigin",
    "Anne, Espagne, Princesse",
    "Anne, Frankreich, Ko\u0308nigin",
    "Anne, France, Reine",
    "Anna, France, Reine",
    "Anne, d'Autriche",
    "Anne d'Autriche Ko\u0308nigin von Frankreich",
    "Anna Maria, von Spanien",
    "Anna, d'Austria",
    "Anna, Austriaca",
    "Anna, d`Autriche",
    "Anna, von O\u0308sterreich",
    "Anna, Ko\u0308nigin von Frankreich",
    "Anna, Reine de France",
    "Anna, Queen of France",
    "Anne, Reine de France",
    "Anne, Queen of France",
    "Anne, Ko\u0308nigin von Frankreich",
    "Anne, reine de France",
    "Anne, de France",
    "Anne, France, Reine",
    "Anna von O\u0308sterreich",
    "Anne d'Autriche",
    "Anna Maria, O\u0308sterreich, Prinzessin",
    "Anna Maria, Frankreich, Ko\u0308nigin",
    "Anne d'Autriche, France, reine",
    "Anna Austriaca"
  ],
  "dateOfBirth": "September 22, 1601",
  "dateOfDeath": "January 20, 1666",
  "placeOfBirth": [
    {
      "@id": "https://d-nb.info/gnd/4119355-6",
      "preferredName": "Valladolid"
    }
  ],
  "placeOfDeath": [
    {
      "@id": "https://d-nb.info/gnd/4044660-8",
      "preferredName": "Paris"
    }
  ],
  "associatedCountry": [
    {
      "@id": "https://d-nb.info/standards/vocab/gnd/geographic-area-code#XA-FR",
      "preferredName": "Frankreich"
    },
    {
      "@id": "https://d-nb.info/standards/vocab/gnd/geographic-area-code#XA-AT",
      "preferredName": "\u00d6sterreich"
    }
  ],
  "gender": {
    "@id": "https://d-nb.info/standards/vocab/gnd/gender#female",
    "label": "Frau"
  },
  "biographicalOrHistoricalInformation": "Franzo\u0308sische Ko\u0308nigin; von 1643-165 Regentin fu\u0308r ihren Sohn Ludwig XIV.",
  "familialRelationship": [
    {
      "@id": "https://d-nb.info/gnd/118593846",
      "relationship": "Vater",
      "preferredName": "Philipp III., Spanien, Ko\u0308nig"
    },
    {
      "@id": "https://d-nb.info/gnd/104189584",
      "relationship": "Mutter",
      "preferredName": "Margarethe, Spanien, Ko\u0308nigin"
    },
    {
      "@id": "https://d-nb.info/gnd/11872942X",
      "relationship": "Ehemann",
      "preferredName": "Ludwig XIII., Frankreich, Ko\u0308nig"
    },
    {
      "@id": "https://d-nb.info/gnd/118816829",
      "relationship": "Sohn",
      "preferredName": "Ludwig XIV., Frankreich, Ko\u0308nig"
    }
  ],
  "depiction": {
    "@id": "https://commons.wikimedia.org/wiki/Special:FilePath/Anna%20of%20Austria%20by%20Rubens%20%281622-1625%2C%20Norton%20Simon%20Museum%29.jpg",
    "publisher": "Wikimedia Commons",
    "copyrighted": "false",
    "creator": [
      "Peter Paul Rubens"
    ],
    "creditText": [
      "http://www.digital-images.net/Images/NS_Paint/QueenAnne_3530.jpg"
    ],
    "license": [
      {
        "@id": "https://creativecommons.org/publicdomain/mark/1.0/",
        "abbr": "PD",
        "name": "Public Domain",
        "attributionRequired": "false",
        "restrictions": ""
      }
    ],
    "url": "https://commons.wikimedia.org/wiki/File:Anna%20of%20Austria%20by%20Rubens%20%281622-1625%2C%20Norton%20Simon%20Museum%29.jpg?uselang=en",
    "thumbnail": {
      "@id": "https://commons.wikimedia.org/wiki/Special:FilePath/Anna%20of%20Austria%20by%20Rubens%20%281622-1625%2C%20Norton%20Simon%20Museum%29.jpg?width=270"
    }
  },
  "sameAs": [
    {
      "@id": "https://d-nb.info/gnd/118649469/about",
      "collection": {
        "abbr": "DNB",
        "name": "Gemeinsame Normdatei (GND) im Katalog der Deutschen Nationalbibliothek",
        "publisher": "Deutsche Nationalbibliothek",
        "icon": "https://www.dnb.de/SiteGlobals/Frontend/DNBWeb/Images/favicon.png?__blob=normal&v=4"
      }
    },
    {
      "@id": "http://catalogue.bnf.fr/ark:/12148/cb119384982",
      "collection": {
        "abbr": "BNF",
        "name": "Bibliothe\u0300que nationale de France",
        "publisher": "Bibliothe\u0300que nationale de France",
        "icon": "https://www.bnf.fr/themes/custom/bnfsi/favicon.ico"
      }
    },
    {
      "@id": "https://de.wikipedia.org/wiki/Anna_von_%C3%96sterreich_%281601%E2%80%931666%29",
      "collection": {
        "abbr": "dewiki",
        "name": "Wikipedia (Deutsch)",
        "publisher": "Wikimedia Foundation Inc.",
        "icon": "https://de.wikipedia.org/static/favicon/wikipedia.ico"
      }
    },
    {
      "@id": "https://en.wikipedia.org/wiki/Anne_of_Austria",
      "collection": {
        "abbr": "enwiki",
        "name": "Wikipedia (English)",
        "publisher": "Wikimedia Foundation Inc.",
        "icon": "https://en.wikipedia.org/static/favicon/wikipedia.ico"
      }
    },
    {
      "@id": "https://kaiserhof.geschichte.lmu.de/Q/GND=118649469",
      "collection": {
        "abbr": "KH",
        "name": "Kaiser und H\u00f6fe",
        "publisher": "Ludwig-Maximilians-Universit\u00e4t M\u00fcnchen - Historisches Seminar - Fr\u00fche Neuzeit",
        "icon": "https://kaiserhof.geschichte.lmu.de/favicon.ico"
      }
    },
    {
      "@id": "https://kalliope-verbund.info/gnd/118649469",
      "collection": {
        "abbr": "DE-611",
        "name": "Kalliope Verbundkatalog",
        "publisher": "Staatsbibliothek zu Berlin - Preu\u00dfischer Kulturbesitz",
        "icon": "https://kalliope-verbund.info/img/favicon.ico"
      }
    },
    {
      "@id": "https://www.deutsche-digitale-bibliothek.de/person/gnd/118649469",
      "collection": {
        "abbr": "DDB",
        "name": "Deutsche Digitale Bibliothek",
        "publisher": "Deutsche Digitale Bibliothek",
        "icon": "https://www.deutsche-digitale-bibliothek.de/favicon.ico"
      }
    },
    {
      "@id": "https://www.portraitindex.de/dokumente/pnd/118649469",
      "collection": {
        "abbr": "Portraitindex",
        "name": "Digitaler Portraitindex der druckgraphischen Bildnisse der Fru\u0308hen Neuzeit",
        "publisher": "Deutsches Dokumentationszentrum fu\u0308r Kunstgeschichte - Bildarchiv Foto Marburg",
        "icon": "https://www.portraitindex.de/favicon.ico"
      }
    },
    {
      "@id": "http://id.loc.gov/rwo/agents/n80153910",
      "collection": {
        "abbr": "LC",
        "name": "NACO Authority File",
        "publisher": "Library of Congress",
        "icon": "https://www.loc.gov/favicon.ico"
      }
    },
    {
      "@id": "http://viaf.org/viaf/72187556",
      "collection": {
        "abbr": "VIAF",
        "name": "Virtual International Authority File (VIAF)",
        "publisher": "OCLC",
        "icon": "https://viaf.org/viaf/images/viaf.ico"
      }
    },
    {
      "@id": "http://www.wikidata.org/entity/Q151209",
      "collection": {
        "abbr": "WIKIDATA",
        "name": "Wikidata",
        "publisher": "Wikimedia Foundation Inc.",
        "icon": "https://www.wikidata.org/static/favicon/wikidata.ico"
      }
    },
    {
      "@id": "https://isni.org/isni/0000000055360231",
      "collection": {
        "abbr": "ISNI",
        "name": "International Standard Name Identifier (ISNI)",
        "publisher": "International Standard Name Identifier (ISNI)",
        "icon": "https://www.isni.org/sites/default/files/isni_new_favicon.ico"
      }
    }
  ]
}