{
  "@context": "http://hub.culturegraph.org/entityfacts/context/v1/entityfacts.jsonld",
  "@id": "https://d-nb.info/gnd/118647571",
  "describedBy": {
    "valid": "2026-04-29T09:24:11Z",
    "license": "https://creativecommons.org/publicdomain/zero/1.0/",
    "@id": "https://hub.culturegraph.org/entityfacts/118647571"
  },
  "preferredName": "Albrecht V., Bayern, Herzog",
  "surname": "Albrecht V., Bayern, Herzog",
  "@type": "person",
  "titleOfNobility": [
    "Herzog"
  ],
  "variantName": [
    "Albrecht, der Gro\u00dfmu\u0308tige",
    "Albert, der Gro\u00dfmu\u0308tige",
    "Albert V., Bayern, Herzog",
    "Albert, Bayern, Herzog",
    "Albert, von Baiern",
    "Albrecht, der Grossmu\u0308thige",
    "Albrecht, Rhein, Pfalzgraf",
    "Albertus V., Bavaria, Dux",
    "Herzog von Bayern Albrecht V.",
    "Albert V, Duc de Bavarie",
    "Albert V, Duke of Bavaria",
    "Albert, der Grossmu\u0308tige, Herzog von Bayern",
    "Albert, der Grossmu\u0308tige, Duc de Bavarie",
    "Albert, der Grossmu\u0308tige, Duke of Bavaria",
    "Albrecht V, Duc de Bavarie",
    "Albrecht V, Herzog von Bayern",
    "Albrecht V, Duke of Bavaria",
    "Albert V, Herzog von Bayern"
  ],
  "dateOfBirth": "February 29, 1528",
  "dateOfDeath": "October 24, 1579",
  "placeOfBirth": [
    {
      "@id": "https://d-nb.info/gnd/4127793-4",
      "preferredName": "Mu\u0308nchen"
    }
  ],
  "placeOfDeath": [
    {
      "@id": "https://d-nb.info/gnd/4127793-4",
      "preferredName": "Mu\u0308nchen"
    }
  ],
  "associatedCountry": [
    {
      "@id": "https://d-nb.info/standards/vocab/gnd/geographic-area-code#XA-DE",
      "preferredName": "Deutschland"
    }
  ],
  "professionOrOccupation": [
    {
      "@id": "https://d-nb.info/gnd/4166042-0",
      "preferredName": "Kunstsammler"
    }
  ],
  "gender": {
    "@id": "https://d-nb.info/standards/vocab/gnd/gender#male",
    "label": "Mann"
  },
  "biographicalOrHistoricalInformation": "Herzog von ganz Bayern ab 1550",
  "relatedPerson": [
    {
      "relationship": "VD-16 Mitverf.",
      "preferredName": "Stanis\u0142aw Hosius"
    },
    {
      "@id": "https://d-nb.info/gnd/119317230",
      "relationship": "VD-16 Mitverf.",
      "preferredName": "Georg Lauther"
    },
    {
      "relationship": "VD-16 Mitverf.",
      "preferredName": "Diogo Paiva de Andrada"
    },
    {
      "@id": "https://d-nb.info/gnd/119733226",
      "relationship": "VD-16 Mitverf.",
      "preferredName": "Johannes Kotkiewicz"
    },
    {
      "relationship": "VD-16 Mitverf.",
      "preferredName": "Ferdinand I., Ko\u0308nig von Bo\u0308hmen"
    },
    {
      "relationship": "VD-16 Mitverf.",
      "preferredName": "Antonius Puteus"
    },
    {
      "@id": "https://d-nb.info/gnd/119483858",
      "relationship": "VD-16 Mitverf.",
      "preferredName": "Jero\u0301nimo Oso\u0301rio"
    },
    {
      "relationship": "VD-16 Mitverf.",
      "preferredName": "Francisco Torres"
    },
    {
      "@id": "https://d-nb.info/gnd/119690586",
      "relationship": "VD-16 Mitverf.",
      "preferredName": "Hildebrand Grathusius"
    },
    {
      "relationship": "Papst; VD-16 Mitverf.",
      "preferredName": "Pius IV., Papst"
    }
  ],
  "familialRelationship": [
    {
      "@id": "https://d-nb.info/gnd/118632868",
      "relationship": "Vater",
      "preferredName": "Wilhelm IV., Bayern, Herzog"
    },
    {
      "@id": "https://d-nb.info/gnd/121349217",
      "relationship": "Mutter",
      "preferredName": "Jakoba\u0308a, Bayern, Herzogin"
    },
    {
      "@id": "https://d-nb.info/gnd/132969548",
      "relationship": "Ehefrau ab 1546",
      "preferredName": "Anna, Bayern, Herzogin, 1528-1590"
    },
    {
      "@id": "https://d-nb.info/gnd/118771841",
      "relationship": "Sohn",
      "preferredName": "Wilhelm V., Bayern, Herzog"
    },
    {
      "@id": "https://d-nb.info/gnd/100586376",
      "relationship": "Sohn",
      "preferredName": "Ferdinand, Bayern, Herzog"
    },
    {
      "@id": "https://d-nb.info/gnd/104116277",
      "relationship": "Tochter",
      "preferredName": "Maria Anna, O\u0308sterreich, Erzherzogin"
    }
  ],
  "depiction": {
    "@id": "https://commons.wikimedia.org/wiki/Special:FilePath/Albrecht%20V%20Bayern%20Jugendbild.jpg",
    "publisher": "Wikimedia Commons",
    "copyrighted": "false",
    "creator": [
      "Hans Muelich"
    ],
    "creditText": [
      "originally uploaded to de.wikipedia&nbsp;by DALIBRI (talk&nbsp;\u00b7 contribs)&nbsp;on 27 January 2007, 21:02&nbsp;under the file name Albrecht V Bayern Jugendbild.jpg.(+/\u2212)"
    ],
    "license": [
      {
        "@id": "https://creativecommons.org/publicdomain/mark/1.0/",
        "abbr": "PD",
        "name": "Public Domain",
        "attributionRequired": "false",
        "restrictions": ""
      }
    ],
    "url": "https://commons.wikimedia.org/wiki/File:Albrecht%20V%20Bayern%20Jugendbild.jpg?uselang=en",
    "thumbnail": {
      "@id": "https://commons.wikimedia.org/wiki/Special:FilePath/Albrecht%20V%20Bayern%20Jugendbild.jpg?width=270"
    }
  },
  "sameAs": [
    {
      "@id": "https://d-nb.info/gnd/118647571/about",
      "collection": {
        "abbr": "DNB",
        "name": "Gemeinsame Normdatei (GND) im Katalog der Deutschen Nationalbibliothek",
        "publisher": "Deutsche Nationalbibliothek",
        "icon": "https://www.dnb.de/SiteGlobals/Frontend/DNBWeb/Images/favicon.png?__blob=normal&v=4"
      }
    },
    {
      "@id": "https://bmlo.de/Q/GND=118647571",
      "collection": {
        "abbr": "DE-M512",
        "name": "Bayerisches Musiker-Lexikon Online",
        "publisher": "Bayerisches Musiker-Lexikon Online",
        "icon": "https://bmlo.de/x/pic/favicon.gif"
      }
    },
    {
      "@id": "https://de.wikipedia.org/wiki/Albrecht_V._%28Bayern%29",
      "collection": {
        "abbr": "dewiki",
        "name": "Wikipedia (Deutsch)",
        "publisher": "Wikimedia Foundation Inc.",
        "icon": "https://de.wikipedia.org/static/favicon/wikipedia.ico"
      }
    },
    {
      "@id": "https://en.wikipedia.org/wiki/Albert_V%2C_Duke_of_Bavaria",
      "collection": {
        "abbr": "enwiki",
        "name": "Wikipedia (English)",
        "publisher": "Wikimedia Foundation Inc.",
        "icon": "https://en.wikipedia.org/static/favicon/wikipedia.ico"
      }
    },
    {
      "@id": "https://kaiserhof.geschichte.lmu.de/Q/GND=118647571",
      "collection": {
        "abbr": "KH",
        "name": "Kaiser und H\u00f6fe",
        "publisher": "Ludwig-Maximilians-Universit\u00e4t M\u00fcnchen - Historisches Seminar - Fr\u00fche Neuzeit",
        "icon": "https://kaiserhof.geschichte.lmu.de/favicon.ico"
      }
    },
    {
      "@id": "https://kalliope-verbund.info/gnd/118647571",
      "collection": {
        "abbr": "DE-611",
        "name": "Kalliope Verbundkatalog",
        "publisher": "Staatsbibliothek zu Berlin - Preu\u00dfischer Kulturbesitz",
        "icon": "https://kalliope-verbund.info/img/favicon.ico"
      }
    },
    {
      "@id": "https://www.archivportal-d.de/person/gnd/118647571",
      "collection": {
        "abbr": "ARCHIV-D",
        "name": "Archivportal-D",
        "publisher": "Deutsche Digitale Bibliothek",
        "icon": "https://www.archivportal-d.de/favicon.ico"
      }
    },
    {
      "@id": "https://www.deutsche-biographie.de/pnd118647571.html#adbcontent",
      "collection": {
        "abbr": "ADB",
        "name": "Allgemeine Deutsche Biographie (ADB)",
        "publisher": "Historische Kommission bei der Bayerischen Akademie der Wissenschaften und Bayerische Staatsbibliothek",
        "icon": "https://www.deutsche-biographie.de/favicon.ico"
      }
    },
    {
      "@id": "https://www.deutsche-biographie.de/pnd118647571.html#ndbcontent",
      "collection": {
        "abbr": "NDB",
        "name": "Neue Deutsche Biographie (NDB)",
        "publisher": "Historische Kommission bei der Bayerischen Akademie der Wissenschaften und Bayerische Staatsbibliothek",
        "icon": "https://www.deutsche-biographie.de/favicon.ico"
      }
    },
    {
      "@id": "https://www.deutsche-digitale-bibliothek.de/person/gnd/118647571",
      "collection": {
        "abbr": "DDB",
        "name": "Deutsche Digitale Bibliothek",
        "publisher": "Deutsche Digitale Bibliothek",
        "icon": "https://www.deutsche-digitale-bibliothek.de/favicon.ico"
      }
    },
    {
      "@id": "https://www.portraitindex.de/dokumente/pnd/118647571",
      "collection": {
        "abbr": "Portraitindex",
        "name": "Digitaler Portraitindex der druckgraphischen Bildnisse der Fru\u0308hen Neuzeit",
        "publisher": "Deutsches Dokumentationszentrum fu\u0308r Kunstgeschichte - Bildarchiv Foto Marburg",
        "icon": "https://www.portraitindex.de/favicon.ico"
      }
    },
    {
      "@id": "http://id.loc.gov/rwo/agents/no90008560",
      "collection": {
        "abbr": "LC",
        "name": "NACO Authority File",
        "publisher": "Library of Congress",
        "icon": "https://www.loc.gov/favicon.ico"
      }
    },
    {
      "@id": "http://viaf.org/viaf/88838540",
      "collection": {
        "abbr": "VIAF",
        "name": "Virtual International Authority File (VIAF)",
        "publisher": "OCLC",
        "icon": "https://viaf.org/viaf/images/viaf.ico"
      }
    },
    {
      "@id": "http://www.wikidata.org/entity/Q60907",
      "collection": {
        "abbr": "WIKIDATA",
        "name": "Wikidata",
        "publisher": "Wikimedia Foundation Inc.",
        "icon": "https://www.wikidata.org/static/favicon/wikidata.ico"
      }
    },
    {
      "@id": "https://isni.org/isni/0000000123311184",
      "collection": {
        "abbr": "ISNI",
        "name": "International Standard Name Identifier (ISNI)",
        "publisher": "International Standard Name Identifier (ISNI)",
        "icon": "https://www.isni.org/sites/default/files/isni_new_favicon.ico"
      }
    }
  ]
}